{"id":10413,"date":"2021-06-24T14:54:03","date_gmt":"2021-06-24T12:54:03","guid":{"rendered":"https:\/\/bloganki.pl\/?p=10413"},"modified":"2023-09-08T21:31:19","modified_gmt":"2023-09-08T19:31:19","slug":"lublin-miasto-z-klimatem-ciekawe-miejsca-atrakcje","status":"publish","type":"post","link":"https:\/\/bloganki.pl\/index.php\/2021\/06\/24\/lublin-miasto-z-klimatem-ciekawe-miejsca-atrakcje\/","title":{"rendered":"Lublin miasto z klimatem &#8211; ciekawe miejsca, atrakcje."},"content":{"rendered":"\r\n<p style=\"font-size: 17px;\">&#8222;Kozi Gr\u00f3d&#8221; tak \u017cartobliwie nazywa si\u0119 Lublin. Herbem miasta jest kozio\u0142 skacz\u0105cy na krzew winoro\u015bli. Prawdopodobnie to przedstawienie wyst\u0119powa\u0142o ju\u017c na piecz\u0119ciach miejskich w 1401 roku, Kozio\u0142 i winoro\u015bl by\u0142y atrybutem bogini Wenus, od kt\u00f3rej mia\u0142a wywodzi\u0107 si\u0119 Julia z rodu julia\u0144skiego, wed\u0142ug poda\u0144 Wincentego Kad\u0142ubka &#8211; za\u0142o\u017cyciela miasta.<\/p>\r\n\r\n\r\n\r\n<p style=\"font-size: 17px;\">Czemu wybra\u0142am Lublin ? &#8211; ju\u017c m\u00f3wi\u0119, zafascynowana tw\u00f3rczo\u015bci\u0105 noblisty <strong>Isaaca Bashevis Singera<\/strong> ( kt\u00f3ry urodzi\u0142 si\u0119 w Leoncinie bardzo blisko Leszna, tak tego Leszna w kt\u00f3rym mieszkam) i jego ksi\u0105\u017ck\u0105 <strong>&#8222;Sztukmistrz z Lublina&#8221; <\/strong>postanowi\u0142am przenie\u015b\u0107 si\u0119 do miejsca gdzie Jasza Mazur g\u0142\u00f3wny bohater powie\u015bci szuka\u0142 swojej to\u017csamo\u015bci.<\/p>\r\n\r\n\r\n\r\n<figure class=\"wp-block-image size-large\"><img fetchpriority=\"high\" decoding=\"async\" width=\"1024\" height=\"683\" class=\"wp-image-10417\" src=\"https:\/\/bloganki.pl\/wp-content\/uploads\/2021\/06\/DSC08442-1024x683.jpg\" alt=\"\" srcset=\"https:\/\/bloganki.pl\/wp-content\/uploads\/2021\/06\/DSC08442-1024x683.jpg 1024w, https:\/\/bloganki.pl\/wp-content\/uploads\/2021\/06\/DSC08442-300x200.jpg 300w, https:\/\/bloganki.pl\/wp-content\/uploads\/2021\/06\/DSC08442-768x512.jpg 768w, https:\/\/bloganki.pl\/wp-content\/uploads\/2021\/06\/DSC08442-1140x760.jpg 1140w, https:\/\/bloganki.pl\/wp-content\/uploads\/2021\/06\/DSC08442.jpg 1290w\" sizes=\"(max-width: 1024px) 100vw, 1024px\" \/>\r\n<figcaption><strong>Stare Miasto &#8211; Lublin.<\/strong><\/figcaption>\r\n<\/figure>\r\n\r\n\r\n\r\n<p style=\"font-size: 17px;\">Jasza Mazur, cho\u0107 tylko sztukmistrz, uchodzi\u0142 za maj\u0119tnego i szcz\u0119\u015bliwego cz\u0142owieka &#8211; mia\u0142 wiern\u0105 \u017con\u0119, romans z asystentk\u0105 i kochanki w kilku miastach. Potrafi\u0142 pozyska\u0107 \u017cyczliwo\u015b\u0107 ka\u017cdego, kogo spotka\u0142 i &#8211; przekonany o w\u0142asnej wyj\u0105tkowo\u015bci &#8211; zdawa\u0142 si\u0119 drwi\u0107 z Boga swoich przodk\u00f3w. Powa\u017cnym moralistom, kt\u00f3rzy usi\u0142owali go sprowadzi\u0107 na drog\u0119 cnoty, odpowiada\u0142 zawsze:<\/p>\r\n\r\n\r\n\r\n<blockquote class=\"wp-block-quote has-text-align-center is-style-large is-layout-flow wp-block-quote-is-layout-flow\">\r\n<p>&#8222;Kiedy byli\u015bcie w niebie? Jak wygl\u0105da\u0142 B\u00f3g?&#8221;.<\/p>\r\n<\/blockquote>\r\n\r\n\r\n\r\n<p style=\"font-size: 17px;\">Jednak w pewnym momencie Jasza, nawyk\u0142y do brania wszystkiego w posiadanie jednym gestem, poznaje w Warszawie Emili\u0119 &#8211; pierwsz\u0105 kobiet\u0119, kt\u00f3ra zdaje mu si\u0119 by\u0107 twierdz\u0105 nie do zdobycia. Sztukmistrz zaczyna traci\u0107 rezon i spogl\u0105da\u0107 z innej perspektywy na swoje wal\u0105ce si\u0119 w gruzy \u017cycie.<\/p>\r\n\r\n\r\n\r\n<p style=\"font-size: 17px;\">Wolna od zb\u0119dnej ckliwo\u015bci historia o buncie i akceptacji, o wahaniu poprzedzaj\u0105cym wyb\u00f3r w\u0142a\u015bciwej drogi i o zmaganiach z w\u0142asn\u0105 tradycj\u0105. Singer przekonuje, jak nieodzowne jest stawianie sobie pyta\u0144, nawet je\u015bli nie ma na nie poprawnej odpowiedzi.<\/p>\r\n\r\n\r\n\r\n<figure class=\"wp-block-image size-large\"><img decoding=\"async\" width=\"1024\" height=\"683\" class=\"wp-image-10419\" src=\"https:\/\/bloganki.pl\/wp-content\/uploads\/2021\/06\/DSC08427-1024x683.jpg\" alt=\"\" srcset=\"https:\/\/bloganki.pl\/wp-content\/uploads\/2021\/06\/DSC08427-1024x683.jpg 1024w, https:\/\/bloganki.pl\/wp-content\/uploads\/2021\/06\/DSC08427-300x200.jpg 300w, https:\/\/bloganki.pl\/wp-content\/uploads\/2021\/06\/DSC08427-768x512.jpg 768w, https:\/\/bloganki.pl\/wp-content\/uploads\/2021\/06\/DSC08427-1140x760.jpg 1140w, https:\/\/bloganki.pl\/wp-content\/uploads\/2021\/06\/DSC08427.jpg 1290w\" sizes=\"(max-width: 1024px) 100vw, 1024px\" \/>\r\n<figcaption><strong>Stare Miasto &#8211; Lublin.<\/strong><\/figcaption>\r\n<\/figure>\r\n\r\n\r\n\r\n<blockquote class=\"wp-block-quote has-text-align-center is-style-large is-layout-flow wp-block-quote-is-layout-flow\">\r\n<p>\u201eCzy to mysz? Nie, to perz. Nietoperz? Nie, to mysz\u201d.<\/p>\r\n<\/blockquote>\r\n\r\n\r\n\r\n<p style=\"font-size: 17px;\">\u2013 zastanawiano si\u0119 w \u201eAlicji w Kranie Czar\u00f3w\u201d. Odpowied\u017a przyjdzie sama, gdy spojrzymy w g\u00f3r\u0119 <strong>na ulicy Dominika\u0144skiej<\/strong>.<\/p>\r\n\r\n\r\n\r\n<h2 class=\"has-text-align-center has-text-color wp-block-heading\" style=\"color: #0e5979;\">Jeden dzie\u0144 w Lublinie &#8211; jak go sp\u0119dzi\u0107 ?<\/h2>\r\n\r\n\r\n\r\n<p style=\"font-size: 17px;\">Poci\u0105g IC z Warszawy do Lublina jedzie 2 godziny (cena 2 bilet\u00f3w normalny i ulgowy z Warszawy Centralnej do Lublina i z powrotem na poci\u0105g IC to koszt 100 z\u0142 ). Niedaleko dworca znajduje si\u0119 przystanek autobusowy &#8211; autobusem numer 20 dojedziemy do Muzeum Wsi Lubelskiej ( 12-godzinny bilet na komunikacj\u0119 miejsk\u0105 kosztuje tylko 9 z\u0142, ulgowy 4,50).<\/p>\r\n\r\n\r\n\r\n<h3 class=\"has-text-align-center has-text-color wp-block-heading\" style=\"color: #0e5979;\">Muzeum Wsi Lubelskiej &#8211; podr\u00f3\u017c w przesz\u0142o\u015b\u0107.<\/h3>\r\n<figure id=\"attachment_16978\" aria-describedby=\"caption-attachment-16978\" style=\"width: 900px\" class=\"wp-caption alignnone\"><img decoding=\"async\" class=\"wp-image-16978 size-full\" src=\"https:\/\/bloganki.pl\/wp-content\/uploads\/2021\/07\/DSC08049-1.jpg\" alt=\"\" width=\"900\" height=\"600\" srcset=\"https:\/\/bloganki.pl\/wp-content\/uploads\/2021\/07\/DSC08049-1.jpg 900w, https:\/\/bloganki.pl\/wp-content\/uploads\/2021\/07\/DSC08049-1-300x200.jpg 300w, https:\/\/bloganki.pl\/wp-content\/uploads\/2021\/07\/DSC08049-1-768x512.jpg 768w\" sizes=\"(max-width: 900px) 100vw, 900px\" \/><figcaption id=\"caption-attachment-16978\" class=\"wp-caption-text\">Muzeum Wsi Lubelskiej w Lublinie.<\/figcaption><\/figure>\r\n\r\n\r\n\r\n\r\n\r\n<p style=\"font-size: 17px;\"><strong>Muzeum Wsi Lubelskiej<\/strong> malowniczo<strong> po\u0142o\u017cone w dolinie rzeki Czech\u00f3wki<\/strong>, jest jednym z najwi\u0119kszych skansen\u00f3w w Polsce. Muzealna ekspozycja podzielona zosta\u0142a na sektory odzwierciedlaj\u0105ce zr\u00f3\u017cnicowanie krajobrazowe i etnograficzne Lubelszczyzny: Wy\u017cyna Lubelska, Roztocze, Powi\u015ble, Podlasie, Nadbu\u017ce oraz sektory dworski i miasteczkowy.<\/p>\r\n\r\n\r\n\r\n<p style=\"font-size: 17px;\">Z \u017cyciem dawnej wsi mo\u017cna si\u0119 zetkn\u0105\u0107 odwiedzaj\u0105c Wy\u017cyn\u0119 Lubelsk\u0105 (m.in. <strong>z wiatrakiem z Zygmuntowa<\/strong> \u2013 pierwszym obiektem przeniesionym do lubelskiego skansenu) oraz Roztocze. Na terenie drugiego z wymienionych sektor\u00f3w znajduje si\u0119 ponadto <strong>zabytkowa cerkiew<\/strong> greckokatolicka <strong>z Tarnoszyn<\/strong>a. Centralnym obiektem sektora dworskiego jest po\u0142o\u017cony niemal w sercu muzealnej ekspozycji<strong> XVIII-wieczny dw\u00f3r z \u017byrzyna<\/strong> (z wn\u0119trzem po\u015bwi\u0119conym \u015bredniozamo\u017cnemu ziemia\u0144stwu) otoczony malowniczym ogrodem. Urzekaj\u0105cy pejza\u017c sektor\u00f3w Powi\u015bla i Podlasia zach\u0119ca do spacer\u00f3w i odpoczynku nad wod\u0105. Ca\u0142a muzealna przyroda tworzy harmonijny krajobraz i jest istotnym elementem wzbogacaj\u0105cym ekspozycj\u0119.<\/p>\r\n<figure id=\"attachment_16957\" aria-describedby=\"caption-attachment-16957\" style=\"width: 900px\" class=\"wp-caption alignnone\"><img loading=\"lazy\" decoding=\"async\" class=\"wp-image-16957 size-full\" src=\"https:\/\/bloganki.pl\/wp-content\/uploads\/2021\/07\/DSC08251.jpg\" alt=\"\" width=\"900\" height=\"600\" srcset=\"https:\/\/bloganki.pl\/wp-content\/uploads\/2021\/07\/DSC08251.jpg 900w, https:\/\/bloganki.pl\/wp-content\/uploads\/2021\/07\/DSC08251-300x200.jpg 300w, https:\/\/bloganki.pl\/wp-content\/uploads\/2021\/07\/DSC08251-768x512.jpg 768w\" sizes=\"(max-width: 900px) 100vw, 900px\" \/><figcaption id=\"caption-attachment-16957\" class=\"wp-caption-text\">Muzeum Wsi Lubelskiej w Lublinie.<\/figcaption><\/figure>\r\n\r\n\r\n\r\n\r\n\r\n<p style=\"font-size: 17px;\">\u00a0Muzealna ekspozycja to nie tylko materialny \u015blad po minionych czasach, ale te\u017c historie zwyk\u0142ych ludzi wpisane w odtworzone wn\u0119trza (kt\u00f3re dzi\u0119ki temu cz\u0119sto zyskuj\u0105 niepowtarzalny, indywidualny charakter). Odwiedzaj\u0105c kolejne sektory i obiekty mo\u017cna odnie\u015b\u0107 wra\u017cenie, \u017ce czas stan\u0105\u0142 w miejscu, a wizyta w Muzeum staje si\u0119 okazj\u0105 do wyj\u0105tkowej podr\u00f3\u017cy oraz bliskiego \u2013 wr\u0119cz namacalnego \u2013 spotkania z przesz\u0142o\u015bci\u0105.<\/p>\r\n\r\n\r\n\r\n<ul class=\"wp-block-list\">\r\n<li><strong>Ceny bilet\u00f3w:<\/strong><\/li>\r\n<li><strong>18 z\u0142\u00a0<\/strong>\u00a0\u2013 bilet normalny<\/li>\r\n<li><strong>\u00a0 9 z\u0142<\/strong>\u00a0 \u2013 bilet ulgowy (dla dzieci do lat 7 wst\u0119p wolny)<\/li>\r\n<li><strong>30 z\u0142 \u00a0<\/strong>\u2013 bilet rodzinny*\u00a0 (*za okazaniem: \u201eKarty Du\u017cej Rodziny\u201d, \u201eRegionalnej Karty Du\u017cej Rodziny\u201d, karty \u201eRodzina 3+\u201d.)<\/li>\r\n<li>\r\n<figure id=\"attachment_16962\" aria-describedby=\"caption-attachment-16962\" style=\"width: 900px\" class=\"wp-caption alignnone\"><img loading=\"lazy\" decoding=\"async\" class=\"wp-image-16962 size-full\" src=\"https:\/\/bloganki.pl\/wp-content\/uploads\/2021\/07\/DSC08326.jpg\" alt=\"\" width=\"900\" height=\"600\" srcset=\"https:\/\/bloganki.pl\/wp-content\/uploads\/2021\/07\/DSC08326.jpg 900w, https:\/\/bloganki.pl\/wp-content\/uploads\/2021\/07\/DSC08326-300x200.jpg 300w, https:\/\/bloganki.pl\/wp-content\/uploads\/2021\/07\/DSC08326-768x512.jpg 768w\" sizes=\"(max-width: 900px) 100vw, 900px\" \/><figcaption id=\"caption-attachment-16962\" class=\"wp-caption-text\">Dw\u00f3r z \u017byrzyna &#8211; Muzeum Wsi Lubelskiej.<\/figcaption><\/figure>\r\n<\/li>\r\n<\/ul>\r\n\r\n\r\n\r\n\r\n\r\n<blockquote class=\"wp-block-quote has-text-align-center is-layout-flow wp-block-quote-is-layout-flow\">\r\n<p><strong>Dojazd<\/strong>: autobusami komunikacji miejskiej nr 18, 20, 30, 37<\/p>\r\n<\/blockquote>\r\n\r\n\r\n\r\n<h3 class=\"has-text-align-center has-text-color wp-block-heading\" style=\"color: #0e5979;\">Plac Litewski cudowne miejsce w sam raz na odpoczynek &#8211; Lublin.<\/h3>\r\n\r\n\r\n\r\n<figure class=\"wp-block-image size-large\"><img loading=\"lazy\" decoding=\"async\" width=\"1024\" height=\"683\" class=\"wp-image-10466\" src=\"https:\/\/bloganki.pl\/wp-content\/uploads\/2021\/06\/DSC08366-1024x683.jpg\" alt=\"\" srcset=\"https:\/\/bloganki.pl\/wp-content\/uploads\/2021\/06\/DSC08366-1024x683.jpg 1024w, https:\/\/bloganki.pl\/wp-content\/uploads\/2021\/06\/DSC08366-300x200.jpg 300w, https:\/\/bloganki.pl\/wp-content\/uploads\/2021\/06\/DSC08366-768x512.jpg 768w, https:\/\/bloganki.pl\/wp-content\/uploads\/2021\/06\/DSC08366-1140x760.jpg 1140w, https:\/\/bloganki.pl\/wp-content\/uploads\/2021\/06\/DSC08366.jpg 1290w\" sizes=\"(max-width: 1024px) 100vw, 1024px\" \/>\r\n<figcaption><strong>Fontanna Multimedialna &#8211; Plac Litewski w Lublinie.<\/strong><\/figcaption>\r\n<\/figure>\r\n\r\n\r\n\r\n<p style=\"font-size: 17px;\"><strong>Plac Litewski<\/strong>\u00a0to najwi\u0119kszy i najbardziej reprezentacyjny plac Lublina. Odbywaj\u0105 si\u0119 tu parady i najwa\u017cniejsze uroczysto\u015bci pa\u0144stwowe. Jest to te\u017c jedno z ulubionych miejsc spotka\u0144 lublinian.<\/p>\r\n\r\n\r\n\r\n<p style=\"font-size: 17px;\">Wed\u0142ug poda\u0144 w tym miejscu obozowali Litwini, kt\u00f3rzy przybyli do Lublina na obrady sejmu, zako\u0144czonego podpisaniem\u00a0<strong>Unii Polsko-Litewskiej<\/strong>\u00a0w 1569 roku. To jedno z najwa\u017cniejszych wydarze\u0144 w historii Polski upami\u0119tnia okaza\u0142y<strong>\u00a0pomnik<\/strong>\u00a0w kszta\u0142cie obelisku.<\/p>\r\n\r\n\r\n\r\n<p style=\"font-size: 17px;\">Atrakcj\u0105 placu Litewskiego s\u0105 pi\u0119kne\u00a0<strong>fontanny<\/strong>\u00a0pod\u015bwietlane wieczorami. W sezonie letnim odbywaj\u0105 si\u0119 tam\u00a0<strong>pokazy multimedialne<\/strong>, podczas kt\u00f3rych na kurtynie wodnej prezentowane s\u0105 kilkuminutowe filmy dotycz\u0105ce historii miasta lub atrakcji kulturalnych.\u00a0<\/p>\r\n\r\n\r\n\r\n<figure class=\"wp-block-image size-large\"><img loading=\"lazy\" decoding=\"async\" width=\"1024\" height=\"683\" class=\"wp-image-10467\" src=\"https:\/\/bloganki.pl\/wp-content\/uploads\/2021\/06\/DSC08369-1024x683.jpg\" alt=\"\" srcset=\"https:\/\/bloganki.pl\/wp-content\/uploads\/2021\/06\/DSC08369-1024x683.jpg 1024w, https:\/\/bloganki.pl\/wp-content\/uploads\/2021\/06\/DSC08369-300x200.jpg 300w, https:\/\/bloganki.pl\/wp-content\/uploads\/2021\/06\/DSC08369-768x512.jpg 768w, https:\/\/bloganki.pl\/wp-content\/uploads\/2021\/06\/DSC08369-1140x760.jpg 1140w, https:\/\/bloganki.pl\/wp-content\/uploads\/2021\/06\/DSC08369.jpg 1290w\" sizes=\"(max-width: 1024px) 100vw, 1024px\" \/>\r\n<figcaption><strong>Kozio\u0142kowy plac zabaw &#8211; Lublin Plac Litewski.<\/strong><\/figcaption>\r\n<\/figure>\r\n\r\n\r\n\r\n<figure class=\"wp-block-image size-large\"><img loading=\"lazy\" decoding=\"async\" width=\"1024\" height=\"683\" class=\"wp-image-10468\" src=\"https:\/\/bloganki.pl\/wp-content\/uploads\/2021\/06\/DSC08372-1024x683.jpg\" alt=\"\" srcset=\"https:\/\/bloganki.pl\/wp-content\/uploads\/2021\/06\/DSC08372-1024x683.jpg 1024w, https:\/\/bloganki.pl\/wp-content\/uploads\/2021\/06\/DSC08372-300x200.jpg 300w, https:\/\/bloganki.pl\/wp-content\/uploads\/2021\/06\/DSC08372-768x512.jpg 768w, https:\/\/bloganki.pl\/wp-content\/uploads\/2021\/06\/DSC08372-1140x760.jpg 1140w, https:\/\/bloganki.pl\/wp-content\/uploads\/2021\/06\/DSC08372.jpg 1290w\" sizes=\"(max-width: 1024px) 100vw, 1024px\" \/>\r\n<figcaption><strong>Park &#8211; Plac Litewski w Lublinie.<\/strong><\/figcaption>\r\n<\/figure>\r\n\r\n\r\n\r\n<p style=\"font-size: 17px;\">Na Placu Litewskim odnajdziemy tak\u017ce\u00a0<strong>pomniki: Marsza\u0142ka J\u00f3zefa Pi\u0142sudskiego, Nieznanego \u017bo\u0142nierza<\/strong>\u00a0oraz<strong>\u00a0Konstytucji 3 Maja<\/strong>. Znajduj\u0105ce si\u0119 w p\u00f3\u0142nocnej cz\u0119\u015bci placu budynki to dawne\u00a0<strong>pa\u0142ace: Czartoryskich, Lubomirskich<\/strong>\u00a0oraz\u00a0<strong>Rz\u0105du Gubernialnego<\/strong>. Po przeciwnej stronie usytuowany jest okaza\u0142y\u00a0<strong>gmach Poczty G\u0142\u00f3wnej<\/strong>, zawdzi\u0119czaj\u0105cy sw\u00f3j obecny wygl\u0105d przebudowie w 1921 roku.<\/p>\r\n\r\n\r\n\r\n<figure class=\"wp-block-image size-large\"><img loading=\"lazy\" decoding=\"async\" width=\"1024\" height=\"683\" class=\"wp-image-10470\" src=\"https:\/\/bloganki.pl\/wp-content\/uploads\/2021\/06\/DSC08371-1024x683.jpg\" alt=\"\" srcset=\"https:\/\/bloganki.pl\/wp-content\/uploads\/2021\/06\/DSC08371-1024x683.jpg 1024w, https:\/\/bloganki.pl\/wp-content\/uploads\/2021\/06\/DSC08371-300x200.jpg 300w, https:\/\/bloganki.pl\/wp-content\/uploads\/2021\/06\/DSC08371-768x512.jpg 768w, https:\/\/bloganki.pl\/wp-content\/uploads\/2021\/06\/DSC08371-1140x760.jpg 1140w, https:\/\/bloganki.pl\/wp-content\/uploads\/2021\/06\/DSC08371.jpg 1290w\" sizes=\"(max-width: 1024px) 100vw, 1024px\" \/>\r\n<figcaption><strong>Plac Litewski w Lublinie.<\/strong><\/figcaption>\r\n<\/figure>\r\n\r\n\r\n\r\n<h3 class=\"has-text-align-center has-text-color wp-block-heading\" style=\"color: #0e5979;\">Stare Miasto &#8211; najwi\u0119kszy skarb Lublina.<\/h3>\r\n\r\n\r\n\r\n<figure class=\"wp-block-image size-large\"><img loading=\"lazy\" decoding=\"async\" width=\"1024\" height=\"683\" class=\"wp-image-10438\" src=\"https:\/\/bloganki.pl\/wp-content\/uploads\/2021\/06\/DSC08405-1024x683.jpg\" alt=\"\" srcset=\"https:\/\/bloganki.pl\/wp-content\/uploads\/2021\/06\/DSC08405-1024x683.jpg 1024w, https:\/\/bloganki.pl\/wp-content\/uploads\/2021\/06\/DSC08405-300x200.jpg 300w, https:\/\/bloganki.pl\/wp-content\/uploads\/2021\/06\/DSC08405-768x512.jpg 768w, https:\/\/bloganki.pl\/wp-content\/uploads\/2021\/06\/DSC08405-1140x760.jpg 1140w, https:\/\/bloganki.pl\/wp-content\/uploads\/2021\/06\/DSC08405.jpg 1290w\" sizes=\"(max-width: 1024px) 100vw, 1024px\" \/>\r\n<figcaption><strong>Stare Miasto &#8211; Lublin.<\/strong><\/figcaption>\r\n<\/figure>\r\n\r\n\r\n\r\n<p style=\"font-size: 17px;\">Granice dzisiejszej dzielnicy <strong>Stare Miasto<\/strong> zamykaj\u0105 si\u0119 w obr\u0119bie mur\u00f3w obronnych wzniesionych w drugiej po\u0142owie XIV w. Wzmocnione by\u0142y basztami i bramami: Krakowsk\u0105 i Grodzk\u0105. Uk\u0142ad ulic w obr\u0119bie mur\u00f3w do dzi\u015b pozosta\u0142 prawie niezmieniony. <strong>Stare Miasto le\u017cy na wzg\u00f3rzu staromiejskim &#8211; jest pl\u0105tanin\u0105 niezgrabnych uliczek.<\/strong> Zabudowa centralnej cz\u0119\u015bci miasta wielokrotnie ulega\u0142a zniszczeniom i po\u017carom. Nie ma ju\u017c \u015bladu ani gotyckich czerwonych cegie\u0142, ani bogato dekorowanych renesansowych fasad kamienic. Dominuj\u0105 za to klasyczne, surowe oblicza dom\u00f3w.<\/p>\r\n\r\n\r\n\r\n<figure class=\"wp-block-image size-large\"><img loading=\"lazy\" decoding=\"async\" width=\"1024\" height=\"683\" class=\"wp-image-10443\" src=\"https:\/\/bloganki.pl\/wp-content\/uploads\/2021\/06\/DSC08408-1024x683.jpg\" alt=\"\" srcset=\"https:\/\/bloganki.pl\/wp-content\/uploads\/2021\/06\/DSC08408-1024x683.jpg 1024w, https:\/\/bloganki.pl\/wp-content\/uploads\/2021\/06\/DSC08408-300x200.jpg 300w, https:\/\/bloganki.pl\/wp-content\/uploads\/2021\/06\/DSC08408-768x512.jpg 768w, https:\/\/bloganki.pl\/wp-content\/uploads\/2021\/06\/DSC08408-1140x760.jpg 1140w, https:\/\/bloganki.pl\/wp-content\/uploads\/2021\/06\/DSC08408.jpg 1290w\" sizes=\"(max-width: 1024px) 100vw, 1024px\" \/>\r\n<figcaption><strong>Kamienice na Rynku w Lublinie.<\/strong><\/figcaption>\r\n<\/figure>\r\n\r\n\r\n\r\n<figure class=\"wp-block-image size-large\"><img loading=\"lazy\" decoding=\"async\" width=\"1024\" height=\"683\" class=\"wp-image-10480\" src=\"https:\/\/bloganki.pl\/wp-content\/uploads\/2021\/06\/DSC08387-1024x683.jpg\" alt=\"\" srcset=\"https:\/\/bloganki.pl\/wp-content\/uploads\/2021\/06\/DSC08387-1024x683.jpg 1024w, https:\/\/bloganki.pl\/wp-content\/uploads\/2021\/06\/DSC08387-300x200.jpg 300w, https:\/\/bloganki.pl\/wp-content\/uploads\/2021\/06\/DSC08387-768x512.jpg 768w, https:\/\/bloganki.pl\/wp-content\/uploads\/2021\/06\/DSC08387-1140x760.jpg 1140w, https:\/\/bloganki.pl\/wp-content\/uploads\/2021\/06\/DSC08387.jpg 1290w\" sizes=\"(max-width: 1024px) 100vw, 1024px\" \/>\r\n<figcaption><strong>Kamienice na Rynku w Lublinie.<\/strong><\/figcaption>\r\n<\/figure>\r\n\r\n\r\n\r\n<figure class=\"wp-block-image size-large\"><img loading=\"lazy\" decoding=\"async\" width=\"1024\" height=\"683\" class=\"wp-image-10491\" src=\"https:\/\/bloganki.pl\/wp-content\/uploads\/2021\/06\/DSC08423-1024x683.jpg\" alt=\"\" srcset=\"https:\/\/bloganki.pl\/wp-content\/uploads\/2021\/06\/DSC08423-1024x683.jpg 1024w, https:\/\/bloganki.pl\/wp-content\/uploads\/2021\/06\/DSC08423-300x200.jpg 300w, https:\/\/bloganki.pl\/wp-content\/uploads\/2021\/06\/DSC08423-768x512.jpg 768w, https:\/\/bloganki.pl\/wp-content\/uploads\/2021\/06\/DSC08423-1140x760.jpg 1140w, https:\/\/bloganki.pl\/wp-content\/uploads\/2021\/06\/DSC08423.jpg 1290w\" sizes=\"(max-width: 1024px) 100vw, 1024px\" \/>\r\n<figcaption><strong>Kamienice na Rynku w Lublinie.<\/strong><\/figcaption>\r\n<\/figure>\r\n\r\n\r\n\r\n<p style=\"font-size: 17px;\">Wydawa\u0107 by si\u0119 mog\u0142o, \u017ce przy skali zniszczenia jakie w czasie wojny dotkn\u0119\u0142o lubelskie miasto \u017cydowskie, ale te\u017c i ca\u0142y Lublin nie mo\u017cna ju\u017c odnale\u017a\u0107 nic co by\u0142oby jakim\u015b znacz\u0105cym materialnym \u015bladem \u017cycia, przedwojennego polsko-\u017cydowskiego miasta. I oto po latach, z ciemnej kryj\u00f3wki zrobionej na strychu jednego z lubelskich dom\u00f3w przychodz\u0105 do nas jak duchy twarze mieszka\u0144c\u00f3w utrwalone na szklanych negatywach. Si\u0142\u0105 tych zdj\u0119\u0107, zrobionych jeszcze zanim wybuch\u0142a wojna, s\u0105 w\u0142a\u015bnie te twarze, sfotografowane z niezwyk\u0142\u0105 wr\u0119cz ostro\u015bci\u0105. Ca\u0142a ta kolekcja trafi\u0142a do O\u015brodka \u201eBrama Grodzka \u2013 Teatr NN\u201d dok\u0142adnie w czasie gdy prowadzonych jest szereg dzia\u0142a\u0144 upami\u0119tniaj\u0105cych 70-t\u0105 rocznic\u0119 zag\u0142ady lubelskich \u017byd\u00f3w.<\/p>\r\n\r\n\r\n\r\n<p id=\"zawartosc-kolekcji\" style=\"font-size: 17px;\"><strong>Kolekcja szklanych negatyw\u00f3w odnaleziona w 2010 roku w kamienicy przy Rynku 4<\/strong> sk\u0142ada si\u0119 z\u00a0<strong>ponad 2700 negatyw\u00f3w w r\u00f3\u017cnych formatach &#8211; od 6x9cm do 13x18cm<\/strong>. Fotografie zosta\u0142y\u00a0<strong>wykonane pomi\u0119dzy 1914 a 1939 rokiem<\/strong>. Kolekcja zosta\u0142a odnaleziona w trakcie porz\u0105dkowania i wykonywania bada\u0144 architektonicznych, poprzedzaj\u0105cych prace remontowo-adaptacyjne w kamienicy.\u00a0<strong>Zabezpieczenie, a nast\u0119pnie odczyszczenie, posegregowanie i zeskanowanie negatyw\u00f3w zosta\u0142o przeprowadzone przez Krzysztofa Janusa<\/strong>\u00a0prowadz\u0105cego nadz\u00f3r budowlany w obiekcie. W 2012 roku w\u0142a\u015bciciele obiektu, gdzie zosta\u0142y odnalezione negatywy przekazali kolekcj\u0119 O\u015brodkowi \u201cBrama Grodzka &#8211; Teatr NN\u201d w dziesi\u0119cioletni depozyt. Obecnie pod adresem Rynek 4 znajduje si\u0119 restauracja Trybunalska City Pub.<\/p>\r\n\r\n\r\n\r\n<figure class=\"wp-block-image size-large\"><img loading=\"lazy\" decoding=\"async\" width=\"1024\" height=\"683\" class=\"wp-image-10490\" src=\"https:\/\/bloganki.pl\/wp-content\/uploads\/2021\/06\/DSC08422-1024x683.jpg\" alt=\"\" srcset=\"https:\/\/bloganki.pl\/wp-content\/uploads\/2021\/06\/DSC08422-1024x683.jpg 1024w, https:\/\/bloganki.pl\/wp-content\/uploads\/2021\/06\/DSC08422-300x200.jpg 300w, https:\/\/bloganki.pl\/wp-content\/uploads\/2021\/06\/DSC08422-768x512.jpg 768w, https:\/\/bloganki.pl\/wp-content\/uploads\/2021\/06\/DSC08422-1140x760.jpg 1140w, https:\/\/bloganki.pl\/wp-content\/uploads\/2021\/06\/DSC08422.jpg 1290w\" sizes=\"(max-width: 1024px) 100vw, 1024px\" \/>\r\n<figcaption><strong>Kamienice na Rynku w Lublinie.<\/strong><\/figcaption>\r\n<\/figure>\r\n\r\n\r\n\r\n<p style=\"font-size: 17px;\">Na Starym Mie\u015bcie nie brakuje klimatycznych knajpek i bar\u00f3w.<\/p>\r\n\r\n\r\n\r\n<figure class=\"wp-block-image size-large\"><img loading=\"lazy\" decoding=\"async\" width=\"1024\" height=\"683\" class=\"wp-image-10442\" src=\"https:\/\/bloganki.pl\/wp-content\/uploads\/2021\/06\/DSC08397-1024x683.jpg\" alt=\"\" srcset=\"https:\/\/bloganki.pl\/wp-content\/uploads\/2021\/06\/DSC08397-1024x683.jpg 1024w, https:\/\/bloganki.pl\/wp-content\/uploads\/2021\/06\/DSC08397-300x200.jpg 300w, https:\/\/bloganki.pl\/wp-content\/uploads\/2021\/06\/DSC08397-768x512.jpg 768w, https:\/\/bloganki.pl\/wp-content\/uploads\/2021\/06\/DSC08397-1140x760.jpg 1140w, https:\/\/bloganki.pl\/wp-content\/uploads\/2021\/06\/DSC08397.jpg 1290w\" sizes=\"(max-width: 1024px) 100vw, 1024px\" \/>\r\n<figcaption><strong>Kamienice na Rynku w Lublinie.<\/strong><\/figcaption>\r\n<\/figure>\r\n\r\n\r\n\r\n<h3 class=\"has-text-align-center has-text-color wp-block-heading\" style=\"color: #0e5979;\">Zau\u0142ek Hartwig\u00f3w &#8211; Lublin.<\/h3>\r\n\r\n\r\n\r\n<figure class=\"wp-block-image size-large\"><img loading=\"lazy\" decoding=\"async\" width=\"1024\" height=\"683\" class=\"wp-image-10446\" src=\"https:\/\/bloganki.pl\/wp-content\/uploads\/2021\/06\/DSC08507-1024x683.jpg\" alt=\"\" srcset=\"https:\/\/bloganki.pl\/wp-content\/uploads\/2021\/06\/DSC08507-1024x683.jpg 1024w, https:\/\/bloganki.pl\/wp-content\/uploads\/2021\/06\/DSC08507-300x200.jpg 300w, https:\/\/bloganki.pl\/wp-content\/uploads\/2021\/06\/DSC08507-768x512.jpg 768w, https:\/\/bloganki.pl\/wp-content\/uploads\/2021\/06\/DSC08507-1140x760.jpg 1140w, https:\/\/bloganki.pl\/wp-content\/uploads\/2021\/06\/DSC08507.jpg 1290w\" sizes=\"(max-width: 1024px) 100vw, 1024px\" \/>\r\n<figcaption><strong>Zau\u0142ek Hartwig\u00f3w &#8211; Lublin.<\/strong><\/figcaption>\r\n<\/figure>\r\n\r\n\r\n\r\n<blockquote class=\"wp-block-quote has-text-align-center is-layout-flow wp-block-quote-is-layout-flow\">\r\n<p>Zau\u0142ek Hartwig\u00f3w to dawne przed\u0142u\u017cenie ulicy Rybnej. Obecnie w tym miejscu znajduj\u0105 si\u0119 schody \u0142\u0105cz\u0105ce plac Rybny z ulic\u0105 Kowalsk\u0105.<\/p>\r\n<\/blockquote>\r\n\r\n\r\n\r\n<figure class=\"wp-block-image size-large\"><img loading=\"lazy\" decoding=\"async\" width=\"1024\" height=\"683\" class=\"wp-image-10449\" src=\"https:\/\/bloganki.pl\/wp-content\/uploads\/2021\/06\/DSC08511-1024x683.jpg\" alt=\"\" srcset=\"https:\/\/bloganki.pl\/wp-content\/uploads\/2021\/06\/DSC08511-1024x683.jpg 1024w, https:\/\/bloganki.pl\/wp-content\/uploads\/2021\/06\/DSC08511-300x200.jpg 300w, https:\/\/bloganki.pl\/wp-content\/uploads\/2021\/06\/DSC08511-768x512.jpg 768w, https:\/\/bloganki.pl\/wp-content\/uploads\/2021\/06\/DSC08511-1140x760.jpg 1140w, https:\/\/bloganki.pl\/wp-content\/uploads\/2021\/06\/DSC08511.jpg 1290w\" sizes=\"(max-width: 1024px) 100vw, 1024px\" \/>\r\n<figcaption><strong>Zau\u0142ek Hartwig\u00f3w &#8211; Lublin.<\/strong><\/figcaption>\r\n<\/figure>\r\n\r\n\r\n\r\n<p style=\"font-size: 17px;\">W <strong>Zau\u0142ku Hartwig\u00f3w \u00a0<\/strong>znajduj\u0105 si\u0119 tu zbudowane w 1874 roku schody <strong>\u0142\u0105cz\u0105ce ulice Kowalsk\u0105 i plac Rybny.<\/strong> W 2004 roku z inicjatywy O\u015brodka \u201eBrama Grodzka \u2013 Teatr NN\u201d miejsce to zosta\u0142o nazwane Zau\u0142kiem Hartwig\u00f3w w celu upami\u0119tnienia jednej z najwa\u017cniejszych lubelskich rodzin. Wyb\u00f3r ten nie by\u0142 przypadkowy \u2013 miejsce by\u0142o wielokrotnie fotografowane przez Edwarda Hartwiga. Nic dziwnego, \u017ce wzd\u0142u\u017c schod\u00f3w prezentowane s\u0105 reprodukcje starych fotografii.<\/p>\r\n\r\n\r\n\r\n<blockquote class=\"wp-block-quote has-text-align-center is-layout-flow wp-block-quote-is-layout-flow\">\r\n<p>&#8222;(&#8230;) by\u0142a na Starym Mie\u015bcie Psia G\u00f3rka &#8211; w tej chwili s\u0105 tam schody prowadz\u0105ce do ulicy Kowalskiej [Zau\u0142ek Hartwig\u00f3w]. Na tej Psiej G\u00f3rce by\u0142a wyprzeda\u017c starzyzny. W\u015br\u00f3d tej starzyzny mo\u017cna by\u0142o kupi\u0107 r\u00f3\u017cne przyzwoite rzeczy&#8221;.<\/p>\r\n<cite>Bronowice mi\u0119dzywojenne &#8211; Alicja Morawiecka &#8211; fragment relacji \u015bwiadka historii.<\/cite><\/blockquote>\r\n\r\n\r\n\r\n<figure class=\"wp-block-image size-large\"><img loading=\"lazy\" decoding=\"async\" width=\"1024\" height=\"683\" class=\"wp-image-10450\" src=\"https:\/\/bloganki.pl\/wp-content\/uploads\/2021\/06\/DSC08523-1024x683.jpg\" alt=\"\" srcset=\"https:\/\/bloganki.pl\/wp-content\/uploads\/2021\/06\/DSC08523-1024x683.jpg 1024w, https:\/\/bloganki.pl\/wp-content\/uploads\/2021\/06\/DSC08523-300x200.jpg 300w, https:\/\/bloganki.pl\/wp-content\/uploads\/2021\/06\/DSC08523-768x512.jpg 768w, https:\/\/bloganki.pl\/wp-content\/uploads\/2021\/06\/DSC08523-1140x760.jpg 1140w, https:\/\/bloganki.pl\/wp-content\/uploads\/2021\/06\/DSC08523.jpg 1290w\" sizes=\"(max-width: 1024px) 100vw, 1024px\" \/>\r\n<figcaption><strong>Zau\u0142ek Hartwig\u00f3w &#8211; Lublin.<\/strong><\/figcaption>\r\n<\/figure>\r\n\r\n\r\n\r\n<blockquote class=\"wp-block-quote has-text-align-center is-style-default is-layout-flow wp-block-quote-is-layout-flow\">\r\n<p>&#8222;Nie mo\u017cemy si\u0119 skar\u017cy\u0107 na zapomnienie lub brak uznania. Ale z pewno\u015bci\u0105 najpi\u0119kniejsza jest ta chwila, kiedy satysfakcji udzielaj\u0105 nam ludzie zwi\u0105zani z tym, co nam bliskie, z naszym rodzinnym miastem. Dlatego z tak\u0105 rado\u015bci\u0105 ca\u0142a nasza rodzina przyj\u0119\u0142a ten dar, jakim by\u0142o nazwanie Zau\u0142ka Hartwig\u00f3w w Lublinie&#8221;.<\/p>\r\n<cite> <\/cite><\/blockquote>\r\n\r\n\r\n\r\n<p class=\"has-text-align-right\">Julia Hartwig,\u00a0<em>Rado\u015b\u0107 z Zau\u0142ka<\/em><\/p>\r\n\r\n\r\n\r\n<figure class=\"wp-block-image size-large\"><img loading=\"lazy\" decoding=\"async\" width=\"1024\" height=\"683\" class=\"wp-image-10448\" src=\"https:\/\/bloganki.pl\/wp-content\/uploads\/2021\/06\/DSC08510-1024x683.jpg\" alt=\"\" srcset=\"https:\/\/bloganki.pl\/wp-content\/uploads\/2021\/06\/DSC08510-1024x683.jpg 1024w, https:\/\/bloganki.pl\/wp-content\/uploads\/2021\/06\/DSC08510-300x200.jpg 300w, https:\/\/bloganki.pl\/wp-content\/uploads\/2021\/06\/DSC08510-768x512.jpg 768w, https:\/\/bloganki.pl\/wp-content\/uploads\/2021\/06\/DSC08510-1140x760.jpg 1140w, https:\/\/bloganki.pl\/wp-content\/uploads\/2021\/06\/DSC08510.jpg 1290w\" sizes=\"(max-width: 1024px) 100vw, 1024px\" \/>\r\n<figcaption><strong>Zau\u0142ek Hartwig\u00f3w &#8211; Lublin.<\/strong><\/figcaption>\r\n<\/figure>\r\n\r\n\r\n\r\n<div class=\"wp-block-group\">\r\n<div class=\"wp-block-group__inner-container is-layout-flow wp-block-group-is-layout-flow\">\r\n<p class=\"has-text-align-center\" style=\"font-size: 17px;\">&#8222;<em>By\u0142o nas pi\u0119cioro<\/em><\/p>\r\n\r\n\r\n\r\n<p class=\"has-text-align-center\" style=\"font-size: 17px;\"><em>Sk\u0105d przysz\u0142o do g\u0142owy rodzicom \u017ceby rodzi\u0107 tyle dzieci?<\/em><\/p>\r\n\r\n\r\n\r\n<p class=\"has-text-align-center\" style=\"font-size: 17px;\"><em>Nazwiska trojga znalaz\u0142y si\u0119 w encyklopedii<\/em><\/p>\r\n\r\n\r\n\r\n<p class=\"has-text-align-center\" style=\"font-size: 17px;\"><em>Nie ma jednak pewno\u015bci czy nie znikn\u0105 w jej nast\u0119pnych wydaniach <\/em><\/p>\r\n\r\n\r\n\r\n<p class=\"has-text-align-center\" style=\"font-size: 17px;\"><em>ust\u0119puj\u0105c miejsca komu\u015b wa\u017cniejszemu<\/em><\/p>\r\n\r\n\r\n\r\n<p class=\"has-text-align-center\" style=\"font-size: 17px;\"><em>Je\u015bli jednak same talenty oka\u017c\u0105 si\u0119 ma\u0142o trwa\u0142e<\/em><\/p>\r\n\r\n\r\n\r\n<p class=\"has-text-align-center\" style=\"font-size: 17px;\"><em>by\u0107 mo\u017ce pozostanie co\u015b co kiedy\u015b<\/em><\/p>\r\n\r\n\r\n\r\n<p class=\"has-text-align-center\" style=\"font-size: 17px;\"><em>zapewnia\u0142o dobre imi\u0119: przyzwoito\u015b\u0107<\/em><\/p>\r\n\r\n\r\n\r\n<p class=\"has-text-align-center\" style=\"font-size: 17px;\"><em>\u201ebonne souche\u201d m\u00f3wi\u0105 Francuzi<\/em><\/p>\r\n\r\n\r\n\r\n<p class=\"has-text-align-center\" style=\"font-size: 17px;\"><em>a idzie po prostu o mniej wi\u0119cej czyste rachunki<\/em> &#8222;.<\/p>\r\n<\/div>\r\n<\/div>\r\n\r\n\r\n\r\n<p class=\"has-text-align-right\" style=\"font-size: 15px;\">Niepotrzebne skre\u015bli\u0107 &#8211; fragment wiersza Julii Hartwig.<\/p>\r\n\r\n\r\n\r\n<figure class=\"wp-block-image size-large\"><img loading=\"lazy\" decoding=\"async\" width=\"1024\" height=\"683\" class=\"wp-image-10451\" src=\"https:\/\/bloganki.pl\/wp-content\/uploads\/2021\/06\/DSC08521-1024x683.jpg\" alt=\"\" srcset=\"https:\/\/bloganki.pl\/wp-content\/uploads\/2021\/06\/DSC08521-1024x683.jpg 1024w, https:\/\/bloganki.pl\/wp-content\/uploads\/2021\/06\/DSC08521-300x200.jpg 300w, https:\/\/bloganki.pl\/wp-content\/uploads\/2021\/06\/DSC08521-768x512.jpg 768w, https:\/\/bloganki.pl\/wp-content\/uploads\/2021\/06\/DSC08521-1140x760.jpg 1140w, https:\/\/bloganki.pl\/wp-content\/uploads\/2021\/06\/DSC08521.jpg 1290w\" sizes=\"(max-width: 1024px) 100vw, 1024px\" \/>\r\n<figcaption><strong>Zau\u0142ek Hartwig\u00f3w &#8211; Lublin.<\/strong><\/figcaption>\r\n<\/figure>\r\n\r\n\r\n\r\n<h3 class=\"has-text-align-center has-text-color wp-block-heading\" style=\"color: #0e5979;\">Latarnia Pami\u0119ci &#8211; Stare Miasto.<\/h3>\r\n\r\n\r\n\r\n<figure class=\"wp-block-image size-large\"><img loading=\"lazy\" decoding=\"async\" width=\"1024\" height=\"683\" class=\"wp-image-10493\" src=\"https:\/\/bloganki.pl\/wp-content\/uploads\/2021\/06\/DSC08498-1024x683.jpg\" alt=\"\" srcset=\"https:\/\/bloganki.pl\/wp-content\/uploads\/2021\/06\/DSC08498-1024x683.jpg 1024w, https:\/\/bloganki.pl\/wp-content\/uploads\/2021\/06\/DSC08498-300x200.jpg 300w, https:\/\/bloganki.pl\/wp-content\/uploads\/2021\/06\/DSC08498-768x512.jpg 768w, https:\/\/bloganki.pl\/wp-content\/uploads\/2021\/06\/DSC08498-1140x760.jpg 1140w, https:\/\/bloganki.pl\/wp-content\/uploads\/2021\/06\/DSC08498.jpg 1290w\" sizes=\"(max-width: 1024px) 100vw, 1024px\" \/>\r\n<figcaption><strong>Latarnia Pami\u0119ci &#8211; Stare Miasto.<\/strong><\/figcaption>\r\n<\/figure>\r\n\r\n\r\n\r\n<p style=\"font-size: 17px;\"><strong>Latarnia Pami\u0119ci<\/strong> stoi w miejscu, gdzie przed wojn\u0105 znajdowa\u0142o si\u0119 skrzy\u017cowanie ulic Krawieckiej i Podwale. Zapalona w 2004 roku lampa, niegasn\u0105ca ani w dzie\u0144, ani w nocy, ma bezpo\u015bredni zwi\u0105zek z przeprowadzonym tu dwukrotnie misterium pami\u0119ci\u00a0<q>Poemat o miejscu<\/q>. Misterium odby\u0142o si\u0119 w 2002 roku i zosta\u0142o powt\u00f3rzone w 2004 roku na terenie dawnej dzielnicy \u017cydowskiej, w nocy, przy zgaszonym \u015bwietle. Jego ide\u0105 by\u0142o pokazanie, \u017ce zapomniana i niechciana przesz\u0142o\u015b\u0107 zawsze do nas powraca \u2013 nawet wtedy, gdy przykryta jest betonow\u0105 skorup\u0105. Przy realizacji misterium zosta\u0142y wykorzystane znajduj\u0105ce si\u0119 na tym terenie studzienki kanalizacyjne. Po otwarciu w\u0142o\u017cono do nich reflektory, kt\u00f3re za\u015bwiecono w trakcie misterium. To zapalone \u015bwiat\u0142o reflektor\u00f3w, wychodz\u0105ce spod betonowej powierzchni parkingu, sta\u0142o si\u0119 symbolem powracaj\u0105cej pami\u0119ci. Na zako\u0144czenie misterium zapalona zosta\u0142a jedyna ocalona na tym terenie przedwojenna lampa uliczna. Dzi\u0119ki temu, w spos\u00f3b symboliczny, \u015bwiat\u0142o, kt\u00f3re przebi\u0142o betonow\u0105 skorup\u0119 parkingu, zosta\u0142o z nami.<\/p>\r\n\r\n\r\n\r\n<blockquote class=\"wp-block-quote is-layout-flow wp-block-quote-is-layout-flow\">\r\n<p>Zapalona latarnia niczym synagogalny\u00a0<q>ner tamid<\/q>\u00a0(hebr. wieczne \u015bwiat\u0142o) nie ga\u015bnie. \u015awiec\u0105c przez ca\u0142\u0105 dob\u0119, przypomina o \u017cydowskim mie\u015bcie i jego mieszka\u0144cach. Jest \u015bwiadectwem naszej pami\u0119ci o \u015bwiecie, kt\u00f3rego ju\u017c nie ma.<\/p>\r\n<\/blockquote>\r\n\r\n\r\n\r\n<h3 class=\"has-text-align-center has-text-color wp-block-heading\" style=\"color: #0e5979;\">Kamie\u0144 nieszcz\u0119\u015bcia &#8211; Stare Miasto.<\/h3>\r\n\r\n\r\n\r\n<figure class=\"wp-block-image size-large\"><img loading=\"lazy\" decoding=\"async\" width=\"1024\" height=\"683\" class=\"wp-image-10477\" src=\"https:\/\/bloganki.pl\/wp-content\/uploads\/2021\/06\/DSC08481-1024x683.jpg\" alt=\"\" srcset=\"https:\/\/bloganki.pl\/wp-content\/uploads\/2021\/06\/DSC08481-1024x683.jpg 1024w, https:\/\/bloganki.pl\/wp-content\/uploads\/2021\/06\/DSC08481-300x200.jpg 300w, https:\/\/bloganki.pl\/wp-content\/uploads\/2021\/06\/DSC08481-768x512.jpg 768w, https:\/\/bloganki.pl\/wp-content\/uploads\/2021\/06\/DSC08481-1140x760.jpg 1140w, https:\/\/bloganki.pl\/wp-content\/uploads\/2021\/06\/DSC08481.jpg 1290w\" sizes=\"(max-width: 1024px) 100vw, 1024px\" \/>\r\n<figcaption><strong>Kamie\u0144 nieszcz\u0119\u015bcia &#8211; Stare Miasto.<\/strong><\/figcaption>\r\n<\/figure>\r\n\r\n\r\n\r\n<p style=\"font-size: 17px;\">Podobno na pocz\u0105tku XV w. kamie\u0144 nieszcz\u0119\u015bcia dzi\u015b lez\u0105cy na rogu kamienicy przy skrzy\u017cowaniu ul. Gruella i Jezuickiej\u00a0znajdowa\u0142 si\u0119 na placu Bernardy\u0144skim, dawnym miejscu strace\u0144. S\u0142u\u017cy\u0142 jako podstawa pod pie\u0144 katowski. Pewnego dnia sta\u0142o si\u0119 tak, \u017ce kat \u015bci\u0105\u0142 g\u0142ow\u0119 niewinnego cz\u0142owieka, a jego top\u00f3r nie tylko przeszed\u0142 przez szyj\u0119 nieszcz\u0119\u015bnika ale roz\u0142upa\u0142 te\u017c pie\u0144 i zostawi\u0142 g\u0142\u0119boka szczerb\u0119 na kamieniu. Wtedy podobno kamie\u0144 uzyska\u0142 swoj\u0105 nieszcz\u0119sn\u0105 moc, aczkolwiek m\u00f3wi\u0105 tak\u017ce, \u017ce to zdarzenie by\u0142o ju\u017c skutkiem jego mocy &#8211; bowiem to czarty mia\u0142y przynie\u015b\u0107 go wcze\u015bniej w to miejsce. Trudno dzi\u015b o tym rozstrzyga\u0107.<\/p>\r\n\r\n\r\n\r\n<p style=\"font-size: 17px;\">P\u00f3\u017aniej kamie\u0144 ten znalaz\u0142 si\u0119 na dzisiejszej ul. Rybnej.\u00a0Pewnego dnia sz\u0142a tamt\u0119dy kobieta nios\u0105ca obiad dla m\u0119\u017ca. Potkn\u0119\u0142a si\u0119 o kamie\u0144, rozbi\u0142a naczynia. Zapach rozlanej zupy zwabi\u0142 okoliczne psy, kt\u00f3re skrupulatnie wyliza\u0142y kamie\u0144 po czym zdech\u0142y. Widok martwych zwierz\u0105t wywo\u0142a\u0142 du\u017ce poruszenie a miejsce otrzyma\u0142o nazw\u0119 Psiej G\u00f3rki.<\/p>\r\n\r\n\r\n\r\n<blockquote class=\"wp-block-quote is-style-large is-layout-flow wp-block-quote-is-layout-flow\">\r\n<p>Z czasem ludzie przekonali si\u0119, \u017ce dotkni\u0119cie g\u0142azu r\u0119ka czy te\u017c bos\u0105 stopa sprowadza nieszcz\u0119\u015bcie.<\/p>\r\n<\/blockquote>\r\n\r\n\r\n\r\n<p style=\"font-size: 17px;\">Inaczej my\u015bla\u0142 pewien piekarz, dlatego u\u017cy\u0142 kamienia do budowy pieca w swojej piekarni. Nie doceni\u0142 mocy kamienia. Niedowiarek zosta\u0142 zamkni\u0119ty w nowym piecu prze w\u0142asn\u0105 \u017con\u0119 i jej kochanka. Nieszcz\u0119\u015bnik nie prze\u017cy\u0142 tej przygody.<\/p>\r\n\r\n\r\n\r\n<figure class=\"wp-block-image size-large\"><img loading=\"lazy\" decoding=\"async\" width=\"1024\" height=\"714\" class=\"wp-image-10478\" src=\"https:\/\/bloganki.pl\/wp-content\/uploads\/2021\/06\/DSC08483-1024x714.jpg\" alt=\"\" srcset=\"https:\/\/bloganki.pl\/wp-content\/uploads\/2021\/06\/DSC08483-1024x714.jpg 1024w, https:\/\/bloganki.pl\/wp-content\/uploads\/2021\/06\/DSC08483-300x209.jpg 300w, https:\/\/bloganki.pl\/wp-content\/uploads\/2021\/06\/DSC08483-768x535.jpg 768w, https:\/\/bloganki.pl\/wp-content\/uploads\/2021\/06\/DSC08483-1140x794.jpg 1140w, https:\/\/bloganki.pl\/wp-content\/uploads\/2021\/06\/DSC08483.jpg 1290w\" sizes=\"(max-width: 1024px) 100vw, 1024px\" \/>\r\n<figcaption><strong>Kamie\u0144 nieszcz\u0119\u015bcia &#8211; Stare Miasto.<\/strong><\/figcaption>\r\n<\/figure>\r\n\r\n\r\n\r\n<p style=\"font-size: 17px;\">Kamie\u0144 powr\u00f3ci\u0142 na Psi\u0105 G\u00f3rk\u0119, na kt\u00f3rej oo. trynitarze zacz\u0119li wznosi\u0107 sw\u00f3j ko\u015bci\u00f3\u0142. Kto\u015b wpad\u0142 na pomys\u0142 by z\u0142owr\u00f3\u017cbny kamie\u0144 wykorzysta\u0107 przy budowie \u015bwi\u0105tyni i w ten spos\u00f3b zneutralizowa\u0107 jego moc. Kl\u0105twa jednak okaza\u0142a si\u0119 by\u0107 zbyt silna i ko\u015bcio\u0142a nigdy nie uko\u0144czono. Wzniesione mury kupi\u0142 Paw\u0119czkowski, usun\u0105\u0142 kamie\u0144 i przerobi\u0142 gmach na pa\u0142ac, kt\u00f3ry stoi do dzi\u015b.<br \/>Z Psiej G\u00f3rki kamie\u0144 przeniesiono na plac Litewski. Powsta\u0142a tam prawos\u0142awna cerkiew. Pech chcia\u0142, \u017ce nied\u0142ugo po tym z przycerkiewnej dzwonnicy spad\u0142 \u017co\u0142nierz carski. Niefortunnie upad\u0142 na \u00f3w g\u0142az i straci\u0142 \u017cycie. Aby zapobiec dalszym wypadkom kamie\u0144 wywieziono z miasto, gdzie zosta\u0142 u\u017cyty do budowy prochowni, kt\u00f3ra wylecia\u0142a w powietrze w 1919 r.<br \/>Potem g\u0142az trafi\u0142 w okolice\u00a0 Wie\u017cy Trynitarskiej. W czasie bombardowania Lublina w 1939 r.\u00a0w\u0142a\u015bnie te okolice zosta\u0142y najbardziej zniszczone.<\/p>\r\n\r\n\r\n\r\n<h3 class=\"has-text-align-center has-text-color wp-block-heading\" style=\"color: #0e5979;\">Kamienica w koty na Starym Mie\u015bcie w Lublinie.<\/h3>\r\n\r\n\r\n\r\n<figure class=\"wp-block-image size-large\"><img loading=\"lazy\" decoding=\"async\" width=\"1024\" height=\"683\" class=\"wp-image-10483\" src=\"https:\/\/bloganki.pl\/wp-content\/uploads\/2021\/06\/DSC08493-1024x683.jpg\" alt=\"\" srcset=\"https:\/\/bloganki.pl\/wp-content\/uploads\/2021\/06\/DSC08493-1024x683.jpg 1024w, https:\/\/bloganki.pl\/wp-content\/uploads\/2021\/06\/DSC08493-300x200.jpg 300w, https:\/\/bloganki.pl\/wp-content\/uploads\/2021\/06\/DSC08493-768x512.jpg 768w, https:\/\/bloganki.pl\/wp-content\/uploads\/2021\/06\/DSC08493-1140x760.jpg 1140w, https:\/\/bloganki.pl\/wp-content\/uploads\/2021\/06\/DSC08493.jpg 1290w\" sizes=\"(max-width: 1024px) 100vw, 1024px\" \/>\r\n<figcaption><strong>Lublin, ulica Grodzka 19 &#8211; Stare Miasto.<\/strong><\/figcaption>\r\n<\/figure>\r\n\r\n\r\n\r\n<blockquote class=\"wp-block-quote has-text-align-center is-style-default is-layout-flow wp-block-quote-is-layout-flow\">\r\n<p><em>Nazwisko i\u00a0imi\u0119:<strong> Andrzej Kot \u201eJajo Kot\u201d<\/strong>. Specjalizacja zawodowa: R\u00f3\u017cnota u\u00a0kota. Studia: Samokszta\u0142cenie pod kierunkiem frasunkiem. Sta\u0142e zatrudnienie: Pracownik-k\u0142usownik. Przyk\u0142ady najbardziej reprezentatywnych prac: Prace za r\u00f3\u017cne p\u0142ace, druki ulotne. Uwagi \u2013\u00a0wolne wnioski \u2013\u00a0propozycje: DELICJE<\/em><\/p>\r\n<\/blockquote>\r\n\r\n\r\n\r\n<p style=\"font-size: 17px;\">Zabytek <strong>przy ulicy Grodzkiej 19 <\/strong>ozdobiony motywami z tw\u00f3rczo\u015bci <strong>Andrzeja Kota<\/strong> ma przypomina\u0107 wielkiego lublinianina, kt\u00f3rego dzie\u0142a znale\u017a\u0107 mo\u017cna w muzeach w Tokio czy w Budapeszcie. Artysta tworzy\u0142 w s\u0105siedniej kamienicy. Pomys\u0142odawc\u0105 i autorem projektu jest Jaros\u0142aw Koziara. Technik\u0119 wybra\u0142 nieprzypadkowo. Koziara zdecydowa\u0142 si\u0119 na to, by kocie wizerunki powsta\u0142y w technice sgraffito, co niezwykle pasuje do lubelskiego Starego Miasta &#8211; nawi\u0105zuje do charakterystycznych dekoracji pozosta\u0142ych kamienic wykonanych na X-lecie PRL w 1954 r. R\u00f3wnie nieprzypadkowe jest miejsce bo Andrzej Kot tworzy\u0142 w s\u0105siednim budynku.<\/p>\r\n\r\n\r\n\r\n<h3 class=\"has-text-align-center has-text-color wp-block-heading\" style=\"color: #0e5979;\">Uliczka Ku Farze jeden z najpi\u0119kniejszych zau\u0142k\u00f3w Starego Miasta w Lublinie.<\/h3>\r\n\r\n\r\n\r\n<figure class=\"wp-block-image size-large\"><img loading=\"lazy\" decoding=\"async\" width=\"1024\" height=\"683\" class=\"wp-image-10453\" src=\"https:\/\/bloganki.pl\/wp-content\/uploads\/2021\/06\/DSC08459-1024x683.jpg\" alt=\"\" srcset=\"https:\/\/bloganki.pl\/wp-content\/uploads\/2021\/06\/DSC08459-1024x683.jpg 1024w, https:\/\/bloganki.pl\/wp-content\/uploads\/2021\/06\/DSC08459-300x200.jpg 300w, https:\/\/bloganki.pl\/wp-content\/uploads\/2021\/06\/DSC08459-768x512.jpg 768w, https:\/\/bloganki.pl\/wp-content\/uploads\/2021\/06\/DSC08459-1140x760.jpg 1140w, https:\/\/bloganki.pl\/wp-content\/uploads\/2021\/06\/DSC08459.jpg 1290w\" sizes=\"(max-width: 1024px) 100vw, 1024px\" \/>\r\n<figcaption><strong>Ku Farze jeden z najpi\u0119kniejszych zau\u0142k\u00f3w Starego Miasta w Lublinie.<\/strong><\/figcaption>\r\n<\/figure>\r\n\r\n\r\n\r\n<p style=\"font-size: 17px;\"><strong>Uliczka Ku Farze<\/strong>\u00a0to jeden z najpi\u0119kniejszych zau\u0142k\u00f3w Starego Miasta w Lublinie. W\u0105ska, tajemnicza, zacieniona gdzie promienie s\u0142o\u0144ca rzadko docieraj\u0105. Uliczka ta w przesz\u0142o\u015bci prowadzi\u0142a od Placu Rybnego do ko\u015bcio\u0142a pod wezwaniem \u015bwi\u0119tego Micha\u0142a Archanio\u0142a gdzie obecnie znajduje si\u0119 Plac po Farze. Zosta\u0142a zamurowana i na otwarcie czeka\u0142a a\u017c do roku 1954, kiedy to podczas odnowy Starego Miasta natrafiono na zamurowan\u0105 w 1796 roku\u00a0 od strony ulicy Grodzkiej uliczk\u0119. Po wyburzeniu muru powsta\u0142e przej\u015bcie nazwano ulic\u0105 Ku Farze.<\/p>\r\n\r\n\r\n\r\n<p style=\"font-size: 17px;\">Ciekawostk\u0105 jest, \u017ce tutaj kr\u0119cono sceny bardzo popularnego serialu historycznego &#8222;Czarne Chmury&#8221;<\/p>\r\n\r\n\r\n\r\n<figure class=\"wp-block-image size-large\"><img loading=\"lazy\" decoding=\"async\" width=\"1024\" height=\"683\" class=\"wp-image-10461\" src=\"https:\/\/bloganki.pl\/wp-content\/uploads\/2021\/06\/DSC08460-1024x683.jpg\" alt=\"\" srcset=\"https:\/\/bloganki.pl\/wp-content\/uploads\/2021\/06\/DSC08460-1024x683.jpg 1024w, https:\/\/bloganki.pl\/wp-content\/uploads\/2021\/06\/DSC08460-300x200.jpg 300w, https:\/\/bloganki.pl\/wp-content\/uploads\/2021\/06\/DSC08460-768x512.jpg 768w, https:\/\/bloganki.pl\/wp-content\/uploads\/2021\/06\/DSC08460-1140x760.jpg 1140w, https:\/\/bloganki.pl\/wp-content\/uploads\/2021\/06\/DSC08460.jpg 1290w\" sizes=\"(max-width: 1024px) 100vw, 1024px\" \/>\r\n<figcaption><strong>Ku Farze jeden z najpi\u0119kniejszych zau\u0142k\u00f3w Starego Miasta w Lublinie.<\/strong><\/figcaption>\r\n<\/figure>\r\n\r\n\r\n\r\n<blockquote class=\"wp-block-quote has-text-align-center is-style-large is-layout-flow wp-block-quote-is-layout-flow\">\r\n<p>&#8222;Musz\u0105 sw\u00f3j \u015bwiat wymy\u015bli\u0107 na nowo&#8221; &#8211; Reporta\u017c Anny Hernik.<\/p>\r\n<\/blockquote>\r\n\r\n\r\n\r\n<figure class=\"wp-block-image size-large\"><img loading=\"lazy\" decoding=\"async\" width=\"1024\" height=\"683\" class=\"wp-image-10458\" src=\"https:\/\/bloganki.pl\/wp-content\/uploads\/2021\/06\/DSC08443-1024x683.jpg\" alt=\"\" srcset=\"https:\/\/bloganki.pl\/wp-content\/uploads\/2021\/06\/DSC08443-1024x683.jpg 1024w, https:\/\/bloganki.pl\/wp-content\/uploads\/2021\/06\/DSC08443-300x200.jpg 300w, https:\/\/bloganki.pl\/wp-content\/uploads\/2021\/06\/DSC08443-768x512.jpg 768w, https:\/\/bloganki.pl\/wp-content\/uploads\/2021\/06\/DSC08443-1140x760.jpg 1140w, https:\/\/bloganki.pl\/wp-content\/uploads\/2021\/06\/DSC08443.jpg 1290w\" sizes=\"(max-width: 1024px) 100vw, 1024px\" \/>\r\n<figcaption><strong>Ku Farze jeden z najpi\u0119kniejszych zau\u0142k\u00f3w Starego Miasta w Lublinie.<\/strong><\/figcaption>\r\n<\/figure>\r\n\r\n\r\n\r\n<figure class=\"wp-block-image size-large\"><img loading=\"lazy\" decoding=\"async\" width=\"1024\" height=\"683\" class=\"wp-image-10460\" src=\"https:\/\/bloganki.pl\/wp-content\/uploads\/2021\/06\/DSC08446-1024x683.jpg\" alt=\"\" srcset=\"https:\/\/bloganki.pl\/wp-content\/uploads\/2021\/06\/DSC08446-1024x683.jpg 1024w, https:\/\/bloganki.pl\/wp-content\/uploads\/2021\/06\/DSC08446-300x200.jpg 300w, https:\/\/bloganki.pl\/wp-content\/uploads\/2021\/06\/DSC08446-768x512.jpg 768w, https:\/\/bloganki.pl\/wp-content\/uploads\/2021\/06\/DSC08446-1140x760.jpg 1140w, https:\/\/bloganki.pl\/wp-content\/uploads\/2021\/06\/DSC08446.jpg 1290w\" sizes=\"(max-width: 1024px) 100vw, 1024px\" \/>\r\n<figcaption><strong>Ku Farze jeden z najpi\u0119kniejszych zau\u0142k\u00f3w Starego Miasta w Lublinie.<\/strong><\/figcaption>\r\n<\/figure>\r\n\r\n\r\n\r\n<p style=\"font-size: 17px;\">W trakcie pandemii Covid-19 doro\u015bli zaj\u0119ci prac\u0105, ratowaniem zwi\u0105zk\u00f3w i gaszeniem konflikt\u00f3w jakie wybuchaj\u0105 w zamkni\u0119ciu, odpychaj\u0105 od siebie problemy dotycz\u0105ce dzieci. Najm\u0142odsi nie maj\u0105 g\u0142osu, zostali zamkni\u0119ci w domu, pozbawieni ruchu i kontaktu z r\u00f3wie\u015bnikami, nie maj\u0105 mo\u017cliwo\u015bci odreagowania frustracji, s\u0105 niejednokrotnie nara\u017ceni na przemoc domow\u0105. Zdj\u0119cia tr\u00f3jki dzieci autorki w wieku 4, 8 i 12 lat wykonane w okresie 03.2020-03.2021 r. Reporta\u017c Anny Hernik, nominowany w konkursie Grand Press Photo 2021 w kategorii \u017bycie codzienne.<\/p>\r\n\r\n\r\n\r\n<figure class=\"wp-block-image size-large\"><img loading=\"lazy\" decoding=\"async\" width=\"1024\" height=\"683\" class=\"wp-image-10464\" src=\"https:\/\/bloganki.pl\/wp-content\/uploads\/2021\/06\/DSC08445-1024x683.jpg\" alt=\"\" srcset=\"https:\/\/bloganki.pl\/wp-content\/uploads\/2021\/06\/DSC08445-1024x683.jpg 1024w, https:\/\/bloganki.pl\/wp-content\/uploads\/2021\/06\/DSC08445-300x200.jpg 300w, https:\/\/bloganki.pl\/wp-content\/uploads\/2021\/06\/DSC08445-768x512.jpg 768w, https:\/\/bloganki.pl\/wp-content\/uploads\/2021\/06\/DSC08445-1140x760.jpg 1140w, https:\/\/bloganki.pl\/wp-content\/uploads\/2021\/06\/DSC08445.jpg 1290w\" sizes=\"(max-width: 1024px) 100vw, 1024px\" \/>\r\n<figcaption><strong>Ku Farze jeden z najpi\u0119kniejszych zau\u0142k\u00f3w Starego Miasta w Lublinie.<\/strong><\/figcaption>\r\n<\/figure>\r\n\r\n\r\n\r\n<figure class=\"wp-block-image size-large\"><img loading=\"lazy\" decoding=\"async\" width=\"1024\" height=\"683\" class=\"wp-image-10462\" src=\"https:\/\/bloganki.pl\/wp-content\/uploads\/2021\/06\/DSC08444-1024x683.jpg\" alt=\"\" srcset=\"https:\/\/bloganki.pl\/wp-content\/uploads\/2021\/06\/DSC08444-1024x683.jpg 1024w, https:\/\/bloganki.pl\/wp-content\/uploads\/2021\/06\/DSC08444-300x200.jpg 300w, https:\/\/bloganki.pl\/wp-content\/uploads\/2021\/06\/DSC08444-768x512.jpg 768w, https:\/\/bloganki.pl\/wp-content\/uploads\/2021\/06\/DSC08444-1140x760.jpg 1140w, https:\/\/bloganki.pl\/wp-content\/uploads\/2021\/06\/DSC08444.jpg 1290w\" sizes=\"(max-width: 1024px) 100vw, 1024px\" \/>\r\n<figcaption><strong>Ku Farze jeden z najpi\u0119kniejszych zau\u0142k\u00f3w Starego Miasta w Lublinie.<\/strong><\/figcaption>\r\n<\/figure>\r\n\r\n\r\n\r\n<h3 class=\"has-text-align-center has-text-color wp-block-heading\" style=\"color: #0e5979;\">Ko\u015bci\u00f3\u0142 farny pw. \u015bw. Micha\u0142a w Lublinie (nieistniej\u0105cy).<\/h3>\r\n\r\n\r\n\r\n<figure class=\"wp-block-image size-large\"><img loading=\"lazy\" decoding=\"async\" width=\"1024\" height=\"683\" class=\"wp-image-10472\" src=\"https:\/\/bloganki.pl\/wp-content\/uploads\/2021\/06\/DSC08430-1024x683.jpg\" alt=\"\" srcset=\"https:\/\/bloganki.pl\/wp-content\/uploads\/2021\/06\/DSC08430-1024x683.jpg 1024w, https:\/\/bloganki.pl\/wp-content\/uploads\/2021\/06\/DSC08430-300x200.jpg 300w, https:\/\/bloganki.pl\/wp-content\/uploads\/2021\/06\/DSC08430-768x512.jpg 768w, https:\/\/bloganki.pl\/wp-content\/uploads\/2021\/06\/DSC08430-1140x760.jpg 1140w, https:\/\/bloganki.pl\/wp-content\/uploads\/2021\/06\/DSC08430.jpg 1290w\" sizes=\"(max-width: 1024px) 100vw, 1024px\" \/>\r\n<figcaption><strong>Ko\u015bci\u00f3\u0142 farny pw. \u015bw. Micha\u0142a w Lublinie (nieistniej\u0105cy).<\/strong><\/figcaption>\r\n<\/figure>\r\n\r\n\r\n\r\n<p style=\"font-size: 17px;\">Ko\u015bci\u00f3\u0142 \u015bw. Micha\u0142a Archanio\u0142a by\u0142 najwa\u017cniejsz\u0105 \u015bwi\u0105tyni\u0105 Lublina, a jego historia by\u0142a nierozerwalnie zwi\u0105zana z histori\u0105 tego miasta. Dzi\u015b fara jest ko\u015bcio\u0142em niewidzialnym, o kt\u00f3rym J\u00f3zef Czechowicz pisa\u0142:<\/p>\r\n\r\n\r\n\r\n<blockquote class=\"wp-block-quote has-text-align-center is-style-large is-layout-flow wp-block-quote-is-layout-flow\">\r\n<p>\u201eNa zielonym skwerze gwiazdy prze\u015bwiecaj\u0105 przez gotyckie \u017cebra ko\u015bcio\u0142a z powietrza\u201d.<\/p>\r\n<\/blockquote>\r\n\r\n\r\n\r\n<p style=\"font-size: 17px;\">\u00a0<\/p>\r\n","protected":false},"excerpt":{"rendered":"<p>&#8222;Kozi Gr\u00f3d&#8221; tak \u017cartobliwie nazywa si\u0119 Lublin. Herbem miasta jest kozio\u0142 skacz\u0105cy na krzew winoro\u015bli. Prawdopodobnie to przedstawienie wyst\u0119powa\u0142o ju\u017c na piecz\u0119ciach miejskich w 1401 roku, Kozio\u0142 i winoro\u015bl by\u0142y atrybutem bogini Wenus, od kt\u00f3rej mia\u0142a wywodzi\u0107 si\u0119 Julia z rodu julia\u0144skiego, wed\u0142ug poda\u0144 Wincentego Kad\u0142ubka &#8211; za\u0142o\u017cyciela miasta. Czemu wybra\u0142am Lublin ? &#8211; ju\u017c m\u00f3wi\u0119, zafascynowana tw\u00f3rczo\u015bci\u0105 noblisty Isaaca Bashevis Singera ( kt\u00f3ry urodzi\u0142 si\u0119 w Leoncinie bardzo blisko Leszna, tak tego Leszna w kt\u00f3rym mieszkam) i jego ksi\u0105\u017ck\u0105 &#8222;Sztukmistrz z Lublina&#8221; postanowi\u0142am przenie\u015b\u0107 si\u0119 do miejsca gdzie Jasza Mazur g\u0142\u00f3wny bohater powie\u015bci szuka\u0142 swojej to\u017csamo\u015bci. Jasza Mazur, cho\u0107 tylko sztukmistrz, uchodzi\u0142 za maj\u0119tnego i szcz\u0119\u015bliwego cz\u0142owieka &#8211; mia\u0142 wiern\u0105 \u017con\u0119, romans z asystentk\u0105 i kochanki w kilku miastach. Potrafi\u0142 pozyska\u0107 \u017cyczliwo\u015b\u0107 ka\u017cdego, kogo spotka\u0142 i &#8211; przekonany o w\u0142asnej wyj\u0105tkowo\u015bci &#8211; zdawa\u0142 si\u0119 drwi\u0107 z Boga swoich przodk\u00f3w. Powa\u017cnym moralistom, kt\u00f3rzy usi\u0142owali go sprowadzi\u0107 na drog\u0119 cnoty, odpowiada\u0142 zawsze: &#8222;Kiedy byli\u015bcie w niebie? Jak wygl\u0105da\u0142 B\u00f3g?&#8221;. Jednak w pewnym momencie Jasza, nawyk\u0142y do brania wszystkiego w posiadanie jednym gestem, poznaje w Warszawie Emili\u0119 &#8211; pierwsz\u0105 kobiet\u0119, kt\u00f3ra zdaje mu si\u0119 by\u0107 twierdz\u0105 nie do zdobycia. Sztukmistrz zaczyna traci\u0107 rezon i spogl\u0105da\u0107 z innej perspektywy na swoje wal\u0105ce si\u0119 w gruzy \u017cycie. Wolna od zb\u0119dnej ckliwo\u015bci historia o buncie i akceptacji, o wahaniu poprzedzaj\u0105cym wyb\u00f3r w\u0142a\u015bciwej drogi i o zmaganiach z w\u0142asn\u0105 tradycj\u0105. Singer przekonuje, jak nieodzowne jest stawianie sobie pyta\u0144, nawet je\u015bli nie ma na nie poprawnej odpowiedzi. \u201eCzy to mysz? Nie, to perz. Nietoperz? Nie, to mysz\u201d. \u2013 zastanawiano si\u0119 w \u201eAlicji w Kranie Czar\u00f3w\u201d. Odpowied\u017a przyjdzie sama, gdy spojrzymy w g\u00f3r\u0119 na ulicy Dominika\u0144skiej. Jeden dzie\u0144 w Lublinie &#8211; jak go sp\u0119dzi\u0107 ? Poci\u0105g IC z Warszawy do Lublina jedzie 2 godziny (cena 2 bilet\u00f3w normalny i ulgowy z Warszawy Centralnej do Lublina i z powrotem na poci\u0105g IC to koszt 100 z\u0142 ). Niedaleko dworca znajduje si\u0119 przystanek autobusowy &#8211; autobusem numer 20 dojedziemy do Muzeum Wsi Lubelskiej ( 12-godzinny bilet na komunikacj\u0119 miejsk\u0105 kosztuje tylko 9 z\u0142, ulgowy 4,50). Muzeum Wsi Lubelskiej &#8211; podr\u00f3\u017c w przesz\u0142o\u015b\u0107. Muzeum Wsi Lubelskiej malowniczo po\u0142o\u017cone w dolinie rzeki Czech\u00f3wki, jest jednym z najwi\u0119kszych skansen\u00f3w w Polsce. Muzealna ekspozycja podzielona zosta\u0142a na sektory odzwierciedlaj\u0105ce zr\u00f3\u017cnicowanie krajobrazowe i etnograficzne Lubelszczyzny: Wy\u017cyna Lubelska, Roztocze, Powi\u015ble, Podlasie, Nadbu\u017ce oraz sektory dworski i miasteczkowy. Z \u017cyciem dawnej wsi mo\u017cna si\u0119 zetkn\u0105\u0107 odwiedzaj\u0105c Wy\u017cyn\u0119 Lubelsk\u0105 (m.in. z wiatrakiem z Zygmuntowa \u2013 pierwszym obiektem przeniesionym do lubelskiego skansenu) oraz Roztocze. Na terenie drugiego z wymienionych sektor\u00f3w znajduje si\u0119 ponadto zabytkowa cerkiew greckokatolicka z Tarnoszyna. Centralnym obiektem sektora dworskiego jest po\u0142o\u017cony niemal w sercu muzealnej ekspozycji XVIII-wieczny dw\u00f3r z \u017byrzyna (z wn\u0119trzem po\u015bwi\u0119conym \u015bredniozamo\u017cnemu ziemia\u0144stwu) otoczony malowniczym ogrodem. Urzekaj\u0105cy pejza\u017c sektor\u00f3w Powi\u015bla i Podlasia zach\u0119ca do spacer\u00f3w i odpoczynku nad wod\u0105. Ca\u0142a muzealna przyroda tworzy harmonijny krajobraz i jest istotnym elementem wzbogacaj\u0105cym ekspozycj\u0119. \u00a0Muzealna ekspozycja to nie tylko materialny \u015blad po minionych czasach, ale te\u017c historie zwyk\u0142ych ludzi wpisane w odtworzone wn\u0119trza (kt\u00f3re dzi\u0119ki temu cz\u0119sto zyskuj\u0105 niepowtarzalny, indywidualny charakter). Odwiedzaj\u0105c kolejne sektory i obiekty mo\u017cna odnie\u015b\u0107 wra\u017cenie, \u017ce czas stan\u0105\u0142 w miejscu, a wizyta w Muzeum staje si\u0119 okazj\u0105 do wyj\u0105tkowej podr\u00f3\u017cy oraz bliskiego \u2013 wr\u0119cz namacalnego \u2013 spotkania z przesz\u0142o\u015bci\u0105. Ceny bilet\u00f3w: 18 z\u0142\u00a0\u00a0\u2013 bilet normalny \u00a0 9 z\u0142\u00a0 \u2013 bilet ulgowy (dla dzieci do lat 7 wst\u0119p wolny) 30 z\u0142 \u00a0\u2013 bilet rodzinny*\u00a0 (*za okazaniem: \u201eKarty Du\u017cej Rodziny\u201d, \u201eRegionalnej Karty Du\u017cej Rodziny\u201d, karty \u201eRodzina 3+\u201d.) Dojazd: autobusami komunikacji miejskiej nr 18, 20, 30, 37 Plac Litewski cudowne miejsce w sam raz na odpoczynek &#8211; Lublin. Plac Litewski\u00a0to najwi\u0119kszy i najbardziej reprezentacyjny plac Lublina. Odbywaj\u0105 si\u0119 tu parady i najwa\u017cniejsze uroczysto\u015bci pa\u0144stwowe. Jest to te\u017c jedno z ulubionych miejsc spotka\u0144 lublinian. Wed\u0142ug poda\u0144 w tym miejscu obozowali Litwini, kt\u00f3rzy przybyli do Lublina na obrady sejmu, zako\u0144czonego podpisaniem\u00a0Unii Polsko-Litewskiej\u00a0w 1569 roku. To jedno z najwa\u017cniejszych wydarze\u0144 w historii Polski upami\u0119tnia okaza\u0142y\u00a0pomnik\u00a0w kszta\u0142cie obelisku. Atrakcj\u0105 placu Litewskiego s\u0105 pi\u0119kne\u00a0fontanny\u00a0pod\u015bwietlane wieczorami. W sezonie letnim odbywaj\u0105 si\u0119 tam\u00a0pokazy multimedialne, podczas kt\u00f3rych na kurtynie wodnej prezentowane s\u0105 kilkuminutowe filmy dotycz\u0105ce historii miasta lub atrakcji kulturalnych.\u00a0 Na Placu Litewskim odnajdziemy tak\u017ce\u00a0pomniki: Marsza\u0142ka J\u00f3zefa Pi\u0142sudskiego, Nieznanego \u017bo\u0142nierza\u00a0oraz\u00a0Konstytucji 3 Maja. Znajduj\u0105ce si\u0119 w p\u00f3\u0142nocnej cz\u0119\u015bci placu budynki to dawne\u00a0pa\u0142ace: Czartoryskich, Lubomirskich\u00a0oraz\u00a0Rz\u0105du Gubernialnego. Po przeciwnej stronie usytuowany jest okaza\u0142y\u00a0gmach Poczty G\u0142\u00f3wnej, zawdzi\u0119czaj\u0105cy sw\u00f3j obecny wygl\u0105d przebudowie w 1921 roku. Stare Miasto &#8211; najwi\u0119kszy skarb Lublina. Granice dzisiejszej dzielnicy Stare Miasto zamykaj\u0105 si\u0119 w obr\u0119bie mur\u00f3w obronnych wzniesionych w drugiej po\u0142owie XIV w. Wzmocnione by\u0142y basztami i bramami: Krakowsk\u0105 i Grodzk\u0105. Uk\u0142ad ulic w obr\u0119bie mur\u00f3w do dzi\u015b pozosta\u0142 prawie niezmieniony. Stare Miasto le\u017cy na wzg\u00f3rzu staromiejskim &#8211; jest pl\u0105tanin\u0105 niezgrabnych uliczek. Zabudowa centralnej cz\u0119\u015bci miasta wielokrotnie ulega\u0142a zniszczeniom i po\u017carom. Nie ma ju\u017c \u015bladu ani gotyckich czerwonych cegie\u0142, ani bogato dekorowanych renesansowych fasad kamienic. Dominuj\u0105 za to klasyczne, surowe oblicza dom\u00f3w. Wydawa\u0107 by si\u0119 mog\u0142o, \u017ce przy skali zniszczenia jakie w czasie wojny dotkn\u0119\u0142o lubelskie miasto \u017cydowskie, ale te\u017c i ca\u0142y Lublin nie mo\u017cna ju\u017c odnale\u017a\u0107 nic co by\u0142oby jakim\u015b znacz\u0105cym materialnym \u015bladem \u017cycia, przedwojennego polsko-\u017cydowskiego miasta. I oto po latach, z ciemnej kryj\u00f3wki zrobionej na strychu jednego z lubelskich dom\u00f3w przychodz\u0105 do nas jak duchy twarze mieszka\u0144c\u00f3w utrwalone na szklanych negatywach. Si\u0142\u0105 tych zdj\u0119\u0107, zrobionych jeszcze zanim wybuch\u0142a wojna, s\u0105 w\u0142a\u015bnie te twarze, sfotografowane z niezwyk\u0142\u0105 wr\u0119cz ostro\u015bci\u0105. Ca\u0142a ta kolekcja trafi\u0142a do O\u015brodka \u201eBrama Grodzka \u2013 Teatr NN\u201d dok\u0142adnie w czasie gdy prowadzonych jest szereg dzia\u0142a\u0144 upami\u0119tniaj\u0105cych 70-t\u0105 rocznic\u0119 zag\u0142ady lubelskich \u017byd\u00f3w. Kolekcja szklanych negatyw\u00f3w odnaleziona w 2010 roku w kamienicy przy Rynku 4 sk\u0142ada si\u0119 z\u00a0ponad 2700 negatyw\u00f3w w r\u00f3\u017cnych formatach &#8211; od 6x9cm do 13x18cm. Fotografie zosta\u0142y\u00a0wykonane pomi\u0119dzy 1914 a 1939 rokiem. Kolekcja zosta\u0142a odnaleziona w trakcie porz\u0105dkowania i wykonywania bada\u0144 architektonicznych, poprzedzaj\u0105cych prace remontowo-adaptacyjne w kamienicy.\u00a0Zabezpieczenie, a nast\u0119pnie odczyszczenie, posegregowanie i zeskanowanie negatyw\u00f3w zosta\u0142o przeprowadzone przez Krzysztofa Janusa\u00a0prowadz\u0105cego nadz\u00f3r budowlany w obiekcie. W 2012 roku w\u0142a\u015bciciele obiektu, gdzie zosta\u0142y odnalezione negatywy przekazali kolekcj\u0119 O\u015brodkowi \u201cBrama Grodzka &#8211; Teatr NN\u201d w dziesi\u0119cioletni depozyt. Obecnie pod adresem Rynek 4 znajduje si\u0119 restauracja Trybunalska City Pub. Na Starym Mie\u015bcie nie brakuje klimatycznych knajpek i bar\u00f3w. Zau\u0142ek Hartwig\u00f3w &#8211; Lublin. Zau\u0142ek Hartwig\u00f3w to dawne przed\u0142u\u017cenie ulicy Rybnej. Obecnie w tym miejscu znajduj\u0105 si\u0119 schody \u0142\u0105cz\u0105ce plac Rybny z ulic\u0105 Kowalsk\u0105. W Zau\u0142ku Hartwig\u00f3w \u00a0znajduj\u0105 si\u0119 tu zbudowane w 1874 roku schody \u0142\u0105cz\u0105ce ulice Kowalsk\u0105 i plac Rybny. W 2004 roku z inicjatywy O\u015brodka \u201eBrama Grodzka \u2013 Teatr NN\u201d miejsce to zosta\u0142o nazwane Zau\u0142kiem Hartwig\u00f3w w celu upami\u0119tnienia jednej z najwa\u017cniejszych lubelskich rodzin. Wyb\u00f3r ten nie by\u0142 przypadkowy \u2013 miejsce by\u0142o wielokrotnie fotografowane przez Edwarda Hartwiga. Nic dziwnego, \u017ce wzd\u0142u\u017c schod\u00f3w prezentowane s\u0105 reprodukcje starych fotografii. &#8222;(&#8230;) by\u0142a na Starym Mie\u015bcie Psia G\u00f3rka &#8211; w tej chwili s\u0105 tam schody prowadz\u0105ce do ulicy Kowalskiej [Zau\u0142ek Hartwig\u00f3w]. Na tej Psiej G\u00f3rce by\u0142a wyprzeda\u017c starzyzny. W\u015br\u00f3d tej starzyzny mo\u017cna by\u0142o kupi\u0107 r\u00f3\u017cne przyzwoite rzeczy&#8221;. Bronowice mi\u0119dzywojenne &#8211; Alicja Morawiecka &#8211; fragment relacji \u015bwiadka historii. &#8222;Nie mo\u017cemy si\u0119 skar\u017cy\u0107 na zapomnienie lub brak uznania. Ale z pewno\u015bci\u0105 najpi\u0119kniejsza jest ta chwila, kiedy satysfakcji udzielaj\u0105 nam ludzie zwi\u0105zani z tym, co nam bliskie, z naszym rodzinnym miastem. Dlatego z tak\u0105 rado\u015bci\u0105 ca\u0142a nasza rodzina przyj\u0119\u0142a ten dar, jakim by\u0142o nazwanie Zau\u0142ka Hartwig\u00f3w w Lublinie&#8221;. Julia Hartwig,\u00a0Rado\u015b\u0107 z Zau\u0142ka &#8222;By\u0142o nas pi\u0119cioro Sk\u0105d przysz\u0142o do g\u0142owy rodzicom \u017ceby rodzi\u0107 tyle dzieci? Nazwiska trojga znalaz\u0142y si\u0119 w encyklopedii Nie ma jednak pewno\u015bci czy nie znikn\u0105 w jej nast\u0119pnych wydaniach ust\u0119puj\u0105c miejsca komu\u015b wa\u017cniejszemu Je\u015bli jednak same talenty oka\u017c\u0105 si\u0119 ma\u0142o trwa\u0142e by\u0107 mo\u017ce pozostanie co\u015b co kiedy\u015b zapewnia\u0142o dobre imi\u0119: przyzwoito\u015b\u0107 \u201ebonne souche\u201d m\u00f3wi\u0105 Francuzi a idzie po prostu o mniej wi\u0119cej czyste rachunki &#8222;. Niepotrzebne skre\u015bli\u0107 &#8211; fragment wiersza Julii Hartwig. Latarnia Pami\u0119ci &#8211; Stare Miasto. Latarnia Pami\u0119ci stoi w miejscu, gdzie przed wojn\u0105 znajdowa\u0142o si\u0119 skrzy\u017cowanie ulic Krawieckiej i Podwale. Zapalona w 2004 roku lampa, niegasn\u0105ca ani w dzie\u0144, ani w nocy, ma bezpo\u015bredni zwi\u0105zek z przeprowadzonym tu dwukrotnie misterium pami\u0119ci\u00a0Poemat o miejscu. Misterium odby\u0142o si\u0119 w 2002 roku i zosta\u0142o powt\u00f3rzone w 2004 roku na terenie dawnej dzielnicy \u017cydowskiej, w nocy, przy zgaszonym \u015bwietle. Jego ide\u0105 by\u0142o pokazanie, \u017ce zapomniana i niechciana przesz\u0142o\u015b\u0107 zawsze do nas powraca \u2013 nawet wtedy, gdy przykryta jest betonow\u0105 skorup\u0105. Przy realizacji misterium zosta\u0142y wykorzystane znajduj\u0105ce si\u0119 na tym terenie studzienki kanalizacyjne. Po otwarciu w\u0142o\u017cono do nich reflektory, kt\u00f3re za\u015bwiecono w trakcie misterium. To zapalone \u015bwiat\u0142o reflektor\u00f3w, wychodz\u0105ce spod betonowej powierzchni parkingu, sta\u0142o si\u0119 symbolem powracaj\u0105cej pami\u0119ci. Na zako\u0144czenie misterium zapalona zosta\u0142a jedyna ocalona na tym terenie przedwojenna lampa uliczna. Dzi\u0119ki temu, w spos\u00f3b symboliczny, \u015bwiat\u0142o, kt\u00f3re przebi\u0142o betonow\u0105 skorup\u0119 parkingu, zosta\u0142o z nami. Zapalona latarnia niczym synagogalny\u00a0ner tamid\u00a0(hebr. wieczne \u015bwiat\u0142o) nie ga\u015bnie. \u015awiec\u0105c przez ca\u0142\u0105 dob\u0119, przypomina o \u017cydowskim mie\u015bcie i jego mieszka\u0144cach. Jest \u015bwiadectwem naszej pami\u0119ci o \u015bwiecie, kt\u00f3rego ju\u017c nie ma. Kamie\u0144 nieszcz\u0119\u015bcia &#8211; Stare Miasto. Podobno na pocz\u0105tku XV w. kamie\u0144 nieszcz\u0119\u015bcia dzi\u015b lez\u0105cy na rogu kamienicy przy skrzy\u017cowaniu ul. Gruella i Jezuickiej\u00a0znajdowa\u0142 si\u0119 na placu Bernardy\u0144skim, dawnym miejscu strace\u0144. S\u0142u\u017cy\u0142 jako podstawa pod pie\u0144 katowski. Pewnego dnia sta\u0142o si\u0119 tak, \u017ce kat \u015bci\u0105\u0142 g\u0142ow\u0119 niewinnego cz\u0142owieka, a jego top\u00f3r nie tylko przeszed\u0142 przez szyj\u0119 nieszcz\u0119\u015bnika ale roz\u0142upa\u0142 te\u017c pie\u0144 i zostawi\u0142 g\u0142\u0119boka szczerb\u0119 na kamieniu. Wtedy podobno kamie\u0144 uzyska\u0142 swoj\u0105 nieszcz\u0119sn\u0105 moc, aczkolwiek m\u00f3wi\u0105 tak\u017ce, \u017ce to zdarzenie by\u0142o ju\u017c skutkiem jego mocy &#8211; bowiem to czarty mia\u0142y przynie\u015b\u0107 go wcze\u015bniej w to miejsce. Trudno dzi\u015b o tym rozstrzyga\u0107. P\u00f3\u017aniej kamie\u0144 ten znalaz\u0142 si\u0119 na dzisiejszej ul. Rybnej.\u00a0Pewnego dnia sz\u0142a tamt\u0119dy kobieta nios\u0105ca obiad dla m\u0119\u017ca. Potkn\u0119\u0142a si\u0119 o kamie\u0144, rozbi\u0142a naczynia. Zapach rozlanej zupy zwabi\u0142 okoliczne psy, kt\u00f3re skrupulatnie wyliza\u0142y kamie\u0144 po czym zdech\u0142y. Widok martwych zwierz\u0105t wywo\u0142a\u0142 du\u017ce poruszenie a miejsce otrzyma\u0142o nazw\u0119 Psiej G\u00f3rki. Z czasem ludzie przekonali si\u0119, \u017ce dotkni\u0119cie g\u0142azu r\u0119ka czy te\u017c bos\u0105 stopa sprowadza nieszcz\u0119\u015bcie. Inaczej my\u015bla\u0142 pewien piekarz, dlatego u\u017cy\u0142 kamienia do budowy pieca w swojej piekarni. Nie doceni\u0142 mocy kamienia. Niedowiarek zosta\u0142 zamkni\u0119ty w nowym piecu prze w\u0142asn\u0105 \u017con\u0119 i jej kochanka. Nieszcz\u0119\u015bnik nie prze\u017cy\u0142 tej przygody. Kamie\u0144 powr\u00f3ci\u0142 na Psi\u0105 G\u00f3rk\u0119, na kt\u00f3rej oo. trynitarze zacz\u0119li wznosi\u0107 sw\u00f3j ko\u015bci\u00f3\u0142. Kto\u015b wpad\u0142 na pomys\u0142 by z\u0142owr\u00f3\u017cbny kamie\u0144 wykorzysta\u0107 przy budowie \u015bwi\u0105tyni i w ten spos\u00f3b zneutralizowa\u0107 jego moc. Kl\u0105twa jednak okaza\u0142a si\u0119 by\u0107 zbyt silna i ko\u015bcio\u0142a nigdy nie uko\u0144czono. Wzniesione mury kupi\u0142 Paw\u0119czkowski, usun\u0105\u0142 kamie\u0144 i przerobi\u0142 gmach na pa\u0142ac, kt\u00f3ry stoi do dzi\u015b.Z Psiej G\u00f3rki kamie\u0144 przeniesiono na plac Litewski. Powsta\u0142a tam prawos\u0142awna cerkiew. Pech chcia\u0142, \u017ce nied\u0142ugo po tym z przycerkiewnej dzwonnicy spad\u0142 \u017co\u0142nierz carski. Niefortunnie upad\u0142 na \u00f3w g\u0142az i straci\u0142 \u017cycie. Aby zapobiec dalszym wypadkom kamie\u0144 wywieziono z miasto, gdzie zosta\u0142 u\u017cyty do budowy prochowni, kt\u00f3ra wylecia\u0142a w powietrze w 1919 r.Potem g\u0142az trafi\u0142 w okolice\u00a0 Wie\u017cy Trynitarskiej. W czasie bombardowania Lublina w 1939 r.\u00a0w\u0142a\u015bnie te okolice zosta\u0142y najbardziej zniszczone. Kamienica w koty na Starym Mie\u015bcie w Lublinie. Nazwisko i\u00a0imi\u0119: Andrzej Kot \u201eJajo Kot\u201d. Specjalizacja zawodowa: R\u00f3\u017cnota u\u00a0kota. Studia: Samokszta\u0142cenie pod kierunkiem frasunkiem. Sta\u0142e zatrudnienie: Pracownik-k\u0142usownik. Przyk\u0142ady najbardziej reprezentatywnych prac: Prace za r\u00f3\u017cne p\u0142ace, druki ulotne. Uwagi \u2013\u00a0wolne wnioski \u2013\u00a0propozycje: DELICJE Zabytek przy ulicy Grodzkiej 19 ozdobiony motywami z tw\u00f3rczo\u015bci Andrzeja Kota ma przypomina\u0107 wielkiego lublinianina, kt\u00f3rego dzie\u0142a znale\u017a\u0107 mo\u017cna w muzeach w Tokio czy w Budapeszcie. Artysta tworzy\u0142 w s\u0105siedniej kamienicy. Pomys\u0142odawc\u0105 i autorem projektu jest Jaros\u0142aw Koziara. Technik\u0119 wybra\u0142 nieprzypadkowo. Koziara zdecydowa\u0142 si\u0119 na to, by kocie wizerunki powsta\u0142y w technice sgraffito, co niezwykle pasuje do lubelskiego Starego Miasta &#8211; nawi\u0105zuje do charakterystycznych dekoracji pozosta\u0142ych kamienic wykonanych na X-lecie PRL w 1954 r. R\u00f3wnie nieprzypadkowe jest miejsce bo Andrzej Kot tworzy\u0142 w s\u0105siednim budynku. Uliczka Ku Farze jeden z najpi\u0119kniejszych zau\u0142k\u00f3w Starego Miasta w Lublinie. Uliczka Ku Farze\u00a0to jeden z najpi\u0119kniejszych zau\u0142k\u00f3w Starego Miasta w Lublinie. W\u0105ska, tajemnicza, zacieniona gdzie promienie s\u0142o\u0144ca rzadko docieraj\u0105. Uliczka ta w przesz\u0142o\u015bci prowadzi\u0142a od Placu Rybnego do ko\u015bcio\u0142a pod wezwaniem \u015bwi\u0119tego Micha\u0142a Archanio\u0142a gdzie obecnie znajduje si\u0119 Plac po Farze. Zosta\u0142a zamurowana i na otwarcie czeka\u0142a a\u017c do roku 1954, kiedy to podczas odnowy Starego Miasta natrafiono na zamurowan\u0105 w 1796 roku\u00a0 od strony ulicy Grodzkiej uliczk\u0119. Po wyburzeniu muru powsta\u0142e przej\u015bcie nazwano ulic\u0105 Ku Farze. Ciekawostk\u0105 jest, \u017ce tutaj kr\u0119cono sceny bardzo popularnego serialu historycznego &#8222;Czarne Chmury&#8221; &#8222;Musz\u0105 sw\u00f3j \u015bwiat wymy\u015bli\u0107 na nowo&#8221; &#8211; Reporta\u017c Anny Hernik. W trakcie pandemii Covid-19 doro\u015bli zaj\u0119ci&#8230;<\/p>\n","protected":false},"author":3,"featured_media":10414,"comment_status":"open","ping_status":"open","sticky":false,"template":"","format":"standard","meta":{"_monsterinsights_skip_tracking":false,"_monsterinsights_sitenote_active":false,"_monsterinsights_sitenote_note":"","_monsterinsights_sitenote_category":0,"footnotes":""},"categories":[550,20],"tags":[555,556,557,554,551,552,553],"class_list":["post-10413","post","type-post","status-publish","format-standard","has-post-thumbnail","hentry","category-lubelskie","category-polska","tag-kamien-nieszczescia","tag-kamienica-w-koty","tag-ku-farze","tag-latarnia-pamieci","tag-lublin","tag-muzeum-wsi-lubelskiej","tag-zaulek-hartwigow"],"aioseo_notices":[],"acf":[],"_links":{"self":[{"href":"https:\/\/bloganki.pl\/index.php\/wp-json\/wp\/v2\/posts\/10413","targetHints":{"allow":["GET"]}}],"collection":[{"href":"https:\/\/bloganki.pl\/index.php\/wp-json\/wp\/v2\/posts"}],"about":[{"href":"https:\/\/bloganki.pl\/index.php\/wp-json\/wp\/v2\/types\/post"}],"author":[{"embeddable":true,"href":"https:\/\/bloganki.pl\/index.php\/wp-json\/wp\/v2\/users\/3"}],"replies":[{"embeddable":true,"href":"https:\/\/bloganki.pl\/index.php\/wp-json\/wp\/v2\/comments?post=10413"}],"version-history":[{"count":79,"href":"https:\/\/bloganki.pl\/index.php\/wp-json\/wp\/v2\/posts\/10413\/revisions"}],"predecessor-version":[{"id":16983,"href":"https:\/\/bloganki.pl\/index.php\/wp-json\/wp\/v2\/posts\/10413\/revisions\/16983"}],"wp:featuredmedia":[{"embeddable":true,"href":"https:\/\/bloganki.pl\/index.php\/wp-json\/wp\/v2\/media\/10414"}],"wp:attachment":[{"href":"https:\/\/bloganki.pl\/index.php\/wp-json\/wp\/v2\/media?parent=10413"}],"wp:term":[{"taxonomy":"category","embeddable":true,"href":"https:\/\/bloganki.pl\/index.php\/wp-json\/wp\/v2\/categories?post=10413"},{"taxonomy":"post_tag","embeddable":true,"href":"https:\/\/bloganki.pl\/index.php\/wp-json\/wp\/v2\/tags?post=10413"}],"curies":[{"name":"wp","href":"https:\/\/api.w.org\/{rel}","templated":true}]}}