{"id":12469,"date":"2021-11-01T20:31:34","date_gmt":"2021-11-01T19:31:34","guid":{"rendered":"https:\/\/bloganki.pl\/?p=12469"},"modified":"2023-09-03T20:39:39","modified_gmt":"2023-09-03T18:39:39","slug":"w-krainie-bugu-mielnik-ciekawe-miejsca-atrakcje","status":"publish","type":"post","link":"https:\/\/bloganki.pl\/index.php\/2021\/11\/01\/w-krainie-bugu-mielnik-ciekawe-miejsca-atrakcje\/","title":{"rendered":"W krainie Bugu &#8211; Mielnik ciekawe miejsca, atrakcje."},"content":{"rendered":"\r\n<p style=\"font-size: 17px;\">Nadbu\u017ca\u0144ska pere\u0142ka &#8211; Mielnik, jeden z najstarszych historycznych grod\u00f3w na Podlasiu swoj\u0105 nazw\u0119 wzi\u0105\u0142 od istniej\u0105cych tu m\u0142yn\u00f3w lub, co bardziej prawdopodobne od ruskiego s\u0142owa <strong><em>miel<\/em> &#8211; kreda<\/strong>; jej pok\u0142ady znajduj\u0105 si\u0119 w Mielniku i okolicy. Mielnik ma bardzo bogat\u0105 przesz\u0142o\u015b\u0107 histeryczn\u0105, do rozbior\u00f3w Polski by\u0142 stolic\u0105 jednej z trzech ziem wojew\u00f3dztwa podlaskiego (drohicka, bielska, mielnicka). Ksi\u0105\u017c\u0119ta mazowieccy mieli tu zamek, kt\u00f3ry zosta\u0142 zburzony w 1241 roku przez Tatar\u00f3w. P\u00f3\u017aniej zosta\u0142 on odbudowany. Szlachta ziemi mielnickiej odbywa\u0142a tutaj swoje sejmiki, odbywa\u0142y si\u0119 s\u0105dy ziemskie i grodzkie.<\/p>\r\n\r\n\r\n\r\n<p style=\"font-size: 17px;\">W 1501 roku kiedy Podlasie wraz z Mielnikiem nale\u017ca\u0142o do Litwy, Aleksander Jagiello\u0144czyk udaj\u0105c si\u0119 z Litwy do Krakowa zatrzyma\u0142 si\u0119 w Mielniku i odby\u0142 tutaj narad\u0119 z panami litewskimi. Jako jedno z pierwszych miast podlaskich Mielnik w 1501r. otrzyma\u0142 prawa miejskie magdeburskie. Tu zostaj\u0105 podpisane dwa wa\u017cne dokumenty unia mielnicka i przywilej mielnicki. Aleksander na zamku mielnickim przebywa\u0142 tak\u017ce w latach 1503 i 1504.<\/p>\r\n\r\n\r\n\r\n<p style=\"font-size: 17px;\">Kres \u015bwietno\u015bci miasta przypada na po\u0142ow\u0119 XVII wieku, w 1656r Mielnik niszcz\u0105 Szwedzi a w 1657 wojska siedmiogrodzkie Jerzego II Rakoczego oraz wyprawy wojsk moskiewskich. Dawnej \u015bwietno\u015bci Mielnik ju\u017c nigdy nie odzyska\u0142.<\/p>\r\n\r\n\r\n\r\n<figure class=\"wp-block-image size-full\">\r\n<figure id=\"attachment_12476\" aria-describedby=\"caption-attachment-12476\" style=\"width: 900px\" class=\"wp-caption alignnone\"><img fetchpriority=\"high\" decoding=\"async\" class=\"wp-image-12476\" src=\"https:\/\/bloganki.pl\/wp-content\/uploads\/2021\/11\/DSC07139.jpg\" alt=\"\" width=\"900\" height=\"600\" srcset=\"https:\/\/bloganki.pl\/wp-content\/uploads\/2021\/11\/DSC07139.jpg 900w, https:\/\/bloganki.pl\/wp-content\/uploads\/2021\/11\/DSC07139-300x200.jpg 300w, https:\/\/bloganki.pl\/wp-content\/uploads\/2021\/11\/DSC07139-768x512.jpg 768w\" sizes=\"(max-width: 900px) 100vw, 900px\" \/><figcaption id=\"caption-attachment-12476\" class=\"wp-caption-text\">Rzeka Bug.<\/figcaption><\/figure>\r\n\r\n<\/figure>\r\n\r\n\r\n\r\n<p style=\"font-size: 17px;\">Po dawnym zamku pozosta\u0142a tylko malownicza i stroma wznosz\u0105ca si\u0119 nad Bugiem <strong>G\u00f3ra Zamkowa<\/strong>. Na jej szczycie stoi niewielka <strong>ruina kaplicy pw. \u015bw. Aleksandra Newskiego<\/strong>, zbudowanej tu po 1863 roku na pami\u0105tk\u0119 st\u0142umienia powstania styczniowego lub w podzi\u0119ce za ocalenie cara Aleksandra II. Z G\u00f3ry Zamkowej rozci\u0105ga si\u0119 pi\u0119kny widok na rzek\u0119 Bug.<\/p>\r\n\r\n\r\n\r\n<p style=\"font-size: 17px;\">U podn\u00f3\u017ca G\u00f3ry Zamkowej stoj\u0105 pozosta\u0142o\u015bci ko\u015bcio\u0142a pod wezwaniem \u015awi\u0119tej Tr\u00f3jcy, pochodz\u0105cego z XVI wieku. Ko\u015bci\u00f3\u0142 ten razem z zamkiem zosta\u0142 spalony podczas potopu szwedzkiego. Odbudowano go na pocz\u0105tku XVIII wieku. W XIX wieku zosta\u0142 ponownie spalony, p\u00f3\u017aniej przerobiono go na cerkiew. W 1915 roku cerkiew pod Wezwaniem Ducha \u015awi\u0119tego sp\u0142on\u0119\u0142a. Po odzyskaniu niepodleg\u0142o\u015bci runy przej\u0119\u0142a parafia katolicka.<\/p>\r\n\r\n\r\n\r\n<p style=\"font-size: 17px;\">Obok ruin ko\u015bcio\u0142a zamkowego stoi murowany budynek pochodz\u0105cy z po\u0142owy XIX wieku nazywany <strong>&#8222;Skarbcem kr\u00f3lowej Bony&#8221;<\/strong>. S\u0142u\u017cy\u0142 on jako plebania i sala katechetyczna.<\/p>\r\n\r\n\r\n\r\n<figure class=\"wp-block-image size-full\">\r\n<figure id=\"attachment_12663\" aria-describedby=\"caption-attachment-12663\" style=\"width: 900px\" class=\"wp-caption alignnone\"><img decoding=\"async\" class=\"wp-image-12663\" src=\"https:\/\/bloganki.pl\/wp-content\/uploads\/2022\/02\/DSC07599.jpg\" alt=\"\" width=\"900\" height=\"600\" srcset=\"https:\/\/bloganki.pl\/wp-content\/uploads\/2022\/02\/DSC07599.jpg 900w, https:\/\/bloganki.pl\/wp-content\/uploads\/2022\/02\/DSC07599-300x200.jpg 300w, https:\/\/bloganki.pl\/wp-content\/uploads\/2022\/02\/DSC07599-768x512.jpg 768w\" sizes=\"(max-width: 900px) 100vw, 900px\" \/><figcaption id=\"caption-attachment-12663\" class=\"wp-caption-text\">Widok z G\u00f3ry Zamkowej &#8211; Mielnik.<\/figcaption><\/figure>\r\n\r\n<\/figure>\r\n\r\n\r\n\r\n<figure class=\"wp-block-image size-full\">\r\n<figure id=\"attachment_12664\" aria-describedby=\"caption-attachment-12664\" style=\"width: 900px\" class=\"wp-caption alignnone\"><img decoding=\"async\" class=\"wp-image-12664\" src=\"https:\/\/bloganki.pl\/wp-content\/uploads\/2022\/02\/DSC07588.jpg\" alt=\"\" width=\"900\" height=\"600\" srcset=\"https:\/\/bloganki.pl\/wp-content\/uploads\/2022\/02\/DSC07588.jpg 900w, https:\/\/bloganki.pl\/wp-content\/uploads\/2022\/02\/DSC07588-300x200.jpg 300w, https:\/\/bloganki.pl\/wp-content\/uploads\/2022\/02\/DSC07588-768x512.jpg 768w\" sizes=\"(max-width: 900px) 100vw, 900px\" \/><figcaption id=\"caption-attachment-12664\" class=\"wp-caption-text\">Ruiny ko\u015bcio\u0142a zamkowego &#8211; Mielnik.<\/figcaption><\/figure>\r\n\r\n<\/figure>\r\n\r\n\r\n\r\n<figure class=\"wp-block-image size-full\">\r\n<figure id=\"attachment_12665\" aria-describedby=\"caption-attachment-12665\" style=\"width: 900px\" class=\"wp-caption alignnone\"><img loading=\"lazy\" decoding=\"async\" class=\"wp-image-12665\" src=\"https:\/\/bloganki.pl\/wp-content\/uploads\/2022\/02\/DSC07614.jpg\" alt=\"\" width=\"900\" height=\"600\" srcset=\"https:\/\/bloganki.pl\/wp-content\/uploads\/2022\/02\/DSC07614.jpg 900w, https:\/\/bloganki.pl\/wp-content\/uploads\/2022\/02\/DSC07614-300x200.jpg 300w, https:\/\/bloganki.pl\/wp-content\/uploads\/2022\/02\/DSC07614-768x512.jpg 768w\" sizes=\"(max-width: 900px) 100vw, 900px\" \/><figcaption id=\"caption-attachment-12665\" class=\"wp-caption-text\">&#8222;Skarbiec kr\u00f3lowej Bony&#8221; &#8211; Mielnik.<\/figcaption><\/figure>\r\n\r\n<\/figure>\r\n\r\n\r\n\r\n<p style=\"font-size: 17px;\">Na pobliskim cmentarzy prawos\u0142awnym stoi drewniana <strong>kaplica Opieki Matki Boskiej<\/strong> (kiedy\u015b unicka). Powsta\u0142a pod koniec XVIII wieku, ale przebudowano j\u0105 w latach 80. XX wieku. Z jej powstaniem wi\u0105\u017ce si\u0119 legenda. Podobno w 1777 roku rzek\u0105 Bug p\u0142yn\u0119\u0142a ikona Matki Boskiej Opieku\u0144czej. Wy\u0142owiono j\u0105 z wody i uznano za znak od Boga.\u00a0Kilka miesi\u0119cy p\u00f3\u017aniej, pobudowano w tym miejscu t\u0105 \u015bwi\u0105tyni\u0119. Obecnie ikona ta znajduje si\u0119 w murowanej cerkwi Narodzenia Naj\u015bwi\u0119tszej Maryi Panny.<\/p>\r\n\r\n\r\n\r\n<figure class=\"wp-block-image size-full\">\r\n<figure id=\"attachment_12666\" aria-describedby=\"caption-attachment-12666\" style=\"width: 900px\" class=\"wp-caption alignnone\"><img loading=\"lazy\" decoding=\"async\" class=\"wp-image-12666\" src=\"https:\/\/bloganki.pl\/wp-content\/uploads\/2022\/02\/DSC07567.jpg\" alt=\"\" width=\"900\" height=\"600\" srcset=\"https:\/\/bloganki.pl\/wp-content\/uploads\/2022\/02\/DSC07567.jpg 900w, https:\/\/bloganki.pl\/wp-content\/uploads\/2022\/02\/DSC07567-300x200.jpg 300w, https:\/\/bloganki.pl\/wp-content\/uploads\/2022\/02\/DSC07567-768x512.jpg 768w\" sizes=\"(max-width: 900px) 100vw, 900px\" \/><figcaption id=\"caption-attachment-12666\" class=\"wp-caption-text\">Kaplica Opieki Matki Boskiej w Mielniku.<\/figcaption><\/figure>\r\n\r\n<\/figure>\r\n\r\n\r\n\r\n<figure class=\"wp-block-image size-full\">\r\n<figure id=\"attachment_12667\" aria-describedby=\"caption-attachment-12667\" style=\"width: 900px\" class=\"wp-caption alignnone\"><img loading=\"lazy\" decoding=\"async\" class=\"wp-image-12667\" src=\"https:\/\/bloganki.pl\/wp-content\/uploads\/2022\/02\/DSC07572.jpg\" alt=\"\" width=\"900\" height=\"600\" srcset=\"https:\/\/bloganki.pl\/wp-content\/uploads\/2022\/02\/DSC07572.jpg 900w, https:\/\/bloganki.pl\/wp-content\/uploads\/2022\/02\/DSC07572-300x200.jpg 300w, https:\/\/bloganki.pl\/wp-content\/uploads\/2022\/02\/DSC07572-768x512.jpg 768w\" sizes=\"(max-width: 900px) 100vw, 900px\" \/><figcaption id=\"caption-attachment-12667\" class=\"wp-caption-text\">Cmentarz prawos\u0142awny w Mielniku.<\/figcaption><\/figure>\r\n\r\n<\/figure>\r\n\r\n\r\n\r\n<figure class=\"wp-block-image size-full\">\r\n<figure id=\"attachment_12668\" aria-describedby=\"caption-attachment-12668\" style=\"width: 900px\" class=\"wp-caption alignnone\"><img loading=\"lazy\" decoding=\"async\" class=\"wp-image-12668\" src=\"https:\/\/bloganki.pl\/wp-content\/uploads\/2022\/02\/DSC07573.jpg\" alt=\"\" width=\"900\" height=\"600\" srcset=\"https:\/\/bloganki.pl\/wp-content\/uploads\/2022\/02\/DSC07573.jpg 900w, https:\/\/bloganki.pl\/wp-content\/uploads\/2022\/02\/DSC07573-300x200.jpg 300w, https:\/\/bloganki.pl\/wp-content\/uploads\/2022\/02\/DSC07573-768x512.jpg 768w\" sizes=\"(max-width: 900px) 100vw, 900px\" \/><figcaption id=\"caption-attachment-12668\" class=\"wp-caption-text\">Cmentarz prawos\u0142awny w Mielniku.<\/figcaption><\/figure>\r\n\r\n<\/figure>\r\n\r\n\r\n\r\n<p style=\"font-size: 17px;\">W pobli\u017cu cmentarza na wzg\u00f3rzu stoi murowana<strong> cerkiew parafialna pod wezwaniem Narodzenia Naj\u015bwi\u0119tszej Maryi Panny<\/strong>. Zbudowano j\u0105 w latach 1821-1823 w stylu klasycznym. Przebudowano j\u0105 w latach 1907-1910 w stylu bizantyjsko-ruskim. Wtedy te\u017c dobudowano przedsionek z wie\u017c\u0105 oraz krucht\u0119. Wn\u0119trze zdobi\u0105 ikony oprawione w z\u0142ocone ramy. Za bogato zdobionym ikonostasem ukryty jest o\u0142tarz.<\/p>\r\n\r\n\r\n\r\n<figure class=\"wp-block-image size-full\">\r\n<figure id=\"attachment_12669\" aria-describedby=\"caption-attachment-12669\" style=\"width: 900px\" class=\"wp-caption alignnone\"><img loading=\"lazy\" decoding=\"async\" class=\"wp-image-12669\" src=\"https:\/\/bloganki.pl\/wp-content\/uploads\/2022\/02\/DSC07562.jpg\" alt=\"\" width=\"900\" height=\"600\" srcset=\"https:\/\/bloganki.pl\/wp-content\/uploads\/2022\/02\/DSC07562.jpg 900w, https:\/\/bloganki.pl\/wp-content\/uploads\/2022\/02\/DSC07562-300x200.jpg 300w, https:\/\/bloganki.pl\/wp-content\/uploads\/2022\/02\/DSC07562-768x512.jpg 768w\" sizes=\"(max-width: 900px) 100vw, 900px\" \/><figcaption id=\"caption-attachment-12669\" class=\"wp-caption-text\">Cerkiew parafialna pod wezwaniem Narodzenia Naj\u015bwi\u0119tszej Maryi Panny w Mielniku.<\/figcaption><\/figure>\r\n\r\n<\/figure>\r\n\r\n\r\n\r\n<figure class=\"wp-block-image size-full\">\r\n<figure id=\"attachment_12670\" aria-describedby=\"caption-attachment-12670\" style=\"width: 900px\" class=\"wp-caption alignnone\"><img loading=\"lazy\" decoding=\"async\" class=\"wp-image-12670\" src=\"https:\/\/bloganki.pl\/wp-content\/uploads\/2022\/02\/DSC07578.jpg\" alt=\"\" width=\"900\" height=\"600\" srcset=\"https:\/\/bloganki.pl\/wp-content\/uploads\/2022\/02\/DSC07578.jpg 900w, https:\/\/bloganki.pl\/wp-content\/uploads\/2022\/02\/DSC07578-300x200.jpg 300w, https:\/\/bloganki.pl\/wp-content\/uploads\/2022\/02\/DSC07578-768x512.jpg 768w\" sizes=\"(max-width: 900px) 100vw, 900px\" \/><figcaption id=\"caption-attachment-12670\" class=\"wp-caption-text\">Cerkiew parafialna pod wezwaniem Narodzenia Naj\u015bwi\u0119tszej Maryi Panny w Mielniku.<\/figcaption><\/figure>\r\n\r\n<\/figure>\r\n\r\n\r\n\r\n<p style=\"font-size: 17px;\">W centrum miasteczka zachowa\u0142 si\u0119 budynek dawnej synagogi. Obecnie pe\u0142ni on funkcj\u0119 domu mieszkalnego i galerii. Swoim wygl\u0105dem nie przypomina klasycznej synagogi, jest to budynek parterowy z poddaszem, posiada ma\u0142\u0105 przybud\u00f3wk\u0119, kt\u00f3ra kiedy\u015b s\u0142u\u017cy\u0142a za babiniec.<\/p>\r\n\r\n\r\n\r\n<figure class=\"wp-block-image size-full\">\r\n<figure id=\"attachment_12671\" aria-describedby=\"caption-attachment-12671\" style=\"width: 900px\" class=\"wp-caption alignnone\"><img loading=\"lazy\" decoding=\"async\" class=\"wp-image-12671\" src=\"https:\/\/bloganki.pl\/wp-content\/uploads\/2022\/02\/DSC07630.jpg\" alt=\"\" width=\"900\" height=\"600\" srcset=\"https:\/\/bloganki.pl\/wp-content\/uploads\/2022\/02\/DSC07630.jpg 900w, https:\/\/bloganki.pl\/wp-content\/uploads\/2022\/02\/DSC07630-300x200.jpg 300w, https:\/\/bloganki.pl\/wp-content\/uploads\/2022\/02\/DSC07630-768x512.jpg 768w\" sizes=\"(max-width: 900px) 100vw, 900px\" \/><figcaption id=\"caption-attachment-12671\" class=\"wp-caption-text\">Synagoga w Mielniku.<\/figcaption><\/figure>\r\n\r\n<\/figure>\r\n\r\n\r\n\r\n<figure class=\"wp-block-image size-full\">\r\n<figure id=\"attachment_12672\" aria-describedby=\"caption-attachment-12672\" style=\"width: 900px\" class=\"wp-caption alignnone\"><img loading=\"lazy\" decoding=\"async\" class=\"wp-image-12672\" src=\"https:\/\/bloganki.pl\/wp-content\/uploads\/2022\/02\/DSC07629.jpg\" alt=\"\" width=\"900\" height=\"600\" srcset=\"https:\/\/bloganki.pl\/wp-content\/uploads\/2022\/02\/DSC07629.jpg 900w, https:\/\/bloganki.pl\/wp-content\/uploads\/2022\/02\/DSC07629-300x200.jpg 300w, https:\/\/bloganki.pl\/wp-content\/uploads\/2022\/02\/DSC07629-768x512.jpg 768w\" sizes=\"(max-width: 900px) 100vw, 900px\" \/><figcaption id=\"caption-attachment-12672\" class=\"wp-caption-text\">Synagoga w Mielniku.<\/figcaption><\/figure>\r\n\r\n<\/figure>\r\n\r\n\r\n\r\n<p style=\"font-size: 17px;\"><strong>Ko\u015bci\u00f3\u0142 Przemienienia Pa\u0144skiego w Mielniku<\/strong> jest jednym z nielicznych zabytk\u00f3w, kt\u00f3re zachowa\u0142y si\u0119 po II wojnie \u015bwiatowej. Zbudowany zosta\u0142 w 1913 roku, usytuowany na wzg\u00f3rzu przy g\u0142\u00f3wnej ulicy Brzeskiej. Historycy sztuki okre\u015blaj\u0105 go jako neobarokowy. W g\u0142\u00f3wnym o\u0142tarzu ko\u015bcio\u0142a znajduje si\u0119 obraz Matki Bo\u017cej z Dzieci\u0105tkiem Jezus. Dawniej by\u0142 on celem pielgrzymek okolicznych mieszka\u0144c\u00f3w, ale niestety liczne wota zagrabiono i pozosta\u0142 jedynie kult lokalny.<\/p>\r\n\r\n\r\n\r\n<figure class=\"wp-block-image size-full\">\r\n<figure id=\"attachment_12673\" aria-describedby=\"caption-attachment-12673\" style=\"width: 900px\" class=\"wp-caption alignnone\"><img loading=\"lazy\" decoding=\"async\" class=\"wp-image-12673\" src=\"https:\/\/bloganki.pl\/wp-content\/uploads\/2022\/02\/DSC07618.jpg\" alt=\"\" width=\"900\" height=\"600\" srcset=\"https:\/\/bloganki.pl\/wp-content\/uploads\/2022\/02\/DSC07618.jpg 900w, https:\/\/bloganki.pl\/wp-content\/uploads\/2022\/02\/DSC07618-300x200.jpg 300w, https:\/\/bloganki.pl\/wp-content\/uploads\/2022\/02\/DSC07618-768x512.jpg 768w\" sizes=\"(max-width: 900px) 100vw, 900px\" \/><figcaption id=\"caption-attachment-12673\" class=\"wp-caption-text\">Ko\u015bci\u00f3\u0142 Przemienienia Pa\u0144skiego w Mielniku.<\/figcaption><\/figure>\r\n\r\n<\/figure>\r\n\r\n\r\n\r\n<figure class=\"wp-block-image size-full\">\r\n<figure id=\"attachment_12674\" aria-describedby=\"caption-attachment-12674\" style=\"width: 900px\" class=\"wp-caption alignnone\"><img loading=\"lazy\" decoding=\"async\" class=\"wp-image-12674\" src=\"https:\/\/bloganki.pl\/wp-content\/uploads\/2022\/02\/DSC07621.jpg\" alt=\"\" width=\"900\" height=\"599\" srcset=\"https:\/\/bloganki.pl\/wp-content\/uploads\/2022\/02\/DSC07621.jpg 900w, https:\/\/bloganki.pl\/wp-content\/uploads\/2022\/02\/DSC07621-300x200.jpg 300w, https:\/\/bloganki.pl\/wp-content\/uploads\/2022\/02\/DSC07621-768x511.jpg 768w\" sizes=\"(max-width: 900px) 100vw, 900px\" \/><figcaption id=\"caption-attachment-12674\" class=\"wp-caption-text\">Ko\u015bci\u00f3\u0142 Przemienienia Pa\u0144skiego w Mielniku.<\/figcaption><\/figure>\r\n\r\n<\/figure>\r\n\r\n\r\n\r\n<figure class=\"wp-block-image size-full\">\r\n<figure id=\"attachment_12675\" aria-describedby=\"caption-attachment-12675\" style=\"width: 900px\" class=\"wp-caption alignnone\"><img loading=\"lazy\" decoding=\"async\" class=\"wp-image-12675\" src=\"https:\/\/bloganki.pl\/wp-content\/uploads\/2022\/02\/DSC07623.jpg\" alt=\"\" width=\"900\" height=\"600\" srcset=\"https:\/\/bloganki.pl\/wp-content\/uploads\/2022\/02\/DSC07623.jpg 900w, https:\/\/bloganki.pl\/wp-content\/uploads\/2022\/02\/DSC07623-300x200.jpg 300w, https:\/\/bloganki.pl\/wp-content\/uploads\/2022\/02\/DSC07623-768x512.jpg 768w\" sizes=\"(max-width: 900px) 100vw, 900px\" \/><figcaption id=\"caption-attachment-12675\" class=\"wp-caption-text\">Ko\u015bci\u00f3\u0142 Przemienienia Pa\u0144skiego w Mielniku.<\/figcaption><\/figure>\r\n\r\n<\/figure>\r\n\r\n\r\n\r\n<p style=\"font-size: 17px;\">Na obrze\u017cach Mielnika znajduje si\u0119 wie\u017ca widokowa. Drewniana konstrukcja ma 12 metr\u00f3w wysoko\u015bci, na jej szczycie znajduje si\u0119 taras widokowy.<\/p>\r\n\r\n\r\n\r\n<figure class=\"wp-block-image size-full\">\r\n<figure id=\"attachment_12676\" aria-describedby=\"caption-attachment-12676\" style=\"width: 900px\" class=\"wp-caption alignnone\"><img loading=\"lazy\" decoding=\"async\" class=\"wp-image-12676\" src=\"https:\/\/bloganki.pl\/wp-content\/uploads\/2022\/02\/DSC07539.jpg\" alt=\"\" width=\"900\" height=\"600\" srcset=\"https:\/\/bloganki.pl\/wp-content\/uploads\/2022\/02\/DSC07539.jpg 900w, https:\/\/bloganki.pl\/wp-content\/uploads\/2022\/02\/DSC07539-300x200.jpg 300w, https:\/\/bloganki.pl\/wp-content\/uploads\/2022\/02\/DSC07539-768x512.jpg 768w\" sizes=\"(max-width: 900px) 100vw, 900px\" \/><figcaption id=\"caption-attachment-12676\" class=\"wp-caption-text\">Wie\u017ca widokowa w Mielniku.<\/figcaption><\/figure>\r\n<p>Lubisz to co robi\u0119?\u00a0 B\u0119dzie mi niezmiernie mi\u0142o je\u015bli wypijemy razem kaw\u0119.<\/p>\r\n<figcaption>\r\n<p><a href=\"https:\/\/buycoffee.to\/bloganki\"><img loading=\"lazy\" decoding=\"async\" class=\"alignnone wp-image-16653 size-medium\" src=\"https:\/\/bloganki.pl\/wp-content\/uploads\/2023\/09\/GIF-1-300x84.gif\" alt=\"\" width=\"300\" height=\"84\" \/><\/a><\/p>\r\n<\/figcaption>\r\n<\/figure>\r\n","protected":false},"excerpt":{"rendered":"<p>Nadbu\u017ca\u0144ska pere\u0142ka &#8211; Mielnik, jeden z najstarszych historycznych grod\u00f3w na Podlasiu swoj\u0105 nazw\u0119 wzi\u0105\u0142 od istniej\u0105cych tu m\u0142yn\u00f3w lub, co bardziej prawdopodobne od ruskiego s\u0142owa miel &#8211; kreda; jej pok\u0142ady znajduj\u0105 si\u0119 w Mielniku i okolicy. Mielnik ma bardzo bogat\u0105 przesz\u0142o\u015b\u0107 histeryczn\u0105, do rozbior\u00f3w Polski by\u0142 stolic\u0105 jednej z trzech ziem wojew\u00f3dztwa podlaskiego (drohicka, bielska, mielnicka). Ksi\u0105\u017c\u0119ta mazowieccy mieli tu zamek, kt\u00f3ry zosta\u0142 zburzony w 1241 roku przez Tatar\u00f3w. P\u00f3\u017aniej zosta\u0142 on odbudowany. Szlachta ziemi mielnickiej odbywa\u0142a tutaj swoje sejmiki, odbywa\u0142y si\u0119 s\u0105dy ziemskie i grodzkie. W 1501 roku kiedy Podlasie wraz z Mielnikiem nale\u017ca\u0142o do Litwy, Aleksander Jagiello\u0144czyk udaj\u0105c si\u0119 z Litwy do Krakowa zatrzyma\u0142 si\u0119 w Mielniku i odby\u0142 tutaj narad\u0119 z panami litewskimi. Jako jedno z pierwszych miast podlaskich Mielnik w 1501r. otrzyma\u0142 prawa miejskie magdeburskie. Tu zostaj\u0105 podpisane dwa wa\u017cne dokumenty unia mielnicka i przywilej mielnicki. Aleksander na zamku mielnickim przebywa\u0142 tak\u017ce w latach 1503 i 1504. Kres \u015bwietno\u015bci miasta przypada na po\u0142ow\u0119 XVII wieku, w 1656r Mielnik niszcz\u0105 Szwedzi a w 1657 wojska siedmiogrodzkie Jerzego II Rakoczego oraz wyprawy wojsk moskiewskich. Dawnej \u015bwietno\u015bci Mielnik ju\u017c nigdy nie odzyska\u0142. Po dawnym zamku pozosta\u0142a tylko malownicza i stroma wznosz\u0105ca si\u0119 nad Bugiem G\u00f3ra Zamkowa. Na jej szczycie stoi niewielka ruina kaplicy pw. \u015bw. Aleksandra Newskiego, zbudowanej tu po 1863 roku na pami\u0105tk\u0119 st\u0142umienia powstania styczniowego lub w podzi\u0119ce za ocalenie cara Aleksandra II. Z G\u00f3ry Zamkowej rozci\u0105ga si\u0119 pi\u0119kny widok na rzek\u0119 Bug. U podn\u00f3\u017ca G\u00f3ry Zamkowej stoj\u0105 pozosta\u0142o\u015bci ko\u015bcio\u0142a pod wezwaniem \u015awi\u0119tej Tr\u00f3jcy, pochodz\u0105cego z XVI wieku. Ko\u015bci\u00f3\u0142 ten razem z zamkiem zosta\u0142 spalony podczas potopu szwedzkiego. Odbudowano go na pocz\u0105tku XVIII wieku. W XIX wieku zosta\u0142 ponownie spalony, p\u00f3\u017aniej przerobiono go na cerkiew. W 1915 roku cerkiew pod Wezwaniem Ducha \u015awi\u0119tego sp\u0142on\u0119\u0142a. Po odzyskaniu niepodleg\u0142o\u015bci runy przej\u0119\u0142a parafia katolicka. Obok ruin ko\u015bcio\u0142a zamkowego stoi murowany budynek pochodz\u0105cy z po\u0142owy XIX wieku nazywany &#8222;Skarbcem kr\u00f3lowej Bony&#8221;. S\u0142u\u017cy\u0142 on jako plebania i sala katechetyczna. Na pobliskim cmentarzy prawos\u0142awnym stoi drewniana kaplica Opieki Matki Boskiej (kiedy\u015b unicka). Powsta\u0142a pod koniec XVIII wieku, ale przebudowano j\u0105 w latach 80. XX wieku. Z jej powstaniem wi\u0105\u017ce si\u0119 legenda. Podobno w 1777 roku rzek\u0105 Bug p\u0142yn\u0119\u0142a ikona Matki Boskiej Opieku\u0144czej. Wy\u0142owiono j\u0105 z wody i uznano za znak od Boga.\u00a0Kilka miesi\u0119cy p\u00f3\u017aniej, pobudowano w tym miejscu t\u0105 \u015bwi\u0105tyni\u0119. Obecnie ikona ta znajduje si\u0119 w murowanej cerkwi Narodzenia Naj\u015bwi\u0119tszej Maryi Panny. W pobli\u017cu cmentarza na wzg\u00f3rzu stoi murowana cerkiew parafialna pod wezwaniem Narodzenia Naj\u015bwi\u0119tszej Maryi Panny. Zbudowano j\u0105 w latach 1821-1823 w stylu klasycznym. Przebudowano j\u0105 w latach 1907-1910 w stylu bizantyjsko-ruskim. Wtedy te\u017c dobudowano przedsionek z wie\u017c\u0105 oraz krucht\u0119. Wn\u0119trze zdobi\u0105 ikony oprawione w z\u0142ocone ramy. Za bogato zdobionym ikonostasem ukryty jest o\u0142tarz. W centrum miasteczka zachowa\u0142 si\u0119 budynek dawnej synagogi. Obecnie pe\u0142ni on funkcj\u0119 domu mieszkalnego i galerii. Swoim wygl\u0105dem nie przypomina klasycznej synagogi, jest to budynek parterowy z poddaszem, posiada ma\u0142\u0105 przybud\u00f3wk\u0119, kt\u00f3ra kiedy\u015b s\u0142u\u017cy\u0142a za babiniec. Ko\u015bci\u00f3\u0142 Przemienienia Pa\u0144skiego w Mielniku jest jednym z nielicznych zabytk\u00f3w, kt\u00f3re zachowa\u0142y si\u0119 po II wojnie \u015bwiatowej. Zbudowany zosta\u0142 w 1913 roku, usytuowany na wzg\u00f3rzu przy g\u0142\u00f3wnej ulicy Brzeskiej. Historycy sztuki okre\u015blaj\u0105 go jako neobarokowy. W g\u0142\u00f3wnym o\u0142tarzu ko\u015bcio\u0142a znajduje si\u0119 obraz Matki Bo\u017cej z Dzieci\u0105tkiem Jezus. Dawniej by\u0142 on celem pielgrzymek okolicznych mieszka\u0144c\u00f3w, ale niestety liczne wota zagrabiono i pozosta\u0142 jedynie kult lokalny. Na obrze\u017cach Mielnika znajduje si\u0119 wie\u017ca widokowa. Drewniana konstrukcja ma 12 metr\u00f3w wysoko\u015bci, na jej szczycie znajduje si\u0119 taras widokowy.<\/p>\n","protected":false},"author":3,"featured_media":12661,"comment_status":"open","ping_status":"open","sticky":false,"template":"","format":"standard","meta":{"_monsterinsights_skip_tracking":false,"_monsterinsights_sitenote_active":false,"_monsterinsights_sitenote_note":"","_monsterinsights_sitenote_category":0,"footnotes":""},"categories":[160,20],"tags":[641,640,643,158,639,159,642],"class_list":["post-12469","post","type-post","status-publish","format-standard","has-post-thumbnail","hentry","category-magiczne-podlasie","category-polska","tag-bug","tag-gora-zamkowa","tag-kosciol-zamkowy","tag-magiczne-podlasie","tag-mielnik","tag-podlasie","tag-podlasie-nadbuzanskie"],"aioseo_notices":[],"acf":[],"_links":{"self":[{"href":"https:\/\/bloganki.pl\/index.php\/wp-json\/wp\/v2\/posts\/12469","targetHints":{"allow":["GET"]}}],"collection":[{"href":"https:\/\/bloganki.pl\/index.php\/wp-json\/wp\/v2\/posts"}],"about":[{"href":"https:\/\/bloganki.pl\/index.php\/wp-json\/wp\/v2\/types\/post"}],"author":[{"embeddable":true,"href":"https:\/\/bloganki.pl\/index.php\/wp-json\/wp\/v2\/users\/3"}],"replies":[{"embeddable":true,"href":"https:\/\/bloganki.pl\/index.php\/wp-json\/wp\/v2\/comments?post=12469"}],"version-history":[{"count":19,"href":"https:\/\/bloganki.pl\/index.php\/wp-json\/wp\/v2\/posts\/12469\/revisions"}],"predecessor-version":[{"id":16739,"href":"https:\/\/bloganki.pl\/index.php\/wp-json\/wp\/v2\/posts\/12469\/revisions\/16739"}],"wp:featuredmedia":[{"embeddable":true,"href":"https:\/\/bloganki.pl\/index.php\/wp-json\/wp\/v2\/media\/12661"}],"wp:attachment":[{"href":"https:\/\/bloganki.pl\/index.php\/wp-json\/wp\/v2\/media?parent=12469"}],"wp:term":[{"taxonomy":"category","embeddable":true,"href":"https:\/\/bloganki.pl\/index.php\/wp-json\/wp\/v2\/categories?post=12469"},{"taxonomy":"post_tag","embeddable":true,"href":"https:\/\/bloganki.pl\/index.php\/wp-json\/wp\/v2\/tags?post=12469"}],"curies":[{"name":"wp","href":"https:\/\/api.w.org\/{rel}","templated":true}]}}