{"id":14096,"date":"2023-03-13T20:09:26","date_gmt":"2023-03-13T19:09:26","guid":{"rendered":"https:\/\/bloganki.pl\/?p=14096"},"modified":"2023-09-03T18:02:55","modified_gmt":"2023-09-03T16:02:55","slug":"troki-trakai-zamek-na-wyspie-karaimi-najbarwniejsza-pozostalosc-po-rzadach-ksiecia-witolda","status":"publish","type":"post","link":"https:\/\/bloganki.pl\/index.php\/2023\/03\/13\/troki-trakai-zamek-na-wyspie-karaimi-najbarwniejsza-pozostalosc-po-rzadach-ksiecia-witolda\/","title":{"rendered":"Troki (Trakai) zamek na wyspie. Karaimi najbarwniejsza pozosta\u0142o\u015b\u0107 po rz\u0105dach Ksi\u0119cia Witolda."},"content":{"rendered":"<p>W Trokach mo\u017cna si\u0119 zakocha\u0107 bez pami\u0119ci. Ja ju\u017c planuj\u0119 wybra\u0107 si\u0119 tam w okresie Bo\u017cego Narodzenia. Na Litwie sp\u0119dzi\u0142am tylko trzy dni i wiem, \u017ce musz\u0119 tam koniecznie wr\u00f3ci\u0107. A dlaczego? Patrz\u0105c na Litw\u0119, \u0141otw\u0119 i Estoni\u0119, to Litwie jest ca\u0142kiem inna, najmniej europejska. Tak sobie my\u015bl\u0119 \u017ce do ko\u0144ca nie wiem czemu zosta\u0142a przyj\u0119ta do Unii Europejskiej, przecie\u017c tak bardzo odstaje.\u00a0 Nigdzie wcze\u015bniej nie wiedzia\u0142am takiej ilo\u015bci starych drewnianych dom\u00f3w pokrytych jeszcze eternitem. Ilo\u015bci ogranicze\u0144 i fotoradar\u00f3w, do tego bardzo s\u0142abe oznakowanie dotycz\u0105ce dopuszczalnej pr\u0119dko\u015bci, sprawia, \u017ce jazda samochodem cz\u0142owieka zwyczajnie m\u0119czy. Rozw\u00f3j gospodarczy wida\u0107, dopiero raczkuje i mo\u017ce w tym tkwi ca\u0142y urok Litwy.<\/p>\n<p>Troki oddalone s\u0105 od Wilna nieca\u0142e 30 km, warto je odwiedzi\u0107 przy okazji wizyty w stolicy.<\/p>\n<figure id=\"attachment_14107\" aria-describedby=\"caption-attachment-14107\" style=\"width: 900px\" class=\"wp-caption alignnone\"><img fetchpriority=\"high\" decoding=\"async\" class=\"wp-image-14107 size-full\" src=\"https:\/\/bloganki.pl\/wp-content\/uploads\/2022\/09\/DSC02985.jpg\" alt=\"\" width=\"900\" height=\"600\" srcset=\"https:\/\/bloganki.pl\/wp-content\/uploads\/2022\/09\/DSC02985.jpg 900w, https:\/\/bloganki.pl\/wp-content\/uploads\/2022\/09\/DSC02985-300x200.jpg 300w, https:\/\/bloganki.pl\/wp-content\/uploads\/2022\/09\/DSC02985-768x512.jpg 768w\" sizes=\"(max-width: 900px) 100vw, 900px\" \/><figcaption id=\"caption-attachment-14107\" class=\"wp-caption-text\">Troki (Litwa).<\/figcaption><\/figure>\n<figure id=\"attachment_14108\" aria-describedby=\"caption-attachment-14108\" style=\"width: 900px\" class=\"wp-caption alignnone\"><img decoding=\"async\" class=\"wp-image-14108 size-full\" src=\"https:\/\/bloganki.pl\/wp-content\/uploads\/2022\/09\/DSC03003.jpg\" alt=\"\" width=\"900\" height=\"600\" srcset=\"https:\/\/bloganki.pl\/wp-content\/uploads\/2022\/09\/DSC03003.jpg 900w, https:\/\/bloganki.pl\/wp-content\/uploads\/2022\/09\/DSC03003-300x200.jpg 300w, https:\/\/bloganki.pl\/wp-content\/uploads\/2022\/09\/DSC03003-768x512.jpg 768w\" sizes=\"(max-width: 900px) 100vw, 900px\" \/><figcaption id=\"caption-attachment-14108\" class=\"wp-caption-text\">Troki (Litwa).<\/figcaption><\/figure>\n<figure id=\"attachment_14106\" aria-describedby=\"caption-attachment-14106\" style=\"width: 900px\" class=\"wp-caption alignnone\"><img decoding=\"async\" class=\"wp-image-14106 size-full\" src=\"https:\/\/bloganki.pl\/wp-content\/uploads\/2022\/09\/DSC03090.jpg\" alt=\"\" width=\"900\" height=\"600\" srcset=\"https:\/\/bloganki.pl\/wp-content\/uploads\/2022\/09\/DSC03090.jpg 900w, https:\/\/bloganki.pl\/wp-content\/uploads\/2022\/09\/DSC03090-300x200.jpg 300w, https:\/\/bloganki.pl\/wp-content\/uploads\/2022\/09\/DSC03090-768x512.jpg 768w\" sizes=\"(max-width: 900px) 100vw, 900px\" \/><figcaption id=\"caption-attachment-14106\" class=\"wp-caption-text\">Troki (Litwa).<\/figcaption><\/figure>\n<figure id=\"attachment_14105\" aria-describedby=\"caption-attachment-14105\" style=\"width: 900px\" class=\"wp-caption alignnone\"><img loading=\"lazy\" decoding=\"async\" class=\"wp-image-14105 size-full\" src=\"https:\/\/bloganki.pl\/wp-content\/uploads\/2022\/09\/DSC03075.jpg\" alt=\"\" width=\"900\" height=\"600\" srcset=\"https:\/\/bloganki.pl\/wp-content\/uploads\/2022\/09\/DSC03075.jpg 900w, https:\/\/bloganki.pl\/wp-content\/uploads\/2022\/09\/DSC03075-300x200.jpg 300w, https:\/\/bloganki.pl\/wp-content\/uploads\/2022\/09\/DSC03075-768x512.jpg 768w\" sizes=\"(max-width: 900px) 100vw, 900px\" \/><figcaption id=\"caption-attachment-14105\" class=\"wp-caption-text\">Troki (Litwa).<\/figcaption><\/figure>\n<p><strong>Karaimi<\/strong> to grupa etniczna u\u017cywaj\u0105ca jednego z j\u0119zyk\u00f3w tureckich, w Trokach osiedlili si\u0119 w ko\u0144cu XIV wieku. Za oficjaln\u0105 dat\u0119 osiedlenia si\u0119 Karaim\u00f3w w Trokach uwa\u017ca si\u0119 1397-1398 r. Nazwa tego ludu wywodzi si\u0119 z religii karaimskiej. Religia ta jest oparta na Starym Testamencie i posiada pewne elementy islamu. W Trokach zachowa\u0142 si\u0119 budynek kultu Karaim\u00f3w <strong>kenesa<\/strong> (w j\u0119zyku karaimskim oznacza \u015bwi\u0105tyni\u0119). W 1894 roku zbudowano now\u0105 drewnian\u0105 kanes\u0119. W latach 1903-1904 zosta\u0142a odremontowana i do tej pory jej wygl\u0105d zewn\u0119trzny nie uleg\u0142 zmianie. Kanes\u0119 mo\u017cna nie tylko obejrze\u0107 z zewn\u0105trz, ale tak\u017ce mo\u017cna wej\u015b\u0107 do \u015brodka, pos\u0142ucha\u0107 opowie\u015bci starego Karaima o historii i religii tego ma\u0142ego narodu.<\/p>\n<figure id=\"attachment_14101\" aria-describedby=\"caption-attachment-14101\" style=\"width: 900px\" class=\"wp-caption alignnone\"><img loading=\"lazy\" decoding=\"async\" class=\"wp-image-14101 size-full\" src=\"https:\/\/bloganki.pl\/wp-content\/uploads\/2022\/09\/DSC03071.jpg\" alt=\"\" width=\"900\" height=\"600\" srcset=\"https:\/\/bloganki.pl\/wp-content\/uploads\/2022\/09\/DSC03071.jpg 900w, https:\/\/bloganki.pl\/wp-content\/uploads\/2022\/09\/DSC03071-300x200.jpg 300w, https:\/\/bloganki.pl\/wp-content\/uploads\/2022\/09\/DSC03071-768x512.jpg 768w\" sizes=\"(max-width: 900px) 100vw, 900px\" \/><figcaption id=\"caption-attachment-14101\" class=\"wp-caption-text\">Miejska zabudowa karaimska &#8211; Troki.<\/figcaption><\/figure>\n<p>Domy Karaim\u00f3w trockich stoj\u0105 na zwartym obszarze. Przez d\u0142ugi okres ta cz\u0119\u015b\u0107 miasta by\u0142a nazywana Ma\u0142ym Miastem. Od 1441 roku wsp\u00f3lnota karaimska posiada samorz\u0105d. Domy Karaim\u00f3w mo\u017cna bardzo \u0142atwo odr\u00f3\u017cni\u0107: najcz\u0119\u015bciej stoj\u0105 one szczytem z trzema oknami w stron\u0119 ulicy. W restauracjach serwuj\u0105cych potrawy karaimskie mo\u017cna spr\u00f3bowa\u0107 da\u0144 narodowych, np.: kibin\u00f3w lub krupniku przygotowanego wed\u0142ug specjalnej receptury. Zapozna\u0107 si\u0119 z tradycjami, kultura etnograficzn\u0105\u00a0 Karaim\u00f3w mo\u017cna na Wystawie Etnograficznej Karaim\u00f3w.<\/p>\n<figure id=\"attachment_14102\" aria-describedby=\"caption-attachment-14102\" style=\"width: 900px\" class=\"wp-caption alignnone\"><img loading=\"lazy\" decoding=\"async\" class=\"wp-image-14102 size-full\" src=\"https:\/\/bloganki.pl\/wp-content\/uploads\/2022\/09\/DSC03068.jpg\" alt=\"\" width=\"900\" height=\"600\" srcset=\"https:\/\/bloganki.pl\/wp-content\/uploads\/2022\/09\/DSC03068.jpg 900w, https:\/\/bloganki.pl\/wp-content\/uploads\/2022\/09\/DSC03068-300x200.jpg 300w, https:\/\/bloganki.pl\/wp-content\/uploads\/2022\/09\/DSC03068-768x512.jpg 768w\" sizes=\"(max-width: 900px) 100vw, 900px\" \/><figcaption id=\"caption-attachment-14102\" class=\"wp-caption-text\">Miejska zabudowa karaimska &#8211; Troki.<\/figcaption><\/figure>\n<figure id=\"attachment_14836\" aria-describedby=\"caption-attachment-14836\" style=\"width: 900px\" class=\"wp-caption alignnone\"><img loading=\"lazy\" decoding=\"async\" class=\"wp-image-14836 size-full\" src=\"https:\/\/bloganki.pl\/wp-content\/uploads\/2023\/01\/DSC03066.jpg\" alt=\"\" width=\"900\" height=\"600\" srcset=\"https:\/\/bloganki.pl\/wp-content\/uploads\/2023\/01\/DSC03066.jpg 900w, https:\/\/bloganki.pl\/wp-content\/uploads\/2023\/01\/DSC03066-300x200.jpg 300w, https:\/\/bloganki.pl\/wp-content\/uploads\/2023\/01\/DSC03066-768x512.jpg 768w\" sizes=\"(max-width: 900px) 100vw, 900px\" \/><figcaption id=\"caption-attachment-14836\" class=\"wp-caption-text\">Troki (Litwa).<\/figcaption><\/figure>\n<h3 style=\"text-align: center;\"><span style=\"color: #2c2699;\">Troki &#8211; zamek na wyspie.<\/span><\/h3>\n<figure id=\"attachment_14837\" aria-describedby=\"caption-attachment-14837\" style=\"width: 900px\" class=\"wp-caption alignnone\"><img loading=\"lazy\" decoding=\"async\" class=\"wp-image-14837 size-full\" src=\"https:\/\/bloganki.pl\/wp-content\/uploads\/2023\/01\/DSC03055.jpg\" alt=\"\" width=\"900\" height=\"600\" srcset=\"https:\/\/bloganki.pl\/wp-content\/uploads\/2023\/01\/DSC03055.jpg 900w, https:\/\/bloganki.pl\/wp-content\/uploads\/2023\/01\/DSC03055-300x200.jpg 300w, https:\/\/bloganki.pl\/wp-content\/uploads\/2023\/01\/DSC03055-768x512.jpg 768w\" sizes=\"(max-width: 900px) 100vw, 900px\" \/><figcaption id=\"caption-attachment-14837\" class=\"wp-caption-text\">Zamek w Trokach (Litwa).<\/figcaption><\/figure>\n<p>Chluba Litwy \u2013 zamek z ko\u0144ca\u00a0XIV w. wzniesiony na wyspie na\u00a0jeziorze Galwe. Jest to jedyny zamek w Europie Wschodniej stoj\u0105cy na wyspie. S\u0105dzi si\u0119, \u017ce budow\u0119 zamku na wyspie rozpocz\u0105\u0142 Kiejstut w ko\u0144cu\u00a0XIV w.,\u00a0za\u015b budow\u0119 zako\u0144czy\u0142\u00a0 jego syn Witold na pocz\u0105tku XV w.<br \/>\nPo \u015bmierci Wielkiego Ksi\u0119cia Litwy \u00a0Witolda w 1430 r. zamek by\u0142 odwiedzany coraz rzadziej. W wyniku zmian taktyki wojennej oraz na pocz\u0105tku\u00a0XVI w.\u00a0 po umocnieniu si\u0119 Wilna rola zamku na wyspie zmala\u0142a. Latem 1655 r. w czasie wojny z Rosj\u0105 i Szwecj\u0105 po zaj\u0119ciu Trok przez Kozak\u00f3w zamek na wyspie zosta\u0142 zniszczony.<br \/>\nW 1962 r. zamek na wyspie zosta\u0142 przekazany Muzeum Historycznemu w Trokach. Tutaj urz\u0105dzono ekspozycje, odbywaj\u0105 si\u0119 wystawy,\u00a0imprezy historyczno-kulturalne\u00a0i inne. Mi\u0142o\u015bnik\u00f3w muzyki w sezonie letnim tutaj przyci\u0105gaj\u0105 wyst\u0119py Litewskiej Opery Narodowej i Baletu, koncerty zespo\u0142\u00f3w muzyki dawnej.<\/p>\n<figure id=\"attachment_14838\" aria-describedby=\"caption-attachment-14838\" style=\"width: 900px\" class=\"wp-caption alignnone\"><img loading=\"lazy\" decoding=\"async\" class=\"wp-image-14838 size-full\" src=\"https:\/\/bloganki.pl\/wp-content\/uploads\/2023\/01\/DSC03015.jpg\" alt=\"\" width=\"900\" height=\"600\" srcset=\"https:\/\/bloganki.pl\/wp-content\/uploads\/2023\/01\/DSC03015.jpg 900w, https:\/\/bloganki.pl\/wp-content\/uploads\/2023\/01\/DSC03015-300x200.jpg 300w, https:\/\/bloganki.pl\/wp-content\/uploads\/2023\/01\/DSC03015-768x512.jpg 768w\" sizes=\"(max-width: 900px) 100vw, 900px\" \/><figcaption id=\"caption-attachment-14838\" class=\"wp-caption-text\">Zamek w Trokach (Litwa).<\/figcaption><\/figure>\n<figure id=\"attachment_14839\" aria-describedby=\"caption-attachment-14839\" style=\"width: 900px\" class=\"wp-caption alignnone\"><img loading=\"lazy\" decoding=\"async\" class=\"wp-image-14839 size-full\" src=\"https:\/\/bloganki.pl\/wp-content\/uploads\/2023\/01\/DSC03016.jpg\" alt=\"\" width=\"900\" height=\"600\" srcset=\"https:\/\/bloganki.pl\/wp-content\/uploads\/2023\/01\/DSC03016.jpg 900w, https:\/\/bloganki.pl\/wp-content\/uploads\/2023\/01\/DSC03016-300x200.jpg 300w, https:\/\/bloganki.pl\/wp-content\/uploads\/2023\/01\/DSC03016-768x512.jpg 768w\" sizes=\"(max-width: 900px) 100vw, 900px\" \/><figcaption id=\"caption-attachment-14839\" class=\"wp-caption-text\">Zamek w Trokach (Litwa).<\/figcaption><\/figure>\n<p>W sezonie letnim ceny bilet\u00f3w wst\u0119pu to: 12 EUR-o\u00a0 bilet normalny, 6 EUR-o bilet ulgowy. Pani sprzedaj\u0105ca bilety w kasie m\u00f3wi po polsku. Na zwiedzanie zamku trzeba przeznaczy\u0107 oko\u0142o 2 godzin.<\/p>\n<figure id=\"attachment_14840\" aria-describedby=\"caption-attachment-14840\" style=\"width: 900px\" class=\"wp-caption alignnone\"><img loading=\"lazy\" decoding=\"async\" class=\"wp-image-14840 size-full\" src=\"https:\/\/bloganki.pl\/wp-content\/uploads\/2023\/01\/DSC03021.jpg\" alt=\"\" width=\"900\" height=\"600\" srcset=\"https:\/\/bloganki.pl\/wp-content\/uploads\/2023\/01\/DSC03021.jpg 900w, https:\/\/bloganki.pl\/wp-content\/uploads\/2023\/01\/DSC03021-300x200.jpg 300w, https:\/\/bloganki.pl\/wp-content\/uploads\/2023\/01\/DSC03021-768x512.jpg 768w\" sizes=\"(max-width: 900px) 100vw, 900px\" \/><figcaption id=\"caption-attachment-14840\" class=\"wp-caption-text\">Zamek w Trokach (Litwa).<\/figcaption><\/figure>\n<figure id=\"attachment_14841\" aria-describedby=\"caption-attachment-14841\" style=\"width: 900px\" class=\"wp-caption alignnone\"><img loading=\"lazy\" decoding=\"async\" class=\"wp-image-14841 size-full\" src=\"https:\/\/bloganki.pl\/wp-content\/uploads\/2023\/01\/DSC03023.jpg\" alt=\"\" width=\"900\" height=\"600\" srcset=\"https:\/\/bloganki.pl\/wp-content\/uploads\/2023\/01\/DSC03023.jpg 900w, https:\/\/bloganki.pl\/wp-content\/uploads\/2023\/01\/DSC03023-300x200.jpg 300w, https:\/\/bloganki.pl\/wp-content\/uploads\/2023\/01\/DSC03023-768x512.jpg 768w\" sizes=\"(max-width: 900px) 100vw, 900px\" \/><figcaption id=\"caption-attachment-14841\" class=\"wp-caption-text\">Zamek w Trokach (Litwa).<\/figcaption><\/figure>\n<figure id=\"attachment_14842\" aria-describedby=\"caption-attachment-14842\" style=\"width: 900px\" class=\"wp-caption alignnone\"><img loading=\"lazy\" decoding=\"async\" class=\"wp-image-14842 size-full\" src=\"https:\/\/bloganki.pl\/wp-content\/uploads\/2023\/01\/DSC03024.jpg\" alt=\"\" width=\"900\" height=\"600\" srcset=\"https:\/\/bloganki.pl\/wp-content\/uploads\/2023\/01\/DSC03024.jpg 900w, https:\/\/bloganki.pl\/wp-content\/uploads\/2023\/01\/DSC03024-300x200.jpg 300w, https:\/\/bloganki.pl\/wp-content\/uploads\/2023\/01\/DSC03024-768x512.jpg 768w\" sizes=\"(max-width: 900px) 100vw, 900px\" \/><figcaption id=\"caption-attachment-14842\" class=\"wp-caption-text\">Zamek w Trokach (Litwa).<\/figcaption><\/figure>\n<figure id=\"attachment_14844\" aria-describedby=\"caption-attachment-14844\" style=\"width: 900px\" class=\"wp-caption alignnone\"><img loading=\"lazy\" decoding=\"async\" class=\"wp-image-14844 size-full\" src=\"https:\/\/bloganki.pl\/wp-content\/uploads\/2023\/01\/DSC03036.jpg\" alt=\"\" width=\"900\" height=\"600\" srcset=\"https:\/\/bloganki.pl\/wp-content\/uploads\/2023\/01\/DSC03036.jpg 900w, https:\/\/bloganki.pl\/wp-content\/uploads\/2023\/01\/DSC03036-300x200.jpg 300w, https:\/\/bloganki.pl\/wp-content\/uploads\/2023\/01\/DSC03036-768x512.jpg 768w\" sizes=\"(max-width: 900px) 100vw, 900px\" \/><figcaption id=\"caption-attachment-14844\" class=\"wp-caption-text\">Zamek w Trokach (Litwa).<\/figcaption><\/figure>\n<p>Lubisz to co robi\u0119?\u00a0 B\u0119dzie mi niezmiernie mi\u0142o je\u015bli wypijemy razem kaw\u0119.<\/p>\n<p><a href=\"https:\/\/buycoffee.to\/bloganki\"><img loading=\"lazy\" decoding=\"async\" class=\"alignnone wp-image-16653 size-medium\" src=\"https:\/\/bloganki.pl\/wp-content\/uploads\/2023\/09\/GIF-1-300x84.gif\" alt=\"\" width=\"300\" height=\"84\" \/><\/a><\/p>\n","protected":false},"excerpt":{"rendered":"<p>W Trokach mo\u017cna si\u0119 zakocha\u0107 bez pami\u0119ci. Ja ju\u017c planuj\u0119 wybra\u0107 si\u0119 tam w okresie Bo\u017cego Narodzenia. Na Litwie sp\u0119dzi\u0142am tylko trzy dni i wiem, \u017ce musz\u0119 tam koniecznie wr\u00f3ci\u0107. A dlaczego? Patrz\u0105c na Litw\u0119, \u0141otw\u0119 i Estoni\u0119, to Litwie jest ca\u0142kiem inna, najmniej europejska. Tak sobie my\u015bl\u0119 \u017ce do ko\u0144ca nie wiem czemu zosta\u0142a przyj\u0119ta do Unii Europejskiej, przecie\u017c tak bardzo odstaje.\u00a0 Nigdzie wcze\u015bniej nie wiedzia\u0142am takiej ilo\u015bci starych drewnianych dom\u00f3w pokrytych jeszcze eternitem. Ilo\u015bci ogranicze\u0144 i fotoradar\u00f3w, do tego bardzo s\u0142abe oznakowanie dotycz\u0105ce dopuszczalnej pr\u0119dko\u015bci, sprawia, \u017ce jazda samochodem cz\u0142owieka zwyczajnie m\u0119czy. Rozw\u00f3j gospodarczy wida\u0107, dopiero raczkuje i mo\u017ce w tym tkwi ca\u0142y urok Litwy. Troki oddalone s\u0105 od Wilna nieca\u0142e 30 km, warto je odwiedzi\u0107 przy okazji wizyty w stolicy. Karaimi to grupa etniczna u\u017cywaj\u0105ca jednego z j\u0119zyk\u00f3w tureckich, w Trokach osiedlili si\u0119 w ko\u0144cu XIV wieku. Za oficjaln\u0105 dat\u0119 osiedlenia si\u0119 Karaim\u00f3w w Trokach uwa\u017ca si\u0119 1397-1398 r. Nazwa tego ludu wywodzi si\u0119 z religii karaimskiej. Religia ta jest oparta na Starym Testamencie i posiada pewne elementy islamu. W Trokach zachowa\u0142 si\u0119 budynek kultu Karaim\u00f3w kenesa (w j\u0119zyku karaimskim oznacza \u015bwi\u0105tyni\u0119). W 1894 roku zbudowano now\u0105 drewnian\u0105 kanes\u0119. W latach 1903-1904 zosta\u0142a odremontowana i do tej pory jej wygl\u0105d zewn\u0119trzny nie uleg\u0142 zmianie. Kanes\u0119 mo\u017cna nie tylko obejrze\u0107 z zewn\u0105trz, ale tak\u017ce mo\u017cna wej\u015b\u0107 do \u015brodka, pos\u0142ucha\u0107 opowie\u015bci starego Karaima o historii i religii tego ma\u0142ego narodu. Domy Karaim\u00f3w trockich stoj\u0105 na zwartym obszarze. Przez d\u0142ugi okres ta cz\u0119\u015b\u0107 miasta by\u0142a nazywana Ma\u0142ym Miastem. Od 1441 roku wsp\u00f3lnota karaimska posiada samorz\u0105d. Domy Karaim\u00f3w mo\u017cna bardzo \u0142atwo odr\u00f3\u017cni\u0107: najcz\u0119\u015bciej stoj\u0105 one szczytem z trzema oknami w stron\u0119 ulicy. W restauracjach serwuj\u0105cych potrawy karaimskie mo\u017cna spr\u00f3bowa\u0107 da\u0144 narodowych, np.: kibin\u00f3w lub krupniku przygotowanego wed\u0142ug specjalnej receptury. Zapozna\u0107 si\u0119 z tradycjami, kultura etnograficzn\u0105\u00a0 Karaim\u00f3w mo\u017cna na Wystawie Etnograficznej Karaim\u00f3w. Troki &#8211; zamek na wyspie. Chluba Litwy \u2013 zamek z ko\u0144ca\u00a0XIV w. wzniesiony na wyspie na\u00a0jeziorze Galwe. Jest to jedyny zamek w Europie Wschodniej stoj\u0105cy na wyspie. S\u0105dzi si\u0119, \u017ce budow\u0119 zamku na wyspie rozpocz\u0105\u0142 Kiejstut w ko\u0144cu\u00a0XIV w.,\u00a0za\u015b budow\u0119 zako\u0144czy\u0142\u00a0 jego syn Witold na pocz\u0105tku XV w. Po \u015bmierci Wielkiego Ksi\u0119cia Litwy \u00a0Witolda w 1430 r. zamek by\u0142 odwiedzany coraz rzadziej. W wyniku zmian taktyki wojennej oraz na pocz\u0105tku\u00a0XVI w.\u00a0 po umocnieniu si\u0119 Wilna rola zamku na wyspie zmala\u0142a. Latem 1655 r. w czasie wojny z Rosj\u0105 i Szwecj\u0105 po zaj\u0119ciu Trok przez Kozak\u00f3w zamek na wyspie zosta\u0142 zniszczony. W 1962 r. zamek na wyspie zosta\u0142 przekazany Muzeum Historycznemu w Trokach. Tutaj urz\u0105dzono ekspozycje, odbywaj\u0105 si\u0119 wystawy,\u00a0imprezy historyczno-kulturalne\u00a0i inne. Mi\u0142o\u015bnik\u00f3w muzyki w sezonie letnim tutaj przyci\u0105gaj\u0105 wyst\u0119py Litewskiej Opery Narodowej i Baletu, koncerty zespo\u0142\u00f3w muzyki dawnej. W sezonie letnim ceny bilet\u00f3w wst\u0119pu to: 12 EUR-o\u00a0 bilet normalny, 6 EUR-o bilet ulgowy. Pani sprzedaj\u0105ca bilety w kasie m\u00f3wi po polsku. Na zwiedzanie zamku trzeba przeznaczy\u0107 oko\u0142o 2 godzin. Lubisz to co robi\u0119?\u00a0 B\u0119dzie mi niezmiernie mi\u0142o je\u015bli wypijemy razem kaw\u0119.<\/p>\n","protected":false},"author":3,"featured_media":14093,"comment_status":"open","ping_status":"open","sticky":false,"template":"","format":"standard","meta":{"_monsterinsights_skip_tracking":false,"_monsterinsights_sitenote_active":false,"_monsterinsights_sitenote_note":"","_monsterinsights_sitenote_category":0,"footnotes":""},"categories":[17,683],"tags":[681,682],"class_list":["post-14096","post","type-post","status-publish","format-standard","has-post-thumbnail","hentry","category-europa","category-litwa","tag-litwa","tag-troki"],"aioseo_notices":[],"acf":[],"_links":{"self":[{"href":"https:\/\/bloganki.pl\/index.php\/wp-json\/wp\/v2\/posts\/14096","targetHints":{"allow":["GET"]}}],"collection":[{"href":"https:\/\/bloganki.pl\/index.php\/wp-json\/wp\/v2\/posts"}],"about":[{"href":"https:\/\/bloganki.pl\/index.php\/wp-json\/wp\/v2\/types\/post"}],"author":[{"embeddable":true,"href":"https:\/\/bloganki.pl\/index.php\/wp-json\/wp\/v2\/users\/3"}],"replies":[{"embeddable":true,"href":"https:\/\/bloganki.pl\/index.php\/wp-json\/wp\/v2\/comments?post=14096"}],"version-history":[{"count":14,"href":"https:\/\/bloganki.pl\/index.php\/wp-json\/wp\/v2\/posts\/14096\/revisions"}],"predecessor-version":[{"id":16690,"href":"https:\/\/bloganki.pl\/index.php\/wp-json\/wp\/v2\/posts\/14096\/revisions\/16690"}],"wp:featuredmedia":[{"embeddable":true,"href":"https:\/\/bloganki.pl\/index.php\/wp-json\/wp\/v2\/media\/14093"}],"wp:attachment":[{"href":"https:\/\/bloganki.pl\/index.php\/wp-json\/wp\/v2\/media?parent=14096"}],"wp:term":[{"taxonomy":"category","embeddable":true,"href":"https:\/\/bloganki.pl\/index.php\/wp-json\/wp\/v2\/categories?post=14096"},{"taxonomy":"post_tag","embeddable":true,"href":"https:\/\/bloganki.pl\/index.php\/wp-json\/wp\/v2\/tags?post=14096"}],"curies":[{"name":"wp","href":"https:\/\/api.w.org\/{rel}","templated":true}]}}