{"id":18710,"date":"2026-09-05T17:21:30","date_gmt":"2026-09-05T15:21:30","guid":{"rendered":"https:\/\/bloganki.pl\/?p=18710"},"modified":"2026-09-05T17:23:42","modified_gmt":"2026-09-05T15:23:42","slug":"zoltym-szlakiem-z-barczy-na-bukowa-gore-malownicza-trasa-w-gorach-swietokrzyskich","status":"publish","type":"post","link":"https:\/\/bloganki.pl\/index.php\/2026\/09\/05\/zoltym-szlakiem-z-barczy-na-bukowa-gore-malownicza-trasa-w-gorach-swietokrzyskich\/","title":{"rendered":"\u017b\u00f3\u0142tym szlakiem z Barczy na Bukow\u0105 G\u00f3r\u0119 \u2013 malownicza trasa w G\u00f3rach \u015awi\u0119tokrzyskich."},"content":{"rendered":"<p><span style=\"color: #1d344d;\">G\u00f3ry \u015awi\u0119tokrzyskie maj\u0105 w sobie co\u015b, co sprawia, \u017ce bardzo lubi\u0119 do nich wraca\u0107. Nie s\u0105 wysokie, nie maj\u0105 pot\u0119\u017cnych szczyt\u00f3w ani spektakularnych przepa\u015bci, a mimo to za ka\u017cdym razem potrafi\u0105 mnie czym\u015b zaskoczy\u0107.<\/span><\/p>\n<p><span style=\"color: #1d344d;\">Najbardziej lubi\u0119 tutaj lasy. Ich cisz\u0119, zapach i te momenty, kiedy wystarczy odej\u015b\u0107 kawa\u0142ek od drogi, \u017ceby zupe\u0142nie zapomnie\u0107 o codziennym po\u015bpiechu.<\/span><\/p>\n<p><span style=\"color: #1d344d;\">Tym razem wybra\u0142am \u017c\u00f3\u0142ty szlak z Barczy przez Klon\u00f3w na Bukow\u0105 G\u00f3r\u0119.<\/span><\/p>\n<p><span style=\"color: #1d344d;\">To niespe\u0142na 11 kilometr\u00f3w bardzo przyjemnej w\u0119dr\u00f3wki przez lasy Pasma Klonowskiego. Po drodze czeka\u0142o na mnie kilka niewielkich podej\u015b\u0107, troch\u0119 historii, pi\u0119kne le\u015bne \u015bcie\u017cki, widoki i ska\u0142ki na Bukowej G\u00f3rze.<\/span><\/p>\n<p><span style=\"color: #1d344d;\"><strong>Trasa: Barcza \u2013 Klon\u00f3w \u2013 Bukowa G\u00f3ra<\/strong><\/span><\/p>\n<p><span style=\"color: #1d344d;\"><strong>Czas przej\u015bcia: oko\u0142o 3 godziny 15 minut<\/strong><\/span><\/p>\n<p><span style=\"color: #1d344d;\"><strong>D\u0142ugo\u015b\u0107 szlaku: 10,8 km<\/strong><\/span><\/p>\n<p><span style=\"color: #1d344d;\">Ju\u017c na pocz\u0105tku wiedzia\u0142am, \u017ce b\u0119dzie to jedna z tych tras, kt\u00f3re dobrze zapami\u0119tam.<\/span><\/p>\n<figure id=\"attachment_18713\" aria-describedby=\"caption-attachment-18713\" style=\"width: 900px\" class=\"wp-caption aligncenter\"><img fetchpriority=\"high\" decoding=\"async\" class=\"wp-image-18713 size-full\" src=\"https:\/\/bloganki.pl\/wp-content\/uploads\/2025\/10\/20250913_130146.jpg\" alt=\"\" width=\"900\" height=\"675\" srcset=\"https:\/\/bloganki.pl\/wp-content\/uploads\/2025\/10\/20250913_130146.jpg 900w, https:\/\/bloganki.pl\/wp-content\/uploads\/2025\/10\/20250913_130146-300x225.jpg 300w, https:\/\/bloganki.pl\/wp-content\/uploads\/2025\/10\/20250913_130146-768x576.jpg 768w\" sizes=\"(max-width: 900px) 100vw, 900px\" \/><figcaption id=\"caption-attachment-18713\" class=\"wp-caption-text\"><\/span> <span style=\"color: #1d344d;\">Parking le\u015bny w Barczy.<\/span><\/figcaption><\/figure>\n<div class=\"mceTemp\"><\/div>\n<figure id=\"attachment_18714\" aria-describedby=\"caption-attachment-18714\" style=\"width: 900px\" class=\"wp-caption aligncenter\"><img decoding=\"async\" class=\"wp-image-18714 size-full\" src=\"https:\/\/bloganki.pl\/wp-content\/uploads\/2025\/10\/20250913_130616.jpg\" alt=\"\" width=\"900\" height=\"675\" srcset=\"https:\/\/bloganki.pl\/wp-content\/uploads\/2025\/10\/20250913_130616.jpg 900w, https:\/\/bloganki.pl\/wp-content\/uploads\/2025\/10\/20250913_130616-300x225.jpg 300w, https:\/\/bloganki.pl\/wp-content\/uploads\/2025\/10\/20250913_130616-768x576.jpg 768w\" sizes=\"(max-width: 900px) 100vw, 900px\" \/><figcaption id=\"caption-attachment-18714\" class=\"wp-caption-text\"><\/span> <span style=\"color: #1d344d;\">\u017b\u00f3\u0142ty szlak z Barczy do Bukowej G\u00f3ry.<\/span><\/figcaption><\/figure>\n<figure id=\"attachment_18715\" aria-describedby=\"caption-attachment-18715\" style=\"width: 900px\" class=\"wp-caption aligncenter\"><img decoding=\"async\" class=\"wp-image-18715 size-full\" src=\"https:\/\/bloganki.pl\/wp-content\/uploads\/2025\/10\/20250913_131222.jpg\" alt=\"\" width=\"900\" height=\"675\" srcset=\"https:\/\/bloganki.pl\/wp-content\/uploads\/2025\/10\/20250913_131222.jpg 900w, https:\/\/bloganki.pl\/wp-content\/uploads\/2025\/10\/20250913_131222-300x225.jpg 300w, https:\/\/bloganki.pl\/wp-content\/uploads\/2025\/10\/20250913_131222-768x576.jpg 768w\" sizes=\"(max-width: 900px) 100vw, 900px\" \/><figcaption id=\"caption-attachment-18715\" class=\"wp-caption-text\"><\/span> <span style=\"color: #1d344d;\">\u017b\u00f3\u0142ty szlak z Barczy do Bukowej G\u00f3ry.<\/span><\/figcaption><\/figure>\n<h2><span style=\"color: #1d344d;\">Barcza \u2013 tutaj zacz\u0119\u0142am w\u0119dr\u00f3wk\u0119<\/span><\/h2>\n<p><span style=\"color: #1d344d;\">Samoch\u00f3d zostawi\u0142am w Barczy i ruszy\u0142am \u017c\u00f3\u0142tym szlakiem.<\/span><\/p>\n<p><span style=\"color: #1d344d;\">Bardzo lubi\u0119 ten moment, kiedy jeszcze jestem blisko drogi, a po kilku minutach wszystko zaczyna si\u0119 zmienia\u0107. Samochody zostaj\u0105 gdzie\u015b za plecami, zamiast asfaltu pojawia si\u0119 le\u015bna droga, a ja mog\u0119 wreszcie zwolni\u0107.<\/span><\/p>\n<p><span style=\"color: #1d344d;\">W\u0142a\u015bnie dla takich chwil przyje\u017cd\u017cam w G\u00f3ry \u015awi\u0119tokrzyskie.<\/span><\/p>\n<p><span style=\"color: #1d344d;\">Pierwszy fragment prowadzi\u0142 mnie przez okolice rezerwatu Barcza. To miejsce ciekawe nie tylko przyrodniczo, ale r\u00f3wnie\u017c geologicznie. Wyst\u0119puj\u0105 tutaj ska\u0142y zwi\u0105zane z budow\u0105 G\u00f3r \u015awi\u0119tokrzyskich, a \u015blady dawnego wydobycia przypominaj\u0105, \u017ce cz\u0142owiek od dawna korzysta\u0142 z tego, co kryje \u015bwi\u0119tokrzemska ziemia.<\/span><\/p>\n<p><span style=\"color: #1d344d;\">Przyznam jednak szczerze \u2013 podczas w\u0119dr\u00f3wki nie my\u015bla\u0142am wtedy o geologii.<\/span><\/p>\n<p><span style=\"color: #1d344d;\">Patrzy\u0142am na drzewa.<\/span><\/p>\n<p><span style=\"color: #1d344d;\">Na \u015bwiat\u0142o przedzieraj\u0105ce si\u0119 przez ga\u0142\u0119zie.<\/span><\/p>\n<p><span style=\"color: #1d344d;\">Na \u015bcie\u017ck\u0119, kt\u00f3ra za ka\u017cdym zakr\u0119tem wygl\u0105da\u0142a troch\u0119 inaczej.<\/span><\/p>\n<p><span style=\"color: #1d344d;\">I cieszy\u0142am si\u0119, \u017ce znowu jestem w \u015awi\u0119tokrzyskiem.<\/span><\/p>\n<figure id=\"attachment_18717\" aria-describedby=\"caption-attachment-18717\" style=\"width: 900px\" class=\"wp-caption aligncenter\"><img loading=\"lazy\" decoding=\"async\" class=\"wp-image-18717 size-full\" src=\"https:\/\/bloganki.pl\/wp-content\/uploads\/2025\/10\/20250913_131339.jpg\" alt=\"\" width=\"900\" height=\"675\" srcset=\"https:\/\/bloganki.pl\/wp-content\/uploads\/2025\/10\/20250913_131339.jpg 900w, https:\/\/bloganki.pl\/wp-content\/uploads\/2025\/10\/20250913_131339-300x225.jpg 300w, https:\/\/bloganki.pl\/wp-content\/uploads\/2025\/10\/20250913_131339-768x576.jpg 768w\" sizes=\"(max-width: 900px) 100vw, 900px\" \/><figcaption id=\"caption-attachment-18717\" class=\"wp-caption-text\"><\/span> <span style=\"color: #1d344d;\">\u017b\u00f3\u0142ty szlak z Barczy do Bukowej G\u00f3ry.<\/span><\/figcaption><\/figure>\n<figure id=\"attachment_18719\" aria-describedby=\"caption-attachment-18719\" style=\"width: 900px\" class=\"wp-caption aligncenter\"><img loading=\"lazy\" decoding=\"async\" class=\"wp-image-18719 size-full\" src=\"https:\/\/bloganki.pl\/wp-content\/uploads\/2025\/10\/20250913_131427.jpg\" alt=\"\" width=\"900\" height=\"675\" srcset=\"https:\/\/bloganki.pl\/wp-content\/uploads\/2025\/10\/20250913_131427.jpg 900w, https:\/\/bloganki.pl\/wp-content\/uploads\/2025\/10\/20250913_131427-300x225.jpg 300w, https:\/\/bloganki.pl\/wp-content\/uploads\/2025\/10\/20250913_131427-768x576.jpg 768w\" sizes=\"(max-width: 900px) 100vw, 900px\" \/><figcaption id=\"caption-attachment-18719\" class=\"wp-caption-text\"><\/span> <span style=\"color: #1d344d;\">\u017b\u00f3\u0142ty szlak z Barczy do Bukowej G\u00f3ry.<\/span><\/figcaption><\/figure>\n<figure id=\"attachment_18720\" aria-describedby=\"caption-attachment-18720\" style=\"width: 675px\" class=\"wp-caption aligncenter\"><img loading=\"lazy\" decoding=\"async\" class=\"wp-image-18720 size-full\" src=\"https:\/\/bloganki.pl\/wp-content\/uploads\/2025\/10\/20250913_133233.jpg\" alt=\"\" width=\"675\" height=\"900\" srcset=\"https:\/\/bloganki.pl\/wp-content\/uploads\/2025\/10\/20250913_133233.jpg 675w, https:\/\/bloganki.pl\/wp-content\/uploads\/2025\/10\/20250913_133233-225x300.jpg 225w\" sizes=\"(max-width: 675px) 100vw, 675px\" \/><figcaption id=\"caption-attachment-18720\" class=\"wp-caption-text\"><\/span> <span style=\"color: #1d344d;\">\u017b\u00f3\u0142ty szlak z Barczy do Bukowej G\u00f3ry.<\/span><\/figcaption><\/figure>\n<figure id=\"attachment_18721\" aria-describedby=\"caption-attachment-18721\" style=\"width: 675px\" class=\"wp-caption aligncenter\"><img loading=\"lazy\" decoding=\"async\" class=\"wp-image-18721 size-full\" src=\"https:\/\/bloganki.pl\/wp-content\/uploads\/2025\/10\/20250913_133400.jpg\" alt=\"\" width=\"675\" height=\"900\" srcset=\"https:\/\/bloganki.pl\/wp-content\/uploads\/2025\/10\/20250913_133400.jpg 675w, https:\/\/bloganki.pl\/wp-content\/uploads\/2025\/10\/20250913_133400-225x300.jpg 225w\" sizes=\"(max-width: 675px) 100vw, 675px\" \/><figcaption id=\"caption-attachment-18721\" class=\"wp-caption-text\"><\/span> <span style=\"color: #1d344d;\">\u017b\u00f3\u0142ty szlak z Barczy do Bukowej G\u00f3ry.<\/span><\/figcaption><\/figure>\n<figure id=\"attachment_18722\" aria-describedby=\"caption-attachment-18722\" style=\"width: 900px\" class=\"wp-caption aligncenter\"><img loading=\"lazy\" decoding=\"async\" class=\"wp-image-18722 size-full\" src=\"https:\/\/bloganki.pl\/wp-content\/uploads\/2025\/10\/20250913_133618.jpg\" alt=\"\" width=\"900\" height=\"675\" srcset=\"https:\/\/bloganki.pl\/wp-content\/uploads\/2025\/10\/20250913_133618.jpg 900w, https:\/\/bloganki.pl\/wp-content\/uploads\/2025\/10\/20250913_133618-300x225.jpg 300w, https:\/\/bloganki.pl\/wp-content\/uploads\/2025\/10\/20250913_133618-768x576.jpg 768w\" sizes=\"(max-width: 900px) 100vw, 900px\" \/><figcaption id=\"caption-attachment-18722\" class=\"wp-caption-text\"><\/span> <span style=\"color: #1d344d;\">\u017b\u00f3\u0142ty szlak z Barczy do Bukowej G\u00f3ry.<\/span><\/figcaption><\/figure>\n<figure id=\"attachment_18724\" aria-describedby=\"caption-attachment-18724\" style=\"width: 900px\" class=\"wp-caption aligncenter\"><img loading=\"lazy\" decoding=\"async\" class=\"wp-image-18724 size-full\" src=\"https:\/\/bloganki.pl\/wp-content\/uploads\/2025\/10\/20250913_133621.jpg\" alt=\"\" width=\"900\" height=\"675\" srcset=\"https:\/\/bloganki.pl\/wp-content\/uploads\/2025\/10\/20250913_133621.jpg 900w, https:\/\/bloganki.pl\/wp-content\/uploads\/2025\/10\/20250913_133621-300x225.jpg 300w, https:\/\/bloganki.pl\/wp-content\/uploads\/2025\/10\/20250913_133621-768x576.jpg 768w\" sizes=\"(max-width: 900px) 100vw, 900px\" \/><figcaption id=\"caption-attachment-18724\" class=\"wp-caption-text\"><\/span> <span style=\"color: #1d344d;\">\u017b\u00f3\u0142ty szlak z Barczy do Bukowej G\u00f3ry.<\/span><\/figcaption><\/figure>\n<figure id=\"attachment_18725\" aria-describedby=\"caption-attachment-18725\" style=\"width: 900px\" class=\"wp-caption aligncenter\"><img loading=\"lazy\" decoding=\"async\" class=\"wp-image-18725 size-full\" src=\"https:\/\/bloganki.pl\/wp-content\/uploads\/2025\/10\/20250913_134542.jpg\" alt=\"\" width=\"900\" height=\"675\" srcset=\"https:\/\/bloganki.pl\/wp-content\/uploads\/2025\/10\/20250913_134542.jpg 900w, https:\/\/bloganki.pl\/wp-content\/uploads\/2025\/10\/20250913_134542-300x225.jpg 300w, https:\/\/bloganki.pl\/wp-content\/uploads\/2025\/10\/20250913_134542-768x576.jpg 768w\" sizes=\"(max-width: 900px) 100vw, 900px\" \/><figcaption id=\"caption-attachment-18725\" class=\"wp-caption-text\"><\/span> <span style=\"color: #1d344d;\">\u017b\u00f3\u0142ty szlak z Barczy do Bukowej G\u00f3ry.<\/span><\/figcaption><\/figure>\n<h2><span style=\"color: #1d344d;\">Las, kt\u00f3ry lubi\u0119 najbardziej<\/span><\/h2>\n<p><span style=\"color: #1d344d;\">Ten szlak bardzo szybko przypomnia\u0142 mi, dlaczego tak lubi\u0119 \u015bwi\u0119tokrzyskie lasy.<\/span><\/p>\n<p><span style=\"color: #1d344d;\">Rosn\u0105 tutaj jod\u0142y i buki, a las ma zupe\u0142nie inny charakter ni\u017c dobrze mi znane sosnowe lasy. Jest bardziej g\u00f3rski, troch\u0119 ciemniejszy i ma sw\u00f3j charakterystyczny zapach.<\/span><\/p>\n<p><span style=\"color: #1d344d;\">Czasami wystarczy\u0142o kilka krok\u00f3w, \u017cebym poczu\u0142a wilgotn\u0105 ziemi\u0119 i le\u015bn\u0105 \u015bci\u00f3\u0142k\u0119.<\/span><\/p>\n<p><span style=\"color: #1d344d;\">Uwielbiam ten zapach.<\/span><\/p>\n<p><span style=\"color: #1d344d;\">W takich chwilach zupe\u0142nie przestaj\u0119 si\u0119 spieszy\u0107.<\/span><\/p>\n<p><span style=\"color: #1d344d;\">\u017b\u00f3\u0142ty szlak prowadzi\u0142 mnie przez kolejne le\u015bne wzniesienia. Nie by\u0142y one wysokie, ale na trasie pojawi\u0142o si\u0119 kilka podej\u015b\u0107, wi\u0119c nogi troch\u0119 popracowa\u0142y.<\/span><\/p>\n<p><span style=\"color: #1d344d;\">I bardzo dobrze.<\/span><\/p>\n<p><span style=\"color: #1d344d;\">Przecie\u017c w\u0142a\u015bnie po to przyjecha\u0142am w g\u00f3ry.<\/span><\/p>\n<figure id=\"attachment_18726\" aria-describedby=\"caption-attachment-18726\" style=\"width: 900px\" class=\"wp-caption aligncenter\"><img loading=\"lazy\" decoding=\"async\" class=\"wp-image-18726 size-full\" src=\"https:\/\/bloganki.pl\/wp-content\/uploads\/2025\/10\/20250913_134610.jpg\" alt=\"\" width=\"900\" height=\"675\" srcset=\"https:\/\/bloganki.pl\/wp-content\/uploads\/2025\/10\/20250913_134610.jpg 900w, https:\/\/bloganki.pl\/wp-content\/uploads\/2025\/10\/20250913_134610-300x225.jpg 300w, https:\/\/bloganki.pl\/wp-content\/uploads\/2025\/10\/20250913_134610-768x576.jpg 768w\" sizes=\"(max-width: 900px) 100vw, 900px\" \/><figcaption id=\"caption-attachment-18726\" class=\"wp-caption-text\"><\/span> <span style=\"color: #1d344d;\">\u017b\u00f3\u0142ty szlak z Barczy do Bukowej G\u00f3ry.<\/span><\/figcaption><\/figure>\n<figure id=\"attachment_18727\" aria-describedby=\"caption-attachment-18727\" style=\"width: 900px\" class=\"wp-caption aligncenter\"><img loading=\"lazy\" decoding=\"async\" class=\"wp-image-18727 size-full\" src=\"https:\/\/bloganki.pl\/wp-content\/uploads\/2025\/10\/20250913_134848.jpg\" alt=\"\" width=\"900\" height=\"675\" srcset=\"https:\/\/bloganki.pl\/wp-content\/uploads\/2025\/10\/20250913_134848.jpg 900w, https:\/\/bloganki.pl\/wp-content\/uploads\/2025\/10\/20250913_134848-300x225.jpg 300w, https:\/\/bloganki.pl\/wp-content\/uploads\/2025\/10\/20250913_134848-768x576.jpg 768w\" sizes=\"(max-width: 900px) 100vw, 900px\" \/><figcaption id=\"caption-attachment-18727\" class=\"wp-caption-text\"><\/span> <span style=\"color: #1d344d;\">\u017b\u00f3\u0142ty szlak z Barczy do Bukowej G\u00f3ry.<\/span><\/figcaption><\/figure>\n<figure id=\"attachment_18728\" aria-describedby=\"caption-attachment-18728\" style=\"width: 900px\" class=\"wp-caption aligncenter\"><img loading=\"lazy\" decoding=\"async\" class=\"wp-image-18728 size-full\" src=\"https:\/\/bloganki.pl\/wp-content\/uploads\/2025\/10\/20250913_135207.jpg\" alt=\"\" width=\"900\" height=\"675\" srcset=\"https:\/\/bloganki.pl\/wp-content\/uploads\/2025\/10\/20250913_135207.jpg 900w, https:\/\/bloganki.pl\/wp-content\/uploads\/2025\/10\/20250913_135207-300x225.jpg 300w, https:\/\/bloganki.pl\/wp-content\/uploads\/2025\/10\/20250913_135207-768x576.jpg 768w\" sizes=\"(max-width: 900px) 100vw, 900px\" \/><figcaption id=\"caption-attachment-18728\" class=\"wp-caption-text\"><\/span> <span style=\"color: #1d344d;\">\u017b\u00f3\u0142ty szlak z Barczy do Bukowej G\u00f3ry.<\/span><\/figcaption><\/figure>\n<figure id=\"attachment_18729\" aria-describedby=\"caption-attachment-18729\" style=\"width: 900px\" class=\"wp-caption aligncenter\"><img loading=\"lazy\" decoding=\"async\" class=\"wp-image-18729 size-full\" src=\"https:\/\/bloganki.pl\/wp-content\/uploads\/2025\/10\/20250913_135356.jpg\" alt=\"\" width=\"900\" height=\"675\" srcset=\"https:\/\/bloganki.pl\/wp-content\/uploads\/2025\/10\/20250913_135356.jpg 900w, https:\/\/bloganki.pl\/wp-content\/uploads\/2025\/10\/20250913_135356-300x225.jpg 300w, https:\/\/bloganki.pl\/wp-content\/uploads\/2025\/10\/20250913_135356-768x576.jpg 768w\" sizes=\"(max-width: 900px) 100vw, 900px\" \/><figcaption id=\"caption-attachment-18729\" class=\"wp-caption-text\"><\/span> <span style=\"color: #1d344d;\">\u017b\u00f3\u0142ty szlak z Barczy do Bukowej G\u00f3ry.<\/span><\/figcaption><\/figure>\n<figure id=\"attachment_18731\" aria-describedby=\"caption-attachment-18731\" style=\"width: 900px\" class=\"wp-caption aligncenter\"><img loading=\"lazy\" decoding=\"async\" class=\"wp-image-18731 size-full\" src=\"https:\/\/bloganki.pl\/wp-content\/uploads\/2025\/10\/20250913_141129.jpg\" alt=\"\" width=\"900\" height=\"675\" srcset=\"https:\/\/bloganki.pl\/wp-content\/uploads\/2025\/10\/20250913_141129.jpg 900w, https:\/\/bloganki.pl\/wp-content\/uploads\/2025\/10\/20250913_141129-300x225.jpg 300w, https:\/\/bloganki.pl\/wp-content\/uploads\/2025\/10\/20250913_141129-768x576.jpg 768w\" sizes=\"(max-width: 900px) 100vw, 900px\" \/><figcaption id=\"caption-attachment-18731\" class=\"wp-caption-text\"><\/span> <span style=\"color: #1d344d;\">\u017b\u00f3\u0142ty szlak z Barczy do Bukowej G\u00f3ry.<\/span><\/figcaption><\/figure>\n<figure id=\"attachment_18732\" aria-describedby=\"caption-attachment-18732\" style=\"width: 900px\" class=\"wp-caption aligncenter\"><img loading=\"lazy\" decoding=\"async\" class=\"wp-image-18732 size-full\" src=\"https:\/\/bloganki.pl\/wp-content\/uploads\/2025\/10\/20250913_141925.jpg\" alt=\"\" width=\"900\" height=\"675\" srcset=\"https:\/\/bloganki.pl\/wp-content\/uploads\/2025\/10\/20250913_141925.jpg 900w, https:\/\/bloganki.pl\/wp-content\/uploads\/2025\/10\/20250913_141925-300x225.jpg 300w, https:\/\/bloganki.pl\/wp-content\/uploads\/2025\/10\/20250913_141925-768x576.jpg 768w\" sizes=\"(max-width: 900px) 100vw, 900px\" \/><figcaption id=\"caption-attachment-18732\" class=\"wp-caption-text\"><\/span> <span style=\"color: #1d344d;\">\u017b\u00f3\u0142ty szlak z Barczy do Bukowej G\u00f3ry.<\/span><\/figcaption><\/figure>\n<figure style=\"width: 900px\" class=\"wp-caption aligncenter\"><img loading=\"lazy\" decoding=\"async\" class=\"wp-image-18733 size-full\" src=\"https:\/\/bloganki.pl\/wp-content\/uploads\/2025\/10\/20250913_142439.jpg\" alt=\"\" width=\"900\" height=\"675\" srcset=\"https:\/\/bloganki.pl\/wp-content\/uploads\/2025\/10\/20250913_142439.jpg 900w, https:\/\/bloganki.pl\/wp-content\/uploads\/2025\/10\/20250913_142439-300x225.jpg 300w, https:\/\/bloganki.pl\/wp-content\/uploads\/2025\/10\/20250913_142439-768x576.jpg 768w\" sizes=\"(max-width: 900px) 100vw, 900px\" \/><figcaption class=\"wp-caption-text\"><\/span> <span style=\"color: #1d344d;\">\u017b\u00f3\u0142ty szlak z Barczy do Bukowej G\u00f3ry.<\/span><\/figcaption><\/figure>\n<h2><span style=\"color: #1d344d;\">G\u00f3ra Barcza<\/span><\/h2>\n<p><span style=\"color: #1d344d;\">Po drodze zdoby\u0142am G\u00f3r\u0119 Barcza.<\/span><\/p>\n<p><span style=\"color: #1d344d;\">Nie jest to mo\u017ce szczyt, o kt\u00f3rym marz\u0105 zdobywcy Korony G\u00f3r Polski, ale ja w\u0142a\u015bnie takie miejsca lubi\u0119 najbardziej. Niepozorne, troch\u0119 ukryte, bez t\u0142um\u00f3w i wielkiego zamieszania.<\/span><\/p>\n<p><span style=\"color: #1d344d;\">Mog\u0142abym przej\u015b\u0107 obok i nawet nie zastanowi\u0107 si\u0119, \u017ce w\u0142a\u015bnie zdoby\u0142am kolejne wzniesienie.<\/span><\/p>\n<p><span style=\"color: #1d344d;\">A przecie\u017c ka\u017cda taka ma\u0142a g\u00f3ra ma swoj\u0105 histori\u0119.<\/span><\/p>\n<p><span style=\"color: #1d344d;\">I swoj\u0105 \u015bcie\u017ck\u0119.<\/span><\/p>\n<p><span style=\"color: #1d344d;\">Na tym szlaku najbardziej podoba\u0142o mi si\u0119 w\u0142a\u015bnie to, \u017ce nie czeka\u0142y tutaj na mnie spektakularne atrakcje pojawiaj\u0105ce si\u0119 co kilka minut. Musia\u0142am i\u015b\u0107, patrze\u0107 i da\u0107 sobie czas.<\/span><\/p>\n<p><span style=\"color: #1d344d;\">Dopiero wtedy zacz\u0119\u0142am zauwa\u017ca\u0107 rzeczy, obok kt\u00f3rych normalnie mo\u017cna przej\u015b\u0107 oboj\u0119tnie.<\/span><\/p>\n<figure id=\"attachment_18734\" aria-describedby=\"caption-attachment-18734\" style=\"width: 900px\" class=\"wp-caption aligncenter\"><img loading=\"lazy\" decoding=\"async\" class=\"wp-image-18734 size-full\" src=\"https:\/\/bloganki.pl\/wp-content\/uploads\/2025\/10\/20250913_142502.jpg\" alt=\"\" width=\"900\" height=\"675\" srcset=\"https:\/\/bloganki.pl\/wp-content\/uploads\/2025\/10\/20250913_142502.jpg 900w, https:\/\/bloganki.pl\/wp-content\/uploads\/2025\/10\/20250913_142502-300x225.jpg 300w, https:\/\/bloganki.pl\/wp-content\/uploads\/2025\/10\/20250913_142502-768x576.jpg 768w\" sizes=\"(max-width: 900px) 100vw, 900px\" \/><figcaption id=\"caption-attachment-18734\" class=\"wp-caption-text\"><\/span> <span style=\"color: #1d344d;\">\u017b\u00f3\u0142ty szlak z Barczy do Bukowej G\u00f3ry.<\/span><\/figcaption><\/figure>\n<figure id=\"attachment_18735\" aria-describedby=\"caption-attachment-18735\" style=\"width: 900px\" class=\"wp-caption aligncenter\"><img loading=\"lazy\" decoding=\"async\" class=\"wp-image-18735 size-full\" src=\"https:\/\/bloganki.pl\/wp-content\/uploads\/2025\/10\/20250913_145457.jpg\" alt=\"\" width=\"900\" height=\"675\" srcset=\"https:\/\/bloganki.pl\/wp-content\/uploads\/2025\/10\/20250913_145457.jpg 900w, https:\/\/bloganki.pl\/wp-content\/uploads\/2025\/10\/20250913_145457-300x225.jpg 300w, https:\/\/bloganki.pl\/wp-content\/uploads\/2025\/10\/20250913_145457-768x576.jpg 768w\" sizes=\"(max-width: 900px) 100vw, 900px\" \/><figcaption id=\"caption-attachment-18735\" class=\"wp-caption-text\"><\/span> <span style=\"color: #1d344d;\">\u017b\u00f3\u0142ty szlak z Barczy do Bukowej G\u00f3ry.<\/span><\/figcaption><\/figure>\n<figure id=\"attachment_18736\" aria-describedby=\"caption-attachment-18736\" style=\"width: 900px\" class=\"wp-caption aligncenter\"><img loading=\"lazy\" decoding=\"async\" class=\"wp-image-18736 size-full\" src=\"https:\/\/bloganki.pl\/wp-content\/uploads\/2025\/10\/20250913_150519.jpg\" alt=\"\" width=\"900\" height=\"675\" srcset=\"https:\/\/bloganki.pl\/wp-content\/uploads\/2025\/10\/20250913_150519.jpg 900w, https:\/\/bloganki.pl\/wp-content\/uploads\/2025\/10\/20250913_150519-300x225.jpg 300w, https:\/\/bloganki.pl\/wp-content\/uploads\/2025\/10\/20250913_150519-768x576.jpg 768w\" sizes=\"(max-width: 900px) 100vw, 900px\" \/><figcaption id=\"caption-attachment-18736\" class=\"wp-caption-text\"><\/span> <span style=\"color: #1d344d;\">\u017b\u00f3\u0142ty szlak z Barczy do Bukowej G\u00f3ry.<\/span><\/figcaption><\/figure>\n<figure id=\"attachment_18737\" aria-describedby=\"caption-attachment-18737\" style=\"width: 900px\" class=\"wp-caption aligncenter\"><img loading=\"lazy\" decoding=\"async\" class=\"wp-image-18737 size-full\" src=\"https:\/\/bloganki.pl\/wp-content\/uploads\/2025\/10\/20250913_151015.jpg\" alt=\"\" width=\"900\" height=\"675\" srcset=\"https:\/\/bloganki.pl\/wp-content\/uploads\/2025\/10\/20250913_151015.jpg 900w, https:\/\/bloganki.pl\/wp-content\/uploads\/2025\/10\/20250913_151015-300x225.jpg 300w, https:\/\/bloganki.pl\/wp-content\/uploads\/2025\/10\/20250913_151015-768x576.jpg 768w\" sizes=\"(max-width: 900px) 100vw, 900px\" \/><figcaption id=\"caption-attachment-18737\" class=\"wp-caption-text\"><\/span> <span style=\"color: #1d344d;\">\u017b\u00f3\u0142ty szlak z Barczy do Bukowej G\u00f3ry.<\/span><\/figcaption><\/figure>\n<figure id=\"attachment_18738\" aria-describedby=\"caption-attachment-18738\" style=\"width: 900px\" class=\"wp-caption aligncenter\"><img loading=\"lazy\" decoding=\"async\" class=\"wp-image-18738 size-full\" src=\"https:\/\/bloganki.pl\/wp-content\/uploads\/2025\/10\/20250913_152729.jpg\" alt=\"\" width=\"900\" height=\"675\" srcset=\"https:\/\/bloganki.pl\/wp-content\/uploads\/2025\/10\/20250913_152729.jpg 900w, https:\/\/bloganki.pl\/wp-content\/uploads\/2025\/10\/20250913_152729-300x225.jpg 300w, https:\/\/bloganki.pl\/wp-content\/uploads\/2025\/10\/20250913_152729-768x576.jpg 768w\" sizes=\"(max-width: 900px) 100vw, 900px\" \/><figcaption id=\"caption-attachment-18738\" class=\"wp-caption-text\"><\/span> <span style=\"color: #1d344d;\">\u017b\u00f3\u0142ty szlak z Barczy do Bukowej G\u00f3ry.<\/span><\/figcaption><\/figure>\n<figure style=\"width: 900px\" class=\"wp-caption aligncenter\"><img loading=\"lazy\" decoding=\"async\" class=\"wp-image-18739 size-full\" src=\"https:\/\/bloganki.pl\/wp-content\/uploads\/2025\/10\/20250913_153924.jpg\" alt=\"\" width=\"900\" height=\"675\" srcset=\"https:\/\/bloganki.pl\/wp-content\/uploads\/2025\/10\/20250913_153924.jpg 900w, https:\/\/bloganki.pl\/wp-content\/uploads\/2025\/10\/20250913_153924-300x225.jpg 300w, https:\/\/bloganki.pl\/wp-content\/uploads\/2025\/10\/20250913_153924-768x576.jpg 768w\" sizes=\"(max-width: 900px) 100vw, 900px\" \/><figcaption class=\"wp-caption-text\"><\/span> <span style=\"color: #1d344d;\">\u017b\u00f3\u0142ty szlak z Barczy do Bukowej G\u00f3ry.<\/span><\/figcaption><\/figure>\n<h2><span style=\"color: #1d344d;\">Klon\u00f3w \u2013 chwila wytchnienia i troch\u0119 \u015bwi\u0119tokrzyskiej historii<\/span><\/h2>\n<p><span style=\"color: #1d344d;\">Po le\u015bnej w\u0119dr\u00f3wce dotar\u0142am do Klonowa.<\/span><\/p>\n<p><span style=\"color: #1d344d;\">I tutaj krajobraz troch\u0119 si\u0119 zmieni\u0142.<\/span><\/p>\n<p><span style=\"color: #1d344d;\">Znowu pojawi\u0142y si\u0119 pola, domy i bardziej otwarta przestrze\u0144. Po d\u0142u\u017cszym czasie sp\u0119dzonym w lesie takie miejsca cieszy\u0142y mnie podw\u00f3jnie.<\/span><\/p>\n<p><span style=\"color: #1d344d;\">Lubi\u0119 \u015bwi\u0119tokrzyskie wsie.<\/span><\/p>\n<p><span style=\"color: #1d344d;\">Te ma\u0142e, troch\u0119 senne, z drewnianymi domami, starymi sadami i kapliczkami stoj\u0105cymi przy drogach.<\/span><\/p>\n<p><span style=\"color: #1d344d;\">Mam wra\u017cenie, \u017ce czas p\u0142ynie tutaj wolniej.<\/span><\/p>\n<p><span style=\"color: #1d344d;\">W Klonowie zatrzyma\u0142am si\u0119 r\u00f3wnie\u017c przy pomniku upami\u0119tniaj\u0105cym osoby zamordowane przez Niemc\u00f3w podczas II wojny \u015bwiatowej.<\/span><\/p>\n<p><span style=\"color: #1d344d;\">To kolejny raz, kiedy podczas zwyk\u0142ej w\u0119dr\u00f3wki trafi\u0142am na \u015blad historii.<\/span><\/p>\n<p><span style=\"color: #1d344d;\">I chyba w\u0142a\u015bnie za to lubi\u0119 podr\u00f3\u017cowanie.<\/span><\/p>\n<p><span style=\"color: #1d344d;\">Bo czasami jad\u0119 gdzie\u015b tylko po to, \u017ceby przej\u015b\u0107 kawa\u0142ek szlakiem, a wracam z g\u0142ow\u0105 pe\u0142n\u0105 historii, kt\u00f3rych wcze\u015bniej nie zna\u0142am.<\/span><\/p>\n<figure id=\"attachment_18740\" aria-describedby=\"caption-attachment-18740\" style=\"width: 900px\" class=\"wp-caption aligncenter\"><img loading=\"lazy\" decoding=\"async\" class=\"wp-image-18740 size-full\" src=\"https:\/\/bloganki.pl\/wp-content\/uploads\/2025\/10\/20250913_154533.jpg\" alt=\"\" width=\"900\" height=\"675\" srcset=\"https:\/\/bloganki.pl\/wp-content\/uploads\/2025\/10\/20250913_154533.jpg 900w, https:\/\/bloganki.pl\/wp-content\/uploads\/2025\/10\/20250913_154533-300x225.jpg 300w, https:\/\/bloganki.pl\/wp-content\/uploads\/2025\/10\/20250913_154533-768x576.jpg 768w\" sizes=\"(max-width: 900px) 100vw, 900px\" \/><figcaption id=\"caption-attachment-18740\" class=\"wp-caption-text\"><\/span> <span style=\"color: #1d344d;\"><u>Klon\u00f3w &#8211; wie\u015b w G\u00f3rach \u015awi\u0119tokrzyskich.<\/u><\/span><\/figcaption><\/figure>\n<figure id=\"attachment_18741\" aria-describedby=\"caption-attachment-18741\" style=\"width: 900px\" class=\"wp-caption aligncenter\"><img loading=\"lazy\" decoding=\"async\" class=\"wp-image-18741 size-full\" src=\"https:\/\/bloganki.pl\/wp-content\/uploads\/2025\/10\/20250913_155547.jpg\" alt=\"\" width=\"900\" height=\"675\" srcset=\"https:\/\/bloganki.pl\/wp-content\/uploads\/2025\/10\/20250913_155547.jpg 900w, https:\/\/bloganki.pl\/wp-content\/uploads\/2025\/10\/20250913_155547-300x225.jpg 300w, https:\/\/bloganki.pl\/wp-content\/uploads\/2025\/10\/20250913_155547-768x576.jpg 768w\" sizes=\"(max-width: 900px) 100vw, 900px\" \/><figcaption id=\"caption-attachment-18741\" class=\"wp-caption-text\"><\/span> <span style=\"color: #1d344d;\"><u>Klon\u00f3w &#8211; wie\u015b w G\u00f3rach \u015awi\u0119tokrzyskich.<\/u><\/span><\/figcaption><\/figure>\n<figure id=\"attachment_18742\" aria-describedby=\"caption-attachment-18742\" style=\"width: 900px\" class=\"wp-caption aligncenter\"><img loading=\"lazy\" decoding=\"async\" class=\"wp-image-18742 size-full\" src=\"https:\/\/bloganki.pl\/wp-content\/uploads\/2025\/10\/20250913_155623.jpg\" alt=\"\" width=\"900\" height=\"675\" srcset=\"https:\/\/bloganki.pl\/wp-content\/uploads\/2025\/10\/20250913_155623.jpg 900w, https:\/\/bloganki.pl\/wp-content\/uploads\/2025\/10\/20250913_155623-300x225.jpg 300w, https:\/\/bloganki.pl\/wp-content\/uploads\/2025\/10\/20250913_155623-768x576.jpg 768w\" sizes=\"(max-width: 900px) 100vw, 900px\" \/><figcaption id=\"caption-attachment-18742\" class=\"wp-caption-text\"><\/span> <span style=\"color: #1d344d;\"><u>Klon\u00f3w &#8211; wie\u015b w G\u00f3rach \u015awi\u0119tokrzyskich.<\/u><\/span><\/figcaption><\/figure>\n<figure id=\"attachment_18744\" aria-describedby=\"caption-attachment-18744\" style=\"width: 900px\" class=\"wp-caption aligncenter\"><img loading=\"lazy\" decoding=\"async\" class=\"wp-image-18744 size-full\" src=\"https:\/\/bloganki.pl\/wp-content\/uploads\/2025\/10\/20250913_160742.jpg\" alt=\"\" width=\"900\" height=\"675\" srcset=\"https:\/\/bloganki.pl\/wp-content\/uploads\/2025\/10\/20250913_160742.jpg 900w, https:\/\/bloganki.pl\/wp-content\/uploads\/2025\/10\/20250913_160742-300x225.jpg 300w, https:\/\/bloganki.pl\/wp-content\/uploads\/2025\/10\/20250913_160742-768x576.jpg 768w\" sizes=\"(max-width: 900px) 100vw, 900px\" \/><figcaption id=\"caption-attachment-18744\" class=\"wp-caption-text\"><\/span> <span style=\"color: #1d344d;\"><u>Klon\u00f3w &#8211; wie\u015b w G\u00f3rach \u015awi\u0119tokrzyskich.<\/u><\/span><\/figcaption><\/figure>\n<h2><span style=\"color: #1d344d;\">Z Klonowa na Bukow\u0105 G\u00f3r\u0119<\/span><\/h2>\n<p><span style=\"color: #1d344d;\">Za Klonowem znowu wesz\u0142am do lasu.<\/span><\/p>\n<p><span style=\"color: #1d344d;\">Przede mn\u0105 by\u0142a Bukowa G\u00f3ra.<\/span><\/p>\n<p><span style=\"color: #1d344d;\">Nazwa od razu zdradza\u0142a, czego mog\u0142am si\u0119 tutaj spodziewa\u0107. Buki rosn\u0105 tu naprawd\u0119 pi\u0119knie i jesieni\u0105 musz\u0105 wygl\u0105da\u0107 zjawiskowo.<\/span><\/p>\n<p><span style=\"color: #1d344d;\">Ju\u017c podczas w\u0119dr\u00f3wki wyobra\u017ca\u0142am sobie ten szlak w pa\u017adzierniku.<\/span><\/p>\n<p><span style=\"color: #1d344d;\">Z\u0142ote li\u015bcie, rude paprocie, mi\u0119kka \u015bci\u00f3\u0142ka i drzewa, przez kt\u00f3re przebija si\u0119 niskie jesienne s\u0142o\u0144ce.<\/span><\/p>\n<p><span style=\"color: #1d344d;\">Chyba b\u0119d\u0119 musia\u0142a tu wr\u00f3ci\u0107 jesieni\u0105.<\/span><\/p>\n<p><span style=\"color: #1d344d;\">Bo G\u00f3ry \u015awi\u0119tokrzyskie w\u0142a\u015bnie jesieni\u0105 maj\u0105 dla mnie szczeg\u00f3lny klimat.<\/span><\/p>\n<figure id=\"attachment_18743\" aria-describedby=\"caption-attachment-18743\" style=\"width: 900px\" class=\"wp-caption aligncenter\"><img loading=\"lazy\" decoding=\"async\" class=\"wp-image-18743 size-full\" src=\"https:\/\/bloganki.pl\/wp-content\/uploads\/2025\/10\/20250913_161059.jpg\" alt=\"\" width=\"900\" height=\"675\" srcset=\"https:\/\/bloganki.pl\/wp-content\/uploads\/2025\/10\/20250913_161059.jpg 900w, https:\/\/bloganki.pl\/wp-content\/uploads\/2025\/10\/20250913_161059-300x225.jpg 300w, https:\/\/bloganki.pl\/wp-content\/uploads\/2025\/10\/20250913_161059-768x576.jpg 768w\" sizes=\"(max-width: 900px) 100vw, 900px\" \/><figcaption id=\"caption-attachment-18743\" class=\"wp-caption-text\"><\/span> <span style=\"color: #1d344d;\">\u017b\u00f3\u0142ty szlak z Barczy do Bukowej G\u00f3ry.<\/span><\/figcaption><\/figure>\n<figure id=\"attachment_18745\" aria-describedby=\"caption-attachment-18745\" style=\"width: 900px\" class=\"wp-caption aligncenter\"><img loading=\"lazy\" decoding=\"async\" class=\"wp-image-18745 size-full\" src=\"https:\/\/bloganki.pl\/wp-content\/uploads\/2025\/10\/20250913_161314.jpg\" alt=\"\" width=\"900\" height=\"675\" srcset=\"https:\/\/bloganki.pl\/wp-content\/uploads\/2025\/10\/20250913_161314.jpg 900w, https:\/\/bloganki.pl\/wp-content\/uploads\/2025\/10\/20250913_161314-300x225.jpg 300w, https:\/\/bloganki.pl\/wp-content\/uploads\/2025\/10\/20250913_161314-768x576.jpg 768w\" sizes=\"(max-width: 900px) 100vw, 900px\" \/><figcaption id=\"caption-attachment-18745\" class=\"wp-caption-text\"><\/span> <span style=\"color: #1d344d;\">\u017b\u00f3\u0142ty szlak z Barczy do Bukowej G\u00f3ry.<\/span><\/figcaption><\/figure>\n<figure style=\"width: 900px\" class=\"wp-caption aligncenter\"><img loading=\"lazy\" decoding=\"async\" class=\"wp-image-18746 size-full\" src=\"https:\/\/bloganki.pl\/wp-content\/uploads\/2025\/10\/20250913_161955.jpg\" alt=\"\" width=\"900\" height=\"675\" srcset=\"https:\/\/bloganki.pl\/wp-content\/uploads\/2025\/10\/20250913_161955.jpg 900w, https:\/\/bloganki.pl\/wp-content\/uploads\/2025\/10\/20250913_161955-300x225.jpg 300w, https:\/\/bloganki.pl\/wp-content\/uploads\/2025\/10\/20250913_161955-768x576.jpg 768w\" sizes=\"(max-width: 900px) 100vw, 900px\" \/><figcaption class=\"wp-caption-text\"><\/span> <span style=\"color: #1d344d;\">\u017b\u00f3\u0142ty szlak z Barczy do Bukowej G\u00f3ry.<\/span><\/figcaption><\/figure>\n<figure id=\"attachment_18747\" aria-describedby=\"caption-attachment-18747\" style=\"width: 900px\" class=\"wp-caption aligncenter\"><img loading=\"lazy\" decoding=\"async\" class=\"wp-image-18747 size-full\" src=\"https:\/\/bloganki.pl\/wp-content\/uploads\/2025\/10\/20250913_162017.jpg\" alt=\"\" width=\"900\" height=\"675\" srcset=\"https:\/\/bloganki.pl\/wp-content\/uploads\/2025\/10\/20250913_162017.jpg 900w, https:\/\/bloganki.pl\/wp-content\/uploads\/2025\/10\/20250913_162017-300x225.jpg 300w, https:\/\/bloganki.pl\/wp-content\/uploads\/2025\/10\/20250913_162017-768x576.jpg 768w\" sizes=\"(max-width: 900px) 100vw, 900px\" \/><figcaption id=\"caption-attachment-18747\" class=\"wp-caption-text\"><\/span> <span style=\"color: #1d344d;\">\u017b\u00f3\u0142ty szlak z Barczy do Bukowej G\u00f3ry.<\/span><\/figcaption><\/figure>\n<figure id=\"attachment_18748\" aria-describedby=\"caption-attachment-18748\" style=\"width: 900px\" class=\"wp-caption aligncenter\"><img loading=\"lazy\" decoding=\"async\" class=\"wp-image-18748 size-full\" src=\"https:\/\/bloganki.pl\/wp-content\/uploads\/2025\/10\/20250913_162227.jpg\" alt=\"\" width=\"900\" height=\"675\" srcset=\"https:\/\/bloganki.pl\/wp-content\/uploads\/2025\/10\/20250913_162227.jpg 900w, https:\/\/bloganki.pl\/wp-content\/uploads\/2025\/10\/20250913_162227-300x225.jpg 300w, https:\/\/bloganki.pl\/wp-content\/uploads\/2025\/10\/20250913_162227-768x576.jpg 768w\" sizes=\"(max-width: 900px) 100vw, 900px\" \/><figcaption id=\"caption-attachment-18748\" class=\"wp-caption-text\"><\/span> <span style=\"color: #1d344d;\">\u017b\u00f3\u0142ty szlak z Barczy do Bukowej G\u00f3ry.<\/span><\/figcaption><\/figure>\n<h2><span style=\"color: #1d344d;\">Bukowa G\u00f3ra \u2013 ska\u0142y ukryte w lesie<\/span><\/h2>\n<p><span style=\"color: #1d344d;\">Bukowa G\u00f3ra ma oko\u0142o 484 m n.p.m. i jest najwy\u017cszym wzniesieniem Pasma Klonowskiego.<\/span><\/p>\n<p><span style=\"color: #1d344d;\">Ale nie sama wysoko\u015b\u0107 by\u0142a tutaj dla mnie najciekawsza.<\/span><\/p>\n<p><span style=\"color: #1d344d;\">Na szczycie i w jego okolicy znajduj\u0105 si\u0119 Ska\u0142ki Klonowskie \u2013 charakterystyczne wychodnie piaskowc\u00f3w kwarcytowych.<\/span><\/p>\n<p><span style=\"color: #1d344d;\">I nagle, id\u0105c spokojn\u0105 le\u015bn\u0105 \u015bcie\u017ck\u0105, trafi\u0142am na ska\u0142y.<\/span><\/p>\n<p><span style=\"color: #1d344d;\">Lubi\u0119 takie niespodzianki.<\/span><\/p>\n<p><span style=\"color: #1d344d;\">Nie ma tutaj wielkich urwisk ani pot\u0119\u017cnych formacji skalnych. S\u0105 za to niewielkie ska\u0142ki wystaj\u0105ce spo\u015br\u00f3d drzew, pop\u0119kane, troch\u0119 surowe i bardzo dobrze pasuj\u0105ce do tego lasu.<\/span><\/p>\n<p><span style=\"color: #1d344d;\">Podesz\u0142am bli\u017cej, obejrza\u0142am je z ka\u017cdej strony i oczywi\u015bcie zrobi\u0142am kilka zdj\u0119\u0107.<\/span><\/p>\n<p><span style=\"color: #1d344d;\">A potem usiad\u0142am gdzie\u015b obok.<\/span><\/p>\n<p><span style=\"color: #1d344d;\">I po prostu poby\u0142am.<\/span><\/p>\n<p><span style=\"color: #1d344d;\">Czasami w\u0142a\u015bnie takie chwile lubi\u0119 najbardziej.<\/span><\/p>\n<figure id=\"attachment_18750\" aria-describedby=\"caption-attachment-18750\" style=\"width: 675px\" class=\"wp-caption aligncenter\"><img loading=\"lazy\" decoding=\"async\" class=\"wp-image-18750 size-full\" src=\"https:\/\/bloganki.pl\/wp-content\/uploads\/2025\/10\/20250913_163710.jpg\" alt=\"\" width=\"675\" height=\"900\" srcset=\"https:\/\/bloganki.pl\/wp-content\/uploads\/2025\/10\/20250913_163710.jpg 675w, https:\/\/bloganki.pl\/wp-content\/uploads\/2025\/10\/20250913_163710-225x300.jpg 225w\" sizes=\"(max-width: 675px) 100vw, 675px\" \/><figcaption id=\"caption-attachment-18750\" class=\"wp-caption-text\"><\/span> <span style=\"color: #1d344d;\">Bukowa G\u00f3ra &#8211; G\u00f3r \u015awi\u0119tokrzyskie.<\/span><\/figcaption><\/figure>\n<h2><span style=\"color: #1d344d;\">Dlaczego warto wybra\u0107 ten szlak?<\/span><\/h2>\n<p><span style=\"color: #1d344d;\">Kiedy my\u015bl\u0119 o tej trasie, najbardziej podoba mi si\u0119 jej spokojny charakter.<\/span><\/p>\n<p><span style=\"color: #1d344d;\">Nie jest d\u0142uga \u2013\u00a0<strong>10,8 km<\/strong>\u00a0mo\u017cna przej\u015b\u0107 w oko\u0142o\u00a0<strong>3 godziny i 15 minut<\/strong>. Nie jest te\u017c szczeg\u00f3lnie trudna, cho\u0107 oczywi\u015bcie trzeba liczy\u0107 si\u0119 z podej\u015bciami.<\/span><\/p>\n<p><span style=\"color: #1d344d;\">Ale nie wybra\u0142am jej tylko dlatego, \u017ce \u0142atwo j\u0105 przej\u015b\u0107.<\/span><\/p>\n<p><span style=\"color: #1d344d;\">Wybra\u0142am j\u0105 dla lasu.<\/span><\/p>\n<p><span style=\"color: #1d344d;\">Dla ciszy.<\/span><\/p>\n<p><span style=\"color: #1d344d;\">Dla ma\u0142ych \u015bwi\u0119tokrzyskich wsi.<\/span><\/p>\n<p><span style=\"color: #1d344d;\">Dla historii ukrytej po drodze.<\/span><\/p>\n<p><span style=\"color: #1d344d;\">Dla ska\u0142 na Bukowej G\u00f3rze.<\/span><\/p>\n<p><span style=\"color: #1d344d;\">I dla tego uczucia, kt\u00f3re mam zawsze, kiedy wracam w G\u00f3ry \u015awi\u0119tokrzyskie.<\/span><\/p>\n<p><span style=\"color: #1d344d;\">\u017be tutaj naprawd\u0119 mo\u017cna odpocz\u0105\u0107.<\/span><\/p>\n<p><span style=\"color: #1d344d;\">Je\u015bli znam ju\u017c \u0141ysic\u0119, \u015awi\u0119ty Krzy\u017c i \u015awi\u0119t\u0105 Katarzyn\u0119, a mam ochot\u0119 zobaczy\u0107 troch\u0119 spokojniejsze oblicze G\u00f3r \u015awi\u0119tokrzyskich, ten szlak zdecydowanie zapisuj\u0119 sobie na kolejn\u0105 wycieczk\u0119.<\/span><\/p>\n<p><span style=\"color: #1d344d;\"><strong>Barcza \u2013 Klon\u00f3w \u2013 Bukowa G\u00f3ra<\/strong>\u00a0to bardzo przyjemna propozycja na kilka godzin w\u0119dr\u00f3wki.<\/span><\/p>\n<p><span style=\"color: #1d344d;\">A ja wiem jedno.<\/span><\/p>\n<p><span style=\"color: #1d344d;\">Do Bukowej G\u00f3ry jeszcze wr\u00f3c\u0119.<\/span><\/p>\n<p><span style=\"color: #1d344d;\">Najch\u0119tniej jesieni\u0105.<\/span><\/p>\n<p><span style=\"color: #1d344d;\">Kiedy \u015bwi\u0119tokrzyskie buki zrobi\u0105 si\u0119 z\u0142ote, a las b\u0119dzie pachnia\u0142 jesieni\u0105.<img loading=\"lazy\" decoding=\"async\" class=\"wp-image-18751 size-full\" src=\"https:\/\/bloganki.pl\/wp-content\/uploads\/2025\/10\/20250913_163941.jpg\" alt=\"\" width=\"900\" height=\"675\" srcset=\"https:\/\/bloganki.pl\/wp-content\/uploads\/2025\/10\/20250913_163941.jpg 900w, https:\/\/bloganki.pl\/wp-content\/uploads\/2025\/10\/20250913_163941-300x225.jpg 300w, https:\/\/bloganki.pl\/wp-content\/uploads\/2025\/10\/20250913_163941-768x576.jpg 768w\" sizes=\"(max-width: 900px) 100vw, 900px\" \/><\/span><\/p>\n<p><span style=\"color: #1d344d;\">Bukowa G\u00f3ra &#8211; G\u00f3r \u015awi\u0119tokrzyskie.<\/span><\/p>\n<figure style=\"width: 900px\" class=\"wp-caption aligncenter\"><img loading=\"lazy\" decoding=\"async\" class=\"wp-image-18752 size-full\" src=\"https:\/\/bloganki.pl\/wp-content\/uploads\/2025\/10\/20250913_163953.jpg\" alt=\"\" width=\"900\" height=\"675\" srcset=\"https:\/\/bloganki.pl\/wp-content\/uploads\/2025\/10\/20250913_163953.jpg 900w, https:\/\/bloganki.pl\/wp-content\/uploads\/2025\/10\/20250913_163953-300x225.jpg 300w, https:\/\/bloganki.pl\/wp-content\/uploads\/2025\/10\/20250913_163953-768x576.jpg 768w\" sizes=\"(max-width: 900px) 100vw, 900px\" \/><figcaption class=\"wp-caption-text\"><\/span> <span style=\"color: #1d344d;\">Bukowa G\u00f3ra &#8211; G\u00f3r \u015awi\u0119tokrzyskie.<\/span><\/figcaption><\/figure>\n<h2><span style=\"color: #1d344d;\">Informacje praktyczne<\/span><\/h2>\n<p><span style=\"color: #1d344d;\"><strong>Trasa:<\/strong>\u00a0Barcza \u2013 Klon\u00f3w \u2013 Bukowa G\u00f3ra<\/span><br \/>\n<span style=\"color: #1d344d;\"><strong>Kolor szlaku:<\/strong>\u00a0\u017c\u00f3\u0142ty<\/span><br \/>\n<span style=\"color: #1d344d;\"><strong>D\u0142ugo\u015b\u0107:<\/strong>\u00a010,8 km<\/span><br \/>\n<span style=\"color: #1d344d;\"><strong>Czas przej\u015bcia:<\/strong>\u00a0oko\u0142o 3 godziny 15 minut<\/span><br \/>\n<span style=\"color: #1d344d;\"><strong>Najwy\u017cszy punkt:<\/strong>\u00a0Bukowa G\u00f3ra \u2013 484 m n.p.m.<\/span><br \/>\n<span style=\"color: #1d344d;\"><strong>Charakter trasy:<\/strong>\u00a0g\u0142\u00f3wnie le\u015bna, z kilkoma podej\u015bciami<\/span><br \/>\n<span style=\"color: #1d344d;\"><strong>Atrakcje po drodze:<\/strong>\u00a0rezerwat Barcza, G\u00f3ra Barcza, Klon\u00f3w, lasy Pasma Klonowskiego, Bukowa G\u00f3ra i Ska\u0142ki Klonowskie.<\/span><\/p>\n<figure id=\"attachment_18753\" aria-describedby=\"caption-attachment-18753\" style=\"width: 900px\" class=\"wp-caption aligncenter\"><img loading=\"lazy\" decoding=\"async\" class=\"wp-image-18753 size-full\" src=\"https:\/\/bloganki.pl\/wp-content\/uploads\/2025\/10\/20250913_163903.jpg\" alt=\"\" width=\"900\" height=\"675\" srcset=\"https:\/\/bloganki.pl\/wp-content\/uploads\/2025\/10\/20250913_163903.jpg 900w, https:\/\/bloganki.pl\/wp-content\/uploads\/2025\/10\/20250913_163903-300x225.jpg 300w, https:\/\/bloganki.pl\/wp-content\/uploads\/2025\/10\/20250913_163903-768x576.jpg 768w\" sizes=\"(max-width: 900px) 100vw, 900px\" \/><figcaption id=\"caption-attachment-18753\" class=\"wp-caption-text\"><\/span> <span style=\"color: #1d344d;\">Bukowa G\u00f3ra &#8211; G\u00f3r \u015awi\u0119tokrzyskie.<\/span><\/figcaption><\/figure>\n<h2><span style=\"color: #1d344d;\">FAQ \u2013 \u017c\u00f3\u0142ty szlak Barcza \u2013 Klon\u00f3w \u2013 Bukowa G\u00f3ra<\/span><\/h2>\n<h3><span style=\"color: #1d344d;\">Ile kilometr\u00f3w ma szlak z Barczy na Bukow\u0105 G\u00f3r\u0119?<\/span><\/h3>\n<p><span style=\"color: #1d344d;\">Trasa\u00a0<strong>Barcza \u2013 Klon\u00f3w \u2013 Bukowa G\u00f3ra<\/strong>\u00a0ma oko\u0142o\u00a0<strong>10,8 km<\/strong>. To bardzo przyjemna d\u0142ugo\u015b\u0107 na kilkugodzinn\u0105 wycieczk\u0119, bez konieczno\u015bci po\u015bpiechu.<\/span><\/p>\n<h3><span style=\"color: #1d344d;\">Ile czasu zajmuje przej\u015bcie szlaku?<\/span><\/h3>\n<p><span style=\"color: #1d344d;\">Przej\u015bcie ca\u0142ej trasy zajmuje oko\u0142o\u00a0<strong>3 godziny i 15 minut<\/strong>. Warto jednak doliczy\u0107 czas na postoje, zdj\u0119cia i odpoczynek \u2013 szczeg\u00f3lnie przy Ska\u0142kach Klonowskich.<\/span><\/p>\n<h3><span style=\"color: #1d344d;\">Czy szlak Barcza \u2013 Bukowa G\u00f3ra jest trudny?<\/span><\/h3>\n<p><span style=\"color: #1d344d;\">Nie jest to szczeg\u00f3lnie trudna trasa, ale nie jest te\u017c zupe\u0142nie p\u0142aska. Po drodze czeka nas kilka podej\u015b\u0107, dlatego wygodne buty zdecydowanie si\u0119 przydadz\u0105. Dla osoby, kt\u00f3ra lubi g\u00f3rskie spacery, b\u0119dzie to raczej przyjemna w\u0119dr\u00f3wka ni\u017c wymagaj\u0105ca wyprawa.<\/span><\/p>\n<h3><span style=\"color: #1d344d;\">Co zobaczymy po drodze?<\/span><\/h3>\n<p><span style=\"color: #1d344d;\">Po drodze przechodzimy mi\u0119dzy innymi przez okolice\u00a0<strong>rezerwatu Barcza<\/strong>, zdobywamy\u00a0<strong>G\u00f3r\u0119 Barcza<\/strong>, docieramy do\u00a0<strong>Klonowa<\/strong>, a nast\u0119pnie wspinamy si\u0119 na\u00a0<strong>Bukow\u0105 G\u00f3r\u0119<\/strong>. Jedn\u0105 z ciekawszych atrakcji s\u0105\u00a0<strong>Ska\u0142ki Klonowskie<\/strong>.<\/span><\/p>\n<h3><span style=\"color: #1d344d;\">Czy na trasie s\u0105 \u0142adne widoki?<\/span><\/h3>\n<p><span style=\"color: #1d344d;\">Tak, chocia\u017c wi\u0119kszo\u015b\u0107 trasy prowadzi przez las. W okolicach Klonowa pojawiaj\u0105 si\u0119 bardziej otwarte przestrzenie i mo\u017cna podziwia\u0107 \u015bwi\u0119tokrzyski krajobraz. Dla mnie jednak najwi\u0119ksz\u0105 atrakcj\u0105 tej trasy jest w\u0142a\u015bnie las i jego spokojny klimat.<\/span><\/p>\n<h3><span style=\"color: #1d344d;\">Czy mo\u017cna wybra\u0107 si\u0119 na ten szlak z dzie\u0107mi?<\/span><\/h3>\n<p><span style=\"color: #1d344d;\">Je\u017celi dzieci s\u0105 przyzwyczajone do d\u0142u\u017cszych spacer\u00f3w, trasa mo\u017ce by\u0107 dobrym pomys\u0142em na rodzinn\u0105 wycieczk\u0119. Trzeba jednak pami\u0119ta\u0107 o d\u0142ugo\u015bci prawie 11 km i kilku podej\u015bciach. Z m\u0142odszymi dzie\u0107mi warto wcze\u015bniej sprawdzi\u0107 ich mo\u017cliwo\u015bci.<\/span><\/p>\n<h3><span style=\"color: #1d344d;\">Czy warto przej\u015b\u0107 ten szlak jesieni\u0105?<\/span><\/h3>\n<p><span style=\"color: #1d344d;\">Zdecydowanie! Szczeg\u00f3lnie ze wzgl\u0119du na lasy Pasma Klonowskiego. Jesieni\u0105 buki pi\u0119knie si\u0119 przebarwiaj\u0105, a ca\u0142a trasa mo\u017ce wygl\u0105da\u0107 zupe\u0142nie inaczej ni\u017c wiosn\u0105 czy latem. Sama ch\u0119tnie wr\u00f3ci\u0142abym tutaj w\u0142a\u015bnie jesieni\u0105.<\/span><\/p>\n<h3><span style=\"color: #1d344d;\">Gdzie najlepiej rozpocz\u0105\u0107 w\u0119dr\u00f3wk\u0119?<\/span><\/h3>\n<p><span style=\"color: #1d344d;\">W\u0119dr\u00f3wk\u0119 rozpoczynamy w\u00a0<strong>Barczy<\/strong>, sk\u0105d ruszamy \u017c\u00f3\u0142tym szlakiem w kierunku Klonowa i Bukowej G\u00f3ry. Przed wyjazdem warto sprawdzi\u0107 aktualne mo\u017cliwo\u015bci pozostawienia samochodu w miejscu startu.<\/span><\/p>\n<h3><span style=\"color: #1d344d;\">Czy warto wybra\u0107 \u017c\u00f3\u0142ty szlak z Barczy na Bukow\u0105 G\u00f3r\u0119?<\/span><\/h3>\n<p><span style=\"color: #1d344d;\">Moim zdaniem zdecydowanie tak. To propozycja dla tych, kt\u00f3rzy lubi\u0105\u00a0<strong>spokojne, le\u015bne w\u0119dr\u00f3wki<\/strong>, nie potrzebuj\u0105 wielkich wysoko\u015bci, a zamiast t\u0142um\u00f3w wybieraj\u0105 cisz\u0119 i kontakt z natur\u0105. Na niespe\u0142na 11 kilometrach dostajemy troch\u0119 podej\u015b\u0107, troch\u0119 historii, pi\u0119kny las i ciekawe ska\u0142ki na Bukowej G\u00f3rze.<\/span><\/p>\n<figure id=\"attachment_18754\" aria-describedby=\"caption-attachment-18754\" style=\"width: 900px\" class=\"wp-caption aligncenter\"><img loading=\"lazy\" decoding=\"async\" class=\"wp-image-18754 size-full\" src=\"https:\/\/bloganki.pl\/wp-content\/uploads\/2025\/10\/20250913_164314.jpg\" alt=\"\" width=\"900\" height=\"675\" srcset=\"https:\/\/bloganki.pl\/wp-content\/uploads\/2025\/10\/20250913_164314.jpg 900w, https:\/\/bloganki.pl\/wp-content\/uploads\/2025\/10\/20250913_164314-300x225.jpg 300w, https:\/\/bloganki.pl\/wp-content\/uploads\/2025\/10\/20250913_164314-768x576.jpg 768w\" sizes=\"(max-width: 900px) 100vw, 900px\" \/><figcaption id=\"caption-attachment-18754\" class=\"wp-caption-text\"><\/span> <span style=\"color: #1d344d;\">Bukowa G\u00f3ra &#8211; G\u00f3r \u015awi\u0119tokrzyskie.<\/span><\/figcaption><\/figure>\n<figure id=\"attachment_18755\" aria-describedby=\"caption-attachment-18755\" style=\"width: 900px\" class=\"wp-caption aligncenter\"><img loading=\"lazy\" decoding=\"async\" class=\"wp-image-18755 size-full\" src=\"https:\/\/bloganki.pl\/wp-content\/uploads\/2025\/10\/20250913_164316.jpg\" alt=\"\" width=\"900\" height=\"675\" srcset=\"https:\/\/bloganki.pl\/wp-content\/uploads\/2025\/10\/20250913_164316.jpg 900w, https:\/\/bloganki.pl\/wp-content\/uploads\/2025\/10\/20250913_164316-300x225.jpg 300w, https:\/\/bloganki.pl\/wp-content\/uploads\/2025\/10\/20250913_164316-768x576.jpg 768w\" sizes=\"(max-width: 900px) 100vw, 900px\" \/><figcaption id=\"caption-attachment-18755\" class=\"wp-caption-text\"><\/span> <span style=\"color: #1d344d;\">Bukowa G\u00f3ra &#8211; G\u00f3r \u015awi\u0119tokrzyskie.<\/span><\/figcaption><\/figure>\n<p><span style=\"color: #1d344d;\">Na koniec czeka\u0142a mnie jeszcze ma\u0142a przygoda. Robi\u0142o si\u0119 ju\u017c coraz p\u00f3\u017aniej i powoli zaczyna\u0142o si\u0119 \u015bciemnia\u0107, a ja musia\u0142am wr\u00f3ci\u0107 na parking, gdzie zostawi\u0142am samoch\u00f3d. Bardzo chcia\u0142am zd\u0105\u017cy\u0107 jeszcze na zach\u00f3d s\u0142o\u0144ca na moj\u0105 ukochan\u0105 Miedziank\u0119, dlatego postanowi\u0142am spr\u00f3bowa\u0107 z\u0142apa\u0107 stopa.<\/span><\/p>\n<p><span style=\"color: #1d344d;\">W pewnym momencie zobaczy\u0142am par\u0119, kt\u00f3r\u0105 wcze\u015bniej spotka\u0142am na Bukowej G\u00f3rze. Podesz\u0142am do nich i zapyta\u0142am, czy mogliby mnie podwie\u017a\u0107 na parking.<\/span><\/p>\n<p><span style=\"color: #1d344d;\">Zgodzili si\u0119 bez problemu.\u00a0<\/span><\/p>\n<p><span style=\"color: #1d344d;\">Dzi\u0119ki nim szybko wr\u00f3ci\u0142am do samochodu. Robi\u0142o si\u0119 ju\u017c coraz ciemniej, ale ja wcale nie zamierza\u0142am odpuszcza\u0107. Bardzo chcia\u0142am zd\u0105\u017cy\u0107 na zach\u00f3d s\u0142o\u0144ca na moj\u0105 ukochan\u0105 Miedziank\u0119.<\/span><\/p>\n<p><span style=\"color: #1d344d;\">Wsiad\u0142am do samochodu i ruszy\u0142am.<\/span><\/p>\n<h2 style=\"text-align: left;\"><span style=\"color: #1d344d;\">Zach\u00f3d s\u0142o\u0144ca na g\u00f3rze Miedziance.<\/span><\/h2>\n<figure id=\"attachment_18756\" aria-describedby=\"caption-attachment-18756\" style=\"width: 900px\" class=\"wp-caption aligncenter\"><img loading=\"lazy\" decoding=\"async\" class=\"wp-image-18756 size-full\" src=\"https:\/\/bloganki.pl\/wp-content\/uploads\/2025\/10\/20250913_180231.jpg\" alt=\"\" width=\"900\" height=\"675\" srcset=\"https:\/\/bloganki.pl\/wp-content\/uploads\/2025\/10\/20250913_180231.jpg 900w, https:\/\/bloganki.pl\/wp-content\/uploads\/2025\/10\/20250913_180231-300x225.jpg 300w, https:\/\/bloganki.pl\/wp-content\/uploads\/2025\/10\/20250913_180231-768x576.jpg 768w\" sizes=\"(max-width: 900px) 100vw, 900px\" \/><figcaption id=\"caption-attachment-18756\" class=\"wp-caption-text\"><\/span> <span style=\"color: #1d344d;\">Zach\u00f3d s\u0142o\u0144ca na g\u00f3rze Miedziance.<\/span><\/figcaption><\/figure>\n<figure id=\"attachment_18757\" aria-describedby=\"caption-attachment-18757\" style=\"width: 900px\" class=\"wp-caption aligncenter\"><img loading=\"lazy\" decoding=\"async\" class=\"wp-image-18757 size-full\" src=\"https:\/\/bloganki.pl\/wp-content\/uploads\/2025\/10\/20250913_181656.jpg\" alt=\"\" width=\"900\" height=\"675\" srcset=\"https:\/\/bloganki.pl\/wp-content\/uploads\/2025\/10\/20250913_181656.jpg 900w, https:\/\/bloganki.pl\/wp-content\/uploads\/2025\/10\/20250913_181656-300x225.jpg 300w, https:\/\/bloganki.pl\/wp-content\/uploads\/2025\/10\/20250913_181656-768x576.jpg 768w\" sizes=\"(max-width: 900px) 100vw, 900px\" \/><figcaption id=\"caption-attachment-18757\" class=\"wp-caption-text\"><\/span> <span style=\"color: #1d344d;\">Zach\u00f3d s\u0142o\u0144ca na g\u00f3rze Miedziance.<\/span><\/figcaption><\/figure>\n<figure id=\"attachment_18758\" aria-describedby=\"caption-attachment-18758\" style=\"width: 900px\" class=\"wp-caption aligncenter\"><img loading=\"lazy\" decoding=\"async\" class=\"wp-image-18758 size-full\" src=\"https:\/\/bloganki.pl\/wp-content\/uploads\/2025\/10\/20250913_181707.jpg\" alt=\"\" width=\"900\" height=\"675\" srcset=\"https:\/\/bloganki.pl\/wp-content\/uploads\/2025\/10\/20250913_181707.jpg 900w, https:\/\/bloganki.pl\/wp-content\/uploads\/2025\/10\/20250913_181707-300x225.jpg 300w, https:\/\/bloganki.pl\/wp-content\/uploads\/2025\/10\/20250913_181707-768x576.jpg 768w\" sizes=\"(max-width: 900px) 100vw, 900px\" \/><figcaption id=\"caption-attachment-18758\" class=\"wp-caption-text\"><\/span> <span style=\"color: #1d344d;\">Zach\u00f3d s\u0142o\u0144ca na g\u00f3rze Miedziance.<\/span><\/figcaption><\/figure>\n<div class=\"mceTemp\"><\/div>\n<figure id=\"attachment_18759\" aria-describedby=\"caption-attachment-18759\" style=\"width: 900px\" class=\"wp-caption aligncenter\"><img loading=\"lazy\" decoding=\"async\" class=\"wp-image-18759 size-full\" src=\"https:\/\/bloganki.pl\/wp-content\/uploads\/2025\/10\/20250913_180807.jpg\" alt=\"\" width=\"900\" height=\"672\" srcset=\"https:\/\/bloganki.pl\/wp-content\/uploads\/2025\/10\/20250913_180807.jpg 900w, https:\/\/bloganki.pl\/wp-content\/uploads\/2025\/10\/20250913_180807-300x224.jpg 300w, https:\/\/bloganki.pl\/wp-content\/uploads\/2025\/10\/20250913_180807-768x573.jpg 768w\" sizes=\"(max-width: 900px) 100vw, 900px\" \/><figcaption id=\"caption-attachment-18759\" class=\"wp-caption-text\"><\/span> <span style=\"color: #1d344d;\">Zach\u00f3d s\u0142o\u0144ca na g\u00f3rze Miedziance.<\/span><\/figcaption><\/figure>\n<figure id=\"attachment_18760\" aria-describedby=\"caption-attachment-18760\" style=\"width: 900px\" class=\"wp-caption aligncenter\"><img loading=\"lazy\" decoding=\"async\" class=\"wp-image-18760 size-full\" src=\"https:\/\/bloganki.pl\/wp-content\/uploads\/2025\/10\/20250913_181603.jpg\" alt=\"\" width=\"900\" height=\"675\" srcset=\"https:\/\/bloganki.pl\/wp-content\/uploads\/2025\/10\/20250913_181603.jpg 900w, https:\/\/bloganki.pl\/wp-content\/uploads\/2025\/10\/20250913_181603-300x225.jpg 300w, https:\/\/bloganki.pl\/wp-content\/uploads\/2025\/10\/20250913_181603-768x576.jpg 768w\" sizes=\"(max-width: 900px) 100vw, 900px\" \/><figcaption id=\"caption-attachment-18760\" class=\"wp-caption-text\"><\/span> <span style=\"color: #1d344d;\">Zach\u00f3d s\u0142o\u0144ca na g\u00f3rze Miedziance.<\/span><\/figcaption><\/figure>\n<figure id=\"attachment_18761\" aria-describedby=\"caption-attachment-18761\" style=\"width: 900px\" class=\"wp-caption aligncenter\"><img loading=\"lazy\" decoding=\"async\" class=\"wp-image-18761 size-full\" src=\"https:\/\/bloganki.pl\/wp-content\/uploads\/2025\/10\/20250913_181904.jpg\" alt=\"\" width=\"900\" height=\"675\" srcset=\"https:\/\/bloganki.pl\/wp-content\/uploads\/2025\/10\/20250913_181904.jpg 900w, https:\/\/bloganki.pl\/wp-content\/uploads\/2025\/10\/20250913_181904-300x225.jpg 300w, https:\/\/bloganki.pl\/wp-content\/uploads\/2025\/10\/20250913_181904-768x576.jpg 768w\" sizes=\"(max-width: 900px) 100vw, 900px\" \/><figcaption id=\"caption-attachment-18761\" class=\"wp-caption-text\"><\/span> <span style=\"color: #1d344d;\">Zach\u00f3d s\u0142o\u0144ca na g\u00f3rze Miedziance.<\/span><\/figcaption><\/figure>\n<h2><span style=\"color: #1d344d;\">Inne szlaki w G\u00f3rach \u015awi\u0119tokrzyskich, kt\u00f3re warto pozna\u0107<\/span><\/h2>\n<p class=\"isSelectedEnd\"><span style=\"color: #1d344d;\">Je\u015bli spodoba\u0142a Wam si\u0119 w\u0119dr\u00f3wka przez <strong>Jaskini\u0119 Piek\u0142o, Jaskini\u0119 Raj i G\u00f3r\u0119 Zelejow\u0105<\/strong>, zach\u0119cam r\u00f3wnie\u017c do odkrycia innych pi\u0119knych tras w G\u00f3rach \u015awi\u0119tokrzyskich. Ka\u017cdy szlak ma tutaj sw\u00f3j wyj\u0105tkowy charakter \u2013 jedne prowadz\u0105 przez \u015blady dawnych legend, inne przez miejsca zwi\u0105zane z histori\u0105 regionu i jego niezwyk\u0142\u0105 przyrod\u0105.<\/span><\/p>\n<p class=\"isSelectedEnd\"><span style=\"color: #1d344d;\">\ud83c\udf3f <strong>Ciekoty \u2013 Radostowa \u2013 Klon\u00f3wka \u2013 Ciekoty<\/strong><\/span><br \/>\n<span style=\"color: #1d344d;\">Malownicza trasa w krainie Stefana \u017beromskiego. Szlak prowadzi przez jedne z najpi\u0119kniejszych zak\u0105tk\u00f3w G\u00f3r \u015awi\u0119tokrzyskich, z widokami na Pasmo \u0141ysog\u00f3rskie i charakterystyczn\u0105 Radostow\u0105.<\/span><br \/>\n<span style=\"color: #1d344d;\">\u27a1\ufe0f Przeczytaj relacj\u0119:<\/span><br \/>\n<span style=\"color: #1d344d;\"><a style=\"color: #1d344d;\" href=\"https:\/\/bloganki.pl\/index.php\/2025\/10\/11\/szlak-ciekoty-wymyslona-radostowa-klonowka-ciekoty-w-krainie-stefana-zeromskiego-gory-swietokrzyskie\/\">https:\/\/bloganki.pl\/index.php\/2025\/10\/11\/szlak-ciekoty-wymyslona-radostowa-klonowka-ciekoty-w-krainie-stefana-zeromskiego-gory-swietokrzyskie\/<\/a><\/span><\/p>\n<p class=\"isSelectedEnd\"><span style=\"color: #1d344d;\">\ud83c\udf32 <strong>Nowa S\u0142upia \u2013 Che\u0142mowa G\u00f3ra \u2013 Grzegorzewice<\/strong><\/span><br \/>\n<span style=\"color: #1d344d;\">Szlak dla os\u00f3b, kt\u00f3re lubi\u0105 spokojne le\u015bne w\u0119dr\u00f3wki, histori\u0119 i mniej oczywiste miejsca. Trasa prowadzi przez okolice zwi\u0105zane z dawnym g\u00f3rnictwem oraz pi\u0119kn\u0105 \u015bwi\u0119tokrzysk\u0105 przyrod\u0105.<\/span><br \/>\n<span style=\"color: #1d344d;\">\u27a1\ufe0f Przeczytaj relacj\u0119:<\/span><br \/>\n<span style=\"color: #1d344d;\"><a style=\"color: #1d344d;\" href=\"https:\/\/bloganki.pl\/index.php\/2025\/09\/27\/szlak-pieszy-z-nowej-slupi-przez-chelmowa-gore-do-malowniczej-wsi-grzegorzewice-gory-swietokrzyskie\/\">https:\/\/bloganki.pl\/index.php\/2025\/09\/27\/szlak-pieszy-z-nowej-slupi-przez-chelmowa-gore-do-malowniczej-wsi-grzegorzewice-gory-swietokrzyskie\/<\/a><\/span><\/p>\n<p class=\"isSelectedEnd\"><span style=\"color: #1d344d;\">\ud83c\udf42 <strong>Bodzentyn \u2013 \u015awi\u0119ta Katarzyna \u015bladami kolejki w\u0105skotorowej<\/strong><\/span><br \/>\n<span style=\"color: #1d344d;\">Wyj\u0105tkowa trasa przez tereny \u015awi\u0119tokrzyskiego Parku Narodowego, podczas kt\u00f3rej mo\u017cna po\u0142\u0105czy\u0107 pi\u0119kno przyrody z histori\u0105 dawnej kolejki w\u0105skotorowej.<\/span><br \/>\n<span style=\"color: #1d344d;\">\u27a1\ufe0f Przeczytaj relacj\u0119:<\/span><br \/>\n<span style=\"color: #1d344d;\"><a style=\"color: #1d344d;\" href=\"https:\/\/bloganki.pl\/index.php\/2025\/09\/22\/z-bodzentyna-do-sw-katarzyny-sladami-kolejki-waskotorowej-przez-swietokrzyski-park-narodowy\/\">https:\/\/bloganki.pl\/index.php\/2025\/09\/22\/z-bodzentyna-do-sw-katarzyny-sladami-kolejki-waskotorowej-przez-swietokrzyski-park-narodowy\/<\/a><\/span><\/p>\n<p class=\"isSelectedEnd\"><span style=\"color: #1d344d;\">\ud83c\udfd4\ufe0f <strong>\u015awi\u0119ta Katarzyna \u2013 \u015awi\u0119ty Krzy\u017c przez serce G\u00f3r \u015awi\u0119tokrzyskich<\/strong><\/span><br \/>\n<span style=\"color: #1d344d;\">Klasyczna, niezwykle malownicza trasa przez \u0141ysog\u00f3ry. Po drodze czekaj\u0105 le\u015bne \u015bcie\u017cki, go\u0142oborza i najwa\u017cniejsze symbole regionu.<\/span><br \/>\n<span style=\"color: #1d344d;\">\u27a1\ufe0f Przeczytaj relacj\u0119:<\/span><br \/>\n<span style=\"color: #1d344d;\"><a style=\"color: #1d344d;\" href=\"https:\/\/bloganki.pl\/index.php\/2020\/10\/05\/w-sercu-gor-swietokrzyskich-szlak-pieszy-ze-swietej-katarzyny-na-swiety-krzyz\/\">https:\/\/bloganki.pl\/index.php\/2020\/10\/05\/w-sercu-gor-swietokrzyskich-szlak-pieszy-ze-swietej-katarzyny-na-swiety-krzyz\/<\/a><\/span><\/p>\n<p><span style=\"color: #1d344d;\">Mam nadziej\u0119, \u017ce te propozycje zainspiruj\u0105 Was do kolejnych wypraw po G\u00f3rach \u015awi\u0119tokrzyskich. To g\u00f3ry niewysokie, ale pe\u0142ne historii, legend i miejsc, kt\u00f3re potrafi\u0105 zachwyci\u0107 o ka\u017cdej porze roku.<\/span><\/p>\n<h2><span style=\"color: #1d344d;\">Wesprzyj moje podr\u00f3\u017ce po G\u00f3rach \u015awi\u0119tokrzyskich<\/span><\/h2>\n<p class=\"isSelectedEnd\"><span style=\"color: #1d344d;\">Podoba Ci si\u0119 ten wpis i wsp\u00f3lne odkrywanie \u015bwi\u0119tokrzyskich szlak\u00f3w?<\/span><\/p>\n<p class=\"isSelectedEnd\"><span style=\"color: #1d344d;\">Je\u015bli moje relacje z w\u0119dr\u00f3wek, opowie\u015bci o niezwyk\u0142ych miejscach i legendach ukrytych po drodze sprawiaj\u0105 Ci przyjemno\u015b\u0107, mo\u017cesz postawi\u0107 mi wirtualn\u0105 kaw\u0119 i wesprze\u0107 moj\u0105 tw\u00f3rczo\u015b\u0107.<\/span><\/p>\n<p class=\"isSelectedEnd\"><span style=\"color: #1d344d;\">Dzi\u0119ki temu mog\u0119 dalej rusza\u0107 na szlaki, poznawa\u0107 kolejne zak\u0105tki, odkrywa\u0107 lokalne historie i dzieli\u0107 si\u0119 z Wami miejscami, kt\u00f3re cz\u0119sto znajduj\u0105 si\u0119 tu\u017c obok, a wci\u0105\u017c czekaj\u0105 na odkrycie.<\/span><\/p>\n<p><span style=\"color: #1d344d;\">Dzi\u0119kuj\u0119, \u017ce jeste\u015bcie ze mn\u0105. Razem przemierzamy le\u015bne \u015bcie\u017cki, zdobywamy kolejne szczyty i odkrywamy ma\u0142e skarby ukryte po drodze. \u2764\ufe0f<\/span><\/p>\n<p><a href=\"https:\/\/buycoffee.to\/bloganki\"><span style=\"color: #1d344d;\"><img loading=\"lazy\" decoding=\"async\" class=\"alignnone wp-image-16653 size-medium\" src=\"https:\/\/bloganki.pl\/wp-content\/uploads\/2023\/09\/GIF-1-300x84.gif\" alt=\"\" width=\"300\" height=\"84\" \/><\/span><\/a><\/p>\n","protected":false},"excerpt":{"rendered":"<p>G\u00f3ry \u015awi\u0119tokrzyskie maj\u0105 w sobie co\u015b, co sprawia, \u017ce bardzo lubi\u0119 do nich wraca\u0107. Nie s\u0105 wysokie, nie maj\u0105 pot\u0119\u017cnych szczyt\u00f3w ani spektakularnych przepa\u015bci, a mimo to za ka\u017cdym razem potrafi\u0105 mnie czym\u015b zaskoczy\u0107. Najbardziej lubi\u0119 tutaj lasy. Ich cisz\u0119, zapach i te momenty, kiedy wystarczy odej\u015b\u0107 kawa\u0142ek od drogi, \u017ceby zupe\u0142nie zapomnie\u0107 o codziennym po\u015bpiechu. Tym razem wybra\u0142am \u017c\u00f3\u0142ty szlak z Barczy przez Klon\u00f3w na Bukow\u0105 G\u00f3r\u0119. To niespe\u0142na 11 kilometr\u00f3w bardzo przyjemnej w\u0119dr\u00f3wki przez lasy Pasma Klonowskiego. Po drodze czeka\u0142o na mnie kilka niewielkich podej\u015b\u0107, troch\u0119 historii, pi\u0119kne le\u015bne \u015bcie\u017cki, widoki i ska\u0142ki na Bukowej G\u00f3rze. Trasa: Barcza \u2013 Klon\u00f3w \u2013 Bukowa G\u00f3ra Czas przej\u015bcia: oko\u0142o 3 godziny 15 minut D\u0142ugo\u015b\u0107 szlaku: 10,8 km Ju\u017c na pocz\u0105tku wiedzia\u0142am, \u017ce b\u0119dzie to jedna z tych tras, kt\u00f3re dobrze zapami\u0119tam. Barcza \u2013 tutaj zacz\u0119\u0142am w\u0119dr\u00f3wk\u0119 Samoch\u00f3d zostawi\u0142am w Barczy i ruszy\u0142am \u017c\u00f3\u0142tym szlakiem. Bardzo lubi\u0119 ten moment, kiedy jeszcze jestem blisko drogi, a po kilku minutach wszystko zaczyna si\u0119 zmienia\u0107. Samochody zostaj\u0105 gdzie\u015b za plecami, zamiast asfaltu pojawia si\u0119 le\u015bna droga, a ja mog\u0119 wreszcie zwolni\u0107. W\u0142a\u015bnie dla takich chwil przyje\u017cd\u017cam w G\u00f3ry \u015awi\u0119tokrzyskie. Pierwszy fragment prowadzi\u0142 mnie przez okolice rezerwatu Barcza. To miejsce ciekawe nie tylko przyrodniczo, ale r\u00f3wnie\u017c geologicznie. Wyst\u0119puj\u0105 tutaj ska\u0142y zwi\u0105zane z budow\u0105 G\u00f3r \u015awi\u0119tokrzyskich, a \u015blady dawnego wydobycia przypominaj\u0105, \u017ce cz\u0142owiek od dawna korzysta\u0142 z tego, co kryje \u015bwi\u0119tokrzemska ziemia. Przyznam jednak szczerze \u2013 podczas w\u0119dr\u00f3wki nie my\u015bla\u0142am wtedy o geologii. Patrzy\u0142am na drzewa. Na \u015bwiat\u0142o przedzieraj\u0105ce si\u0119 przez ga\u0142\u0119zie. Na \u015bcie\u017ck\u0119, kt\u00f3ra za ka\u017cdym zakr\u0119tem wygl\u0105da\u0142a troch\u0119 inaczej. I cieszy\u0142am si\u0119, \u017ce znowu jestem w \u015awi\u0119tokrzyskiem. Las, kt\u00f3ry lubi\u0119 najbardziej Ten szlak bardzo szybko przypomnia\u0142 mi, dlaczego tak lubi\u0119 \u015bwi\u0119tokrzyskie lasy. Rosn\u0105 tutaj jod\u0142y i buki, a las ma zupe\u0142nie inny charakter ni\u017c dobrze mi znane sosnowe lasy. Jest bardziej g\u00f3rski, troch\u0119 ciemniejszy i ma sw\u00f3j charakterystyczny zapach. Czasami wystarczy\u0142o kilka krok\u00f3w, \u017cebym poczu\u0142a wilgotn\u0105 ziemi\u0119 i le\u015bn\u0105 \u015bci\u00f3\u0142k\u0119. Uwielbiam ten zapach. W takich chwilach zupe\u0142nie przestaj\u0119 si\u0119 spieszy\u0107. \u017b\u00f3\u0142ty szlak prowadzi\u0142 mnie przez kolejne le\u015bne wzniesienia. Nie by\u0142y one wysokie, ale na trasie pojawi\u0142o si\u0119 kilka podej\u015b\u0107, wi\u0119c nogi troch\u0119 popracowa\u0142y. I bardzo dobrze. Przecie\u017c w\u0142a\u015bnie po to przyjecha\u0142am w g\u00f3ry. G\u00f3ra Barcza Po drodze zdoby\u0142am G\u00f3r\u0119 Barcza. Nie jest to mo\u017ce szczyt, o kt\u00f3rym marz\u0105 zdobywcy Korony G\u00f3r Polski, ale ja w\u0142a\u015bnie takie miejsca lubi\u0119 najbardziej. Niepozorne, troch\u0119 ukryte, bez t\u0142um\u00f3w i wielkiego zamieszania. Mog\u0142abym przej\u015b\u0107 obok i nawet nie zastanowi\u0107 si\u0119, \u017ce w\u0142a\u015bnie zdoby\u0142am kolejne wzniesienie. A przecie\u017c ka\u017cda taka ma\u0142a g\u00f3ra ma swoj\u0105 histori\u0119. I swoj\u0105 \u015bcie\u017ck\u0119. Na tym szlaku najbardziej podoba\u0142o mi si\u0119 w\u0142a\u015bnie to, \u017ce nie czeka\u0142y tutaj na mnie spektakularne atrakcje pojawiaj\u0105ce si\u0119 co kilka minut. Musia\u0142am i\u015b\u0107, patrze\u0107 i da\u0107 sobie czas. Dopiero wtedy zacz\u0119\u0142am zauwa\u017ca\u0107 rzeczy, obok kt\u00f3rych normalnie mo\u017cna przej\u015b\u0107 oboj\u0119tnie. Klon\u00f3w \u2013 chwila wytchnienia i troch\u0119 \u015bwi\u0119tokrzyskiej historii Po le\u015bnej w\u0119dr\u00f3wce dotar\u0142am do Klonowa. I tutaj krajobraz troch\u0119 si\u0119 zmieni\u0142. Znowu pojawi\u0142y si\u0119 pola, domy i bardziej otwarta przestrze\u0144. Po d\u0142u\u017cszym czasie sp\u0119dzonym w lesie takie miejsca cieszy\u0142y mnie podw\u00f3jnie. Lubi\u0119 \u015bwi\u0119tokrzyskie wsie. Te ma\u0142e, troch\u0119 senne, z drewnianymi domami, starymi sadami i kapliczkami stoj\u0105cymi przy drogach. Mam wra\u017cenie, \u017ce czas p\u0142ynie tutaj wolniej. W Klonowie zatrzyma\u0142am si\u0119 r\u00f3wnie\u017c przy pomniku upami\u0119tniaj\u0105cym osoby zamordowane przez Niemc\u00f3w podczas II wojny \u015bwiatowej. To kolejny raz, kiedy podczas zwyk\u0142ej w\u0119dr\u00f3wki trafi\u0142am na \u015blad historii. I chyba w\u0142a\u015bnie za to lubi\u0119 podr\u00f3\u017cowanie. Bo czasami jad\u0119 gdzie\u015b tylko po to, \u017ceby przej\u015b\u0107 kawa\u0142ek szlakiem, a wracam z g\u0142ow\u0105 pe\u0142n\u0105 historii, kt\u00f3rych wcze\u015bniej nie zna\u0142am. Z Klonowa na Bukow\u0105 G\u00f3r\u0119 Za Klonowem znowu wesz\u0142am do lasu. Przede mn\u0105 by\u0142a Bukowa G\u00f3ra. Nazwa od razu zdradza\u0142a, czego mog\u0142am si\u0119 tutaj spodziewa\u0107. Buki rosn\u0105 tu naprawd\u0119 pi\u0119knie i jesieni\u0105 musz\u0105 wygl\u0105da\u0107 zjawiskowo. Ju\u017c podczas w\u0119dr\u00f3wki wyobra\u017ca\u0142am sobie ten szlak w pa\u017adzierniku. Z\u0142ote li\u015bcie, rude paprocie, mi\u0119kka \u015bci\u00f3\u0142ka i drzewa, przez kt\u00f3re przebija si\u0119 niskie jesienne s\u0142o\u0144ce. Chyba b\u0119d\u0119 musia\u0142a tu wr\u00f3ci\u0107 jesieni\u0105. Bo G\u00f3ry \u015awi\u0119tokrzyskie w\u0142a\u015bnie jesieni\u0105 maj\u0105 dla mnie szczeg\u00f3lny klimat. Bukowa G\u00f3ra \u2013 ska\u0142y ukryte w lesie Bukowa G\u00f3ra ma oko\u0142o 484 m n.p.m. i jest najwy\u017cszym wzniesieniem Pasma Klonowskiego. Ale nie sama wysoko\u015b\u0107 by\u0142a tutaj dla mnie najciekawsza. Na szczycie i w jego okolicy znajduj\u0105 si\u0119 Ska\u0142ki Klonowskie \u2013 charakterystyczne wychodnie piaskowc\u00f3w kwarcytowych. I nagle, id\u0105c spokojn\u0105 le\u015bn\u0105 \u015bcie\u017ck\u0105, trafi\u0142am na ska\u0142y. Lubi\u0119 takie niespodzianki. Nie ma tutaj wielkich urwisk ani pot\u0119\u017cnych formacji skalnych. S\u0105 za to niewielkie ska\u0142ki wystaj\u0105ce spo\u015br\u00f3d drzew, pop\u0119kane, troch\u0119 surowe i bardzo dobrze pasuj\u0105ce do tego lasu. Podesz\u0142am bli\u017cej, obejrza\u0142am je z ka\u017cdej strony i oczywi\u015bcie zrobi\u0142am kilka zdj\u0119\u0107. A potem usiad\u0142am gdzie\u015b obok. I po prostu poby\u0142am. Czasami w\u0142a\u015bnie takie chwile lubi\u0119 najbardziej. Dlaczego warto wybra\u0107 ten szlak? Kiedy my\u015bl\u0119 o tej trasie, najbardziej podoba mi si\u0119 jej spokojny charakter. Nie jest d\u0142uga \u2013\u00a010,8 km\u00a0mo\u017cna przej\u015b\u0107 w oko\u0142o\u00a03 godziny i 15 minut. Nie jest te\u017c szczeg\u00f3lnie trudna, cho\u0107 oczywi\u015bcie trzeba liczy\u0107 si\u0119 z podej\u015bciami. Ale nie wybra\u0142am jej tylko dlatego, \u017ce \u0142atwo j\u0105 przej\u015b\u0107. Wybra\u0142am j\u0105 dla lasu. Dla ciszy. Dla ma\u0142ych \u015bwi\u0119tokrzyskich wsi. Dla historii ukrytej po drodze. Dla ska\u0142 na Bukowej G\u00f3rze. I dla tego uczucia, kt\u00f3re mam zawsze, kiedy wracam w G\u00f3ry \u015awi\u0119tokrzyskie. \u017be tutaj naprawd\u0119 mo\u017cna odpocz\u0105\u0107. Je\u015bli znam ju\u017c \u0141ysic\u0119, \u015awi\u0119ty Krzy\u017c i \u015awi\u0119t\u0105 Katarzyn\u0119, a mam ochot\u0119 zobaczy\u0107 troch\u0119 spokojniejsze oblicze G\u00f3r \u015awi\u0119tokrzyskich, ten szlak zdecydowanie zapisuj\u0119 sobie na kolejn\u0105 wycieczk\u0119. Barcza \u2013 Klon\u00f3w \u2013 Bukowa G\u00f3ra\u00a0to bardzo przyjemna propozycja na kilka godzin w\u0119dr\u00f3wki. A ja wiem jedno. Do Bukowej G\u00f3ry jeszcze wr\u00f3c\u0119. Najch\u0119tniej jesieni\u0105. Kiedy \u015bwi\u0119tokrzyskie buki zrobi\u0105 si\u0119 z\u0142ote, a las b\u0119dzie pachnia\u0142 jesieni\u0105. Bukowa G\u00f3ra &#8211; G\u00f3r \u015awi\u0119tokrzyskie. Informacje praktyczne Trasa:\u00a0Barcza \u2013 Klon\u00f3w \u2013 Bukowa G\u00f3ra Kolor szlaku:\u00a0\u017c\u00f3\u0142ty D\u0142ugo\u015b\u0107:\u00a010,8 km Czas przej\u015bcia:\u00a0oko\u0142o 3 godziny 15 minut Najwy\u017cszy punkt:\u00a0Bukowa G\u00f3ra \u2013 484 m n.p.m. Charakter trasy:\u00a0g\u0142\u00f3wnie le\u015bna, z kilkoma podej\u015bciami Atrakcje po drodze:\u00a0rezerwat Barcza, G\u00f3ra Barcza, Klon\u00f3w, lasy Pasma Klonowskiego, Bukowa G\u00f3ra i Ska\u0142ki Klonowskie. FAQ \u2013 \u017c\u00f3\u0142ty szlak Barcza \u2013 Klon\u00f3w \u2013 Bukowa G\u00f3ra Ile kilometr\u00f3w ma szlak z Barczy na Bukow\u0105 G\u00f3r\u0119? Trasa\u00a0Barcza \u2013 Klon\u00f3w \u2013 Bukowa G\u00f3ra\u00a0ma oko\u0142o\u00a010,8 km. To bardzo przyjemna d\u0142ugo\u015b\u0107 na kilkugodzinn\u0105 wycieczk\u0119, bez konieczno\u015bci po\u015bpiechu. Ile czasu zajmuje przej\u015bcie szlaku? Przej\u015bcie ca\u0142ej trasy zajmuje oko\u0142o\u00a03 godziny i 15 minut. Warto jednak doliczy\u0107 czas na postoje, zdj\u0119cia i odpoczynek \u2013 szczeg\u00f3lnie przy Ska\u0142kach Klonowskich. Czy szlak Barcza \u2013 Bukowa G\u00f3ra jest trudny? Nie jest to szczeg\u00f3lnie trudna trasa, ale nie jest te\u017c zupe\u0142nie p\u0142aska. Po drodze czeka nas kilka podej\u015b\u0107, dlatego wygodne buty zdecydowanie si\u0119 przydadz\u0105. Dla osoby, kt\u00f3ra lubi g\u00f3rskie spacery, b\u0119dzie to raczej przyjemna w\u0119dr\u00f3wka ni\u017c wymagaj\u0105ca wyprawa. Co zobaczymy po drodze? Po drodze przechodzimy mi\u0119dzy innymi przez okolice\u00a0rezerwatu Barcza, zdobywamy\u00a0G\u00f3r\u0119 Barcza, docieramy do\u00a0Klonowa, a nast\u0119pnie wspinamy si\u0119 na\u00a0Bukow\u0105 G\u00f3r\u0119. Jedn\u0105 z ciekawszych atrakcji s\u0105\u00a0Ska\u0142ki Klonowskie. Czy na trasie s\u0105 \u0142adne widoki? Tak, chocia\u017c wi\u0119kszo\u015b\u0107 trasy prowadzi przez las. W okolicach Klonowa pojawiaj\u0105 si\u0119 bardziej otwarte przestrzenie i mo\u017cna podziwia\u0107 \u015bwi\u0119tokrzyski krajobraz. Dla mnie jednak najwi\u0119ksz\u0105 atrakcj\u0105 tej trasy jest w\u0142a\u015bnie las i jego spokojny klimat. Czy mo\u017cna wybra\u0107 si\u0119 na ten szlak z dzie\u0107mi? Je\u017celi dzieci s\u0105 przyzwyczajone do d\u0142u\u017cszych spacer\u00f3w, trasa mo\u017ce by\u0107 dobrym pomys\u0142em na rodzinn\u0105 wycieczk\u0119. Trzeba jednak pami\u0119ta\u0107 o d\u0142ugo\u015bci prawie 11 km i kilku podej\u015bciach. Z m\u0142odszymi dzie\u0107mi warto wcze\u015bniej sprawdzi\u0107 ich mo\u017cliwo\u015bci. Czy warto przej\u015b\u0107 ten szlak jesieni\u0105? Zdecydowanie! Szczeg\u00f3lnie ze wzgl\u0119du na lasy Pasma Klonowskiego. Jesieni\u0105 buki pi\u0119knie si\u0119 przebarwiaj\u0105, a ca\u0142a trasa mo\u017ce wygl\u0105da\u0107 zupe\u0142nie inaczej ni\u017c wiosn\u0105 czy latem. Sama ch\u0119tnie wr\u00f3ci\u0142abym tutaj w\u0142a\u015bnie jesieni\u0105. Gdzie najlepiej rozpocz\u0105\u0107 w\u0119dr\u00f3wk\u0119? W\u0119dr\u00f3wk\u0119 rozpoczynamy w\u00a0Barczy, sk\u0105d ruszamy \u017c\u00f3\u0142tym szlakiem w kierunku Klonowa i Bukowej G\u00f3ry. Przed wyjazdem warto sprawdzi\u0107 aktualne mo\u017cliwo\u015bci pozostawienia samochodu w miejscu startu. Czy warto wybra\u0107 \u017c\u00f3\u0142ty szlak z Barczy na Bukow\u0105 G\u00f3r\u0119? Moim zdaniem zdecydowanie tak. To propozycja dla tych, kt\u00f3rzy lubi\u0105\u00a0spokojne, le\u015bne w\u0119dr\u00f3wki, nie potrzebuj\u0105 wielkich wysoko\u015bci, a zamiast t\u0142um\u00f3w wybieraj\u0105 cisz\u0119 i kontakt z natur\u0105. Na niespe\u0142na 11 kilometrach dostajemy troch\u0119 podej\u015b\u0107, troch\u0119 historii, pi\u0119kny las i ciekawe ska\u0142ki na Bukowej G\u00f3rze. Na koniec czeka\u0142a mnie jeszcze ma\u0142a przygoda. Robi\u0142o si\u0119 ju\u017c coraz p\u00f3\u017aniej i powoli zaczyna\u0142o si\u0119 \u015bciemnia\u0107, a ja musia\u0142am wr\u00f3ci\u0107 na parking, gdzie zostawi\u0142am samoch\u00f3d. Bardzo chcia\u0142am zd\u0105\u017cy\u0107 jeszcze na zach\u00f3d s\u0142o\u0144ca na moj\u0105 ukochan\u0105 Miedziank\u0119, dlatego postanowi\u0142am spr\u00f3bowa\u0107 z\u0142apa\u0107 stopa. W pewnym momencie zobaczy\u0142am par\u0119, kt\u00f3r\u0105 wcze\u015bniej spotka\u0142am na Bukowej G\u00f3rze. Podesz\u0142am do nich i zapyta\u0142am, czy mogliby mnie podwie\u017a\u0107 na parking. Zgodzili si\u0119 bez problemu.\u00a0 Dzi\u0119ki nim szybko wr\u00f3ci\u0142am do samochodu. Robi\u0142o si\u0119 ju\u017c coraz ciemniej, ale ja wcale nie zamierza\u0142am odpuszcza\u0107. Bardzo chcia\u0142am zd\u0105\u017cy\u0107 na zach\u00f3d s\u0142o\u0144ca na moj\u0105 ukochan\u0105 Miedziank\u0119. Wsiad\u0142am do samochodu i ruszy\u0142am. Zach\u00f3d s\u0142o\u0144ca na g\u00f3rze Miedziance. Inne szlaki w G\u00f3rach \u015awi\u0119tokrzyskich, kt\u00f3re warto pozna\u0107 Je\u015bli spodoba\u0142a Wam si\u0119 w\u0119dr\u00f3wka przez Jaskini\u0119 Piek\u0142o, Jaskini\u0119 Raj i G\u00f3r\u0119 Zelejow\u0105, zach\u0119cam r\u00f3wnie\u017c do odkrycia innych pi\u0119knych tras w G\u00f3rach \u015awi\u0119tokrzyskich. Ka\u017cdy szlak ma tutaj sw\u00f3j wyj\u0105tkowy charakter \u2013 jedne prowadz\u0105 przez \u015blady dawnych legend, inne przez miejsca zwi\u0105zane z histori\u0105 regionu i jego niezwyk\u0142\u0105 przyrod\u0105. \ud83c\udf3f Ciekoty \u2013 Radostowa \u2013 Klon\u00f3wka \u2013 Ciekoty Malownicza trasa w krainie Stefana \u017beromskiego. Szlak prowadzi przez jedne z najpi\u0119kniejszych zak\u0105tk\u00f3w G\u00f3r \u015awi\u0119tokrzyskich, z widokami na Pasmo \u0141ysog\u00f3rskie i charakterystyczn\u0105 Radostow\u0105. \u27a1\ufe0f Przeczytaj relacj\u0119: https:\/\/bloganki.pl\/index.php\/2025\/10\/11\/szlak-ciekoty-wymyslona-radostowa-klonowka-ciekoty-w-krainie-stefana-zeromskiego-gory-swietokrzyskie\/ \ud83c\udf32 Nowa S\u0142upia \u2013 Che\u0142mowa G\u00f3ra \u2013 Grzegorzewice Szlak dla os\u00f3b, kt\u00f3re lubi\u0105 spokojne le\u015bne w\u0119dr\u00f3wki, histori\u0119 i mniej oczywiste miejsca. Trasa prowadzi przez okolice zwi\u0105zane z dawnym g\u00f3rnictwem oraz pi\u0119kn\u0105 \u015bwi\u0119tokrzysk\u0105 przyrod\u0105. \u27a1\ufe0f Przeczytaj relacj\u0119: https:\/\/bloganki.pl\/index.php\/2025\/09\/27\/szlak-pieszy-z-nowej-slupi-przez-chelmowa-gore-do-malowniczej-wsi-grzegorzewice-gory-swietokrzyskie\/ \ud83c\udf42 Bodzentyn \u2013 \u015awi\u0119ta Katarzyna \u015bladami kolejki w\u0105skotorowej Wyj\u0105tkowa trasa przez tereny \u015awi\u0119tokrzyskiego Parku Narodowego, podczas kt\u00f3rej mo\u017cna po\u0142\u0105czy\u0107 pi\u0119kno przyrody z histori\u0105 dawnej kolejki w\u0105skotorowej. \u27a1\ufe0f Przeczytaj relacj\u0119: https:\/\/bloganki.pl\/index.php\/2025\/09\/22\/z-bodzentyna-do-sw-katarzyny-sladami-kolejki-waskotorowej-przez-swietokrzyski-park-narodowy\/ \ud83c\udfd4\ufe0f \u015awi\u0119ta Katarzyna \u2013 \u015awi\u0119ty Krzy\u017c przez serce G\u00f3r \u015awi\u0119tokrzyskich Klasyczna, niezwykle malownicza trasa przez \u0141ysog\u00f3ry. Po drodze czekaj\u0105 le\u015bne \u015bcie\u017cki, go\u0142oborza i najwa\u017cniejsze symbole regionu. \u27a1\ufe0f Przeczytaj relacj\u0119: https:\/\/bloganki.pl\/index.php\/2020\/10\/05\/w-sercu-gor-swietokrzyskich-szlak-pieszy-ze-swietej-katarzyny-na-swiety-krzyz\/ Mam nadziej\u0119, \u017ce te propozycje zainspiruj\u0105 Was do kolejnych wypraw po G\u00f3rach \u015awi\u0119tokrzyskich. To g\u00f3ry niewysokie, ale pe\u0142ne historii, legend i miejsc, kt\u00f3re potrafi\u0105 zachwyci\u0107 o ka\u017cdej porze roku. Wesprzyj moje podr\u00f3\u017ce po G\u00f3rach \u015awi\u0119tokrzyskich Podoba Ci si\u0119 ten wpis i wsp\u00f3lne odkrywanie \u015bwi\u0119tokrzyskich szlak\u00f3w? Je\u015bli moje relacje z w\u0119dr\u00f3wek, opowie\u015bci o niezwyk\u0142ych miejscach i legendach ukrytych po drodze sprawiaj\u0105 Ci przyjemno\u015b\u0107, mo\u017cesz postawi\u0107 mi wirtualn\u0105 kaw\u0119 i wesprze\u0107 moj\u0105 tw\u00f3rczo\u015b\u0107. Dzi\u0119ki temu mog\u0119 dalej rusza\u0107 na szlaki, poznawa\u0107 kolejne zak\u0105tki, odkrywa\u0107 lokalne historie i dzieli\u0107 si\u0119 z Wami miejscami, kt\u00f3re cz\u0119sto znajduj\u0105 si\u0119 tu\u017c obok, a wci\u0105\u017c czekaj\u0105 na odkrycie. Dzi\u0119kuj\u0119, \u017ce jeste\u015bcie ze mn\u0105. Razem przemierzamy le\u015bne \u015bcie\u017cki, zdobywamy kolejne szczyty i odkrywamy ma\u0142e skarby ukryte po drodze. \u2764\ufe0f<\/p>\n","protected":false},"author":3,"featured_media":18711,"comment_status":"open","ping_status":"open","sticky":false,"template":"","format":"standard","meta":{"_monsterinsights_skip_tracking":false,"footnotes":""},"categories":[713,712],"tags":[1461,1460,506,1462,1463,957,1464,510,1466,1068,1467,1465],"class_list":["post-18710","post","type-post","status-publish","format-standard","has-post-thumbnail","hentry","category-gory-swietokrzyskie","category-szlaki","tag-barcza","tag-bukowa-gora","tag-gory-swietokrzyskie","tag-klonow","tag-pasmo-klonowskie","tag-piesze-wedrowki","tag-skalki-klonowskie","tag-swietokrzyskie","tag-szlaki-w-gorach-swietokrzyskich","tag-turystyka-piesza","tag-wycieczki-po-polsce","tag-zolty-szlak"],"aioseo_notices":[],"aioseo_head":"\n\t\t<!-- All in One SEO 5.0.1.1 - aioseo.com -->\n\t<meta name=\"description\" content=\"\u017b\u00f3\u0142tym szlakiem z Barczy przez Klon\u00f3w na Bukow\u0105 G\u00f3r\u0119. 10,8 km pi\u0119knej w\u0119dr\u00f3wki przez lasy Pasma Klonowskiego, z widokami i Ska\u0142kami Klonowskimi.\" \/>\n\t<meta name=\"robots\" content=\"max-image-preview:large\" \/>\n\t<meta name=\"author\" content=\"Ania\"\/>\n\t<link rel=\"canonical\" href=\"https:\/\/bloganki.pl\/index.php\/2026\/09\/05\/zoltym-szlakiem-z-barczy-na-bukowa-gore-malownicza-trasa-w-gorach-swietokrzyskich\/\" \/>\n\t<meta name=\"generator\" content=\"All in One SEO (AIOSEO) 5.0.1.1\" \/>\n\t\t<meta property=\"og:locale\" content=\"pl_PL\" \/>\n\t\t<meta property=\"og:site_name\" content=\"blogAnki - Zanim znikn\u0105 \u2013 historie ludzi i miejsc. O Puszczy Kampinoskiej, Podlasiu, Grecji i miejscach, kt\u00f3re maj\u0105 wi\u0119cej do opowiedzenia, ni\u017c wida\u0107 na pierwszy rzut oka.\" \/>\n\t\t<meta property=\"og:type\" content=\"article\" \/>\n\t\t<meta property=\"og:title\" content=\"\u017b\u00f3\u0142tym szlakiem z Barczy na Bukow\u0105 G\u00f3r\u0119 \u2013 malownicza trasa w G\u00f3rach \u015awi\u0119tokrzyskich. - blogAnki\" \/>\n\t\t<meta property=\"og:description\" content=\"\u017b\u00f3\u0142tym szlakiem z Barczy przez Klon\u00f3w na Bukow\u0105 G\u00f3r\u0119. 10,8 km pi\u0119knej w\u0119dr\u00f3wki przez lasy Pasma Klonowskiego, z widokami i Ska\u0142kami Klonowskimi.\" \/>\n\t\t<meta property=\"og:url\" content=\"https:\/\/bloganki.pl\/index.php\/2026\/09\/05\/zoltym-szlakiem-z-barczy-na-bukowa-gore-malownicza-trasa-w-gorach-swietokrzyskich\/\" \/>\n\t\t<meta property=\"article:published_time\" content=\"2026-09-05T15:21:30+00:00\" \/>\n\t\t<meta property=\"article:modified_time\" content=\"2026-09-05T15:23:42+00:00\" \/>\n\t\t<meta name=\"twitter:card\" content=\"summary_large_image\" \/>\n\t\t<meta name=\"twitter:title\" content=\"\u017b\u00f3\u0142tym szlakiem z Barczy na Bukow\u0105 G\u00f3r\u0119 \u2013 malownicza trasa w G\u00f3rach \u015awi\u0119tokrzyskich. - blogAnki\" \/>\n\t\t<meta name=\"twitter:description\" content=\"\u017b\u00f3\u0142tym szlakiem z Barczy przez Klon\u00f3w na Bukow\u0105 G\u00f3r\u0119. 10,8 km pi\u0119knej w\u0119dr\u00f3wki przez lasy Pasma Klonowskiego, z widokami i Ska\u0142kami Klonowskimi.\" \/>\n\t\t<script type=\"application\/ld+json\" class=\"aioseo-schema\">\n\t\t\t{\"@context\":\"https:\\\/\\\/schema.org\",\"@graph\":[{\"@type\":\"BlogPosting\",\"@id\":\"https:\\\/\\\/bloganki.pl\\\/index.php\\\/2026\\\/09\\\/05\\\/zoltym-szlakiem-z-barczy-na-bukowa-gore-malownicza-trasa-w-gorach-swietokrzyskich\\\/#blogposting\",\"name\":\"\\u017b\\u00f3\\u0142tym szlakiem z Barczy na Bukow\\u0105 G\\u00f3r\\u0119 \\u2013 malownicza trasa w G\\u00f3rach \\u015awi\\u0119tokrzyskich. - blogAnki\",\"headline\":\"\\u017b\\u00f3\\u0142tym szlakiem z Barczy na Bukow\\u0105 G\\u00f3r\\u0119 \\u2013 malownicza trasa w G\\u00f3rach \\u015awi\\u0119tokrzyskich.\",\"author\":{\"@id\":\"https:\\\/\\\/bloganki.pl\\\/index.php\\\/author\\\/admin-2\\\/#author\"},\"publisher\":{\"@id\":\"https:\\\/\\\/bloganki.pl\\\/#organization\"},\"image\":{\"@type\":\"ImageObject\",\"url\":\"https:\\\/\\\/bloganki.pl\\\/wp-content\\\/uploads\\\/2025\\\/10\\\/20250913_132530.jpg\",\"width\":900,\"height\":675},\"datePublished\":\"2026-09-05T17:21:30+02:00\",\"dateModified\":\"2026-09-05T17:23:42+02:00\",\"inLanguage\":\"pl-PL\",\"mainEntityOfPage\":{\"@id\":\"https:\\\/\\\/bloganki.pl\\\/index.php\\\/2026\\\/09\\\/05\\\/zoltym-szlakiem-z-barczy-na-bukowa-gore-malownicza-trasa-w-gorach-swietokrzyskich\\\/#webpage\"},\"isPartOf\":{\"@id\":\"https:\\\/\\\/bloganki.pl\\\/index.php\\\/2026\\\/09\\\/05\\\/zoltym-szlakiem-z-barczy-na-bukowa-gore-malownicza-trasa-w-gorach-swietokrzyskich\\\/#webpage\"},\"articleSection\":\"G\\u00f3ry \\u015awi\\u0119tokrzyskie, Szlaki, Barcza, Bukowa G\\u00f3ra, G\\u00f3ry \\u015awi\\u0119tokrzyskie, Klon\\u00f3w, Pasmo Klonowskie, piesze w\\u0119dr\\u00f3wki, Ska\\u0142ki Klonowskie, \\u015awi\\u0119tokrzyskie, szlaki w G\\u00f3rach \\u015awi\\u0119tokrzyskich, turystyka piesza, wycieczki po Polsce, \\u017c\\u00f3\\u0142ty szlak\"},{\"@type\":\"BreadcrumbList\",\"@id\":\"https:\\\/\\\/bloganki.pl\\\/index.php\\\/2026\\\/09\\\/05\\\/zoltym-szlakiem-z-barczy-na-bukowa-gore-malownicza-trasa-w-gorach-swietokrzyskich\\\/#breadcrumblist\",\"itemListElement\":[{\"@type\":\"ListItem\",\"@id\":\"https:\\\/\\\/bloganki.pl#listItem\",\"position\":1,\"name\":\"Home\",\"item\":\"https:\\\/\\\/bloganki.pl\",\"nextItem\":{\"@type\":\"ListItem\",\"@id\":\"https:\\\/\\\/bloganki.pl\\\/index.php\\\/category\\\/szlaki\\\/#listItem\",\"name\":\"Szlaki\"}},{\"@type\":\"ListItem\",\"@id\":\"https:\\\/\\\/bloganki.pl\\\/index.php\\\/category\\\/szlaki\\\/#listItem\",\"position\":2,\"name\":\"Szlaki\",\"item\":\"https:\\\/\\\/bloganki.pl\\\/index.php\\\/category\\\/szlaki\\\/\",\"nextItem\":{\"@type\":\"ListItem\",\"@id\":\"https:\\\/\\\/bloganki.pl\\\/index.php\\\/category\\\/szlaki\\\/gory-swietokrzyskie\\\/#listItem\",\"name\":\"G\\u00f3ry \\u015awi\\u0119tokrzyskie\"},\"previousItem\":{\"@type\":\"ListItem\",\"@id\":\"https:\\\/\\\/bloganki.pl#listItem\",\"name\":\"Home\"}},{\"@type\":\"ListItem\",\"@id\":\"https:\\\/\\\/bloganki.pl\\\/index.php\\\/category\\\/szlaki\\\/gory-swietokrzyskie\\\/#listItem\",\"position\":3,\"name\":\"G\\u00f3ry \\u015awi\\u0119tokrzyskie\",\"item\":\"https:\\\/\\\/bloganki.pl\\\/index.php\\\/category\\\/szlaki\\\/gory-swietokrzyskie\\\/\",\"nextItem\":{\"@type\":\"ListItem\",\"@id\":\"https:\\\/\\\/bloganki.pl\\\/index.php\\\/2026\\\/09\\\/05\\\/zoltym-szlakiem-z-barczy-na-bukowa-gore-malownicza-trasa-w-gorach-swietokrzyskich\\\/#listItem\",\"name\":\"\\u017b\\u00f3\\u0142tym szlakiem z Barczy na Bukow\\u0105 G\\u00f3r\\u0119 \\u2013 malownicza trasa w G\\u00f3rach \\u015awi\\u0119tokrzyskich.\"},\"previousItem\":{\"@type\":\"ListItem\",\"@id\":\"https:\\\/\\\/bloganki.pl\\\/index.php\\\/category\\\/szlaki\\\/#listItem\",\"name\":\"Szlaki\"}},{\"@type\":\"ListItem\",\"@id\":\"https:\\\/\\\/bloganki.pl\\\/index.php\\\/2026\\\/09\\\/05\\\/zoltym-szlakiem-z-barczy-na-bukowa-gore-malownicza-trasa-w-gorach-swietokrzyskich\\\/#listItem\",\"position\":4,\"name\":\"\\u017b\\u00f3\\u0142tym szlakiem z Barczy na Bukow\\u0105 G\\u00f3r\\u0119 \\u2013 malownicza trasa w G\\u00f3rach \\u015awi\\u0119tokrzyskich.\",\"previousItem\":{\"@type\":\"ListItem\",\"@id\":\"https:\\\/\\\/bloganki.pl\\\/index.php\\\/category\\\/szlaki\\\/gory-swietokrzyskie\\\/#listItem\",\"name\":\"G\\u00f3ry \\u015awi\\u0119tokrzyskie\"}}]},{\"@type\":\"Organization\",\"@id\":\"https:\\\/\\\/bloganki.pl\\\/#organization\",\"name\":\"bloganki\",\"description\":\"Zanim znikn\\u0105 \\u2013 historie ludzi i miejsc. O Puszczy Kampinoskiej, Podlasiu, Grecji i miejscach, kt\\u00f3re maj\\u0105 wi\\u0119cej do opowiedzenia, ni\\u017c wida\\u0107 na pierwszy rzut oka.\",\"url\":\"https:\\\/\\\/bloganki.pl\\\/\",\"logo\":{\"@type\":\"ImageObject\",\"url\":\"https:\\\/\\\/bloganki.pl\\\/wp-content\\\/uploads\\\/2024\\\/03\\\/cropped-Anna_Matela-Lubanska_Kwiecien_Zawilce.jpg\",\"@id\":\"https:\\\/\\\/bloganki.pl\\\/index.php\\\/2026\\\/09\\\/05\\\/zoltym-szlakiem-z-barczy-na-bukowa-gore-malownicza-trasa-w-gorach-swietokrzyskich\\\/#organizationLogo\",\"width\":900,\"height\":345},\"image\":{\"@id\":\"https:\\\/\\\/bloganki.pl\\\/index.php\\\/2026\\\/09\\\/05\\\/zoltym-szlakiem-z-barczy-na-bukowa-gore-malownicza-trasa-w-gorach-swietokrzyskich\\\/#organizationLogo\"}},{\"@type\":\"Person\",\"@id\":\"https:\\\/\\\/bloganki.pl\\\/index.php\\\/author\\\/admin-2\\\/#author\",\"url\":\"https:\\\/\\\/bloganki.pl\\\/index.php\\\/author\\\/admin-2\\\/\",\"name\":\"Ania\",\"image\":{\"@type\":\"ImageObject\",\"@id\":\"https:\\\/\\\/bloganki.pl\\\/index.php\\\/2026\\\/09\\\/05\\\/zoltym-szlakiem-z-barczy-na-bukowa-gore-malownicza-trasa-w-gorach-swietokrzyskich\\\/#authorImage\",\"url\":\"https:\\\/\\\/secure.gravatar.com\\\/avatar\\\/b8aa08fbf2bab600d705869b5f8b83727a0486762f5f824217337056bf89a560?s=96&d=mm&r=g\",\"width\":96,\"height\":96,\"caption\":\"Ania\"}},{\"@type\":\"WebPage\",\"@id\":\"https:\\\/\\\/bloganki.pl\\\/index.php\\\/2026\\\/09\\\/05\\\/zoltym-szlakiem-z-barczy-na-bukowa-gore-malownicza-trasa-w-gorach-swietokrzyskich\\\/#webpage\",\"url\":\"https:\\\/\\\/bloganki.pl\\\/index.php\\\/2026\\\/09\\\/05\\\/zoltym-szlakiem-z-barczy-na-bukowa-gore-malownicza-trasa-w-gorach-swietokrzyskich\\\/\",\"name\":\"\\u017b\\u00f3\\u0142tym szlakiem z Barczy na Bukow\\u0105 G\\u00f3r\\u0119 \\u2013 malownicza trasa w G\\u00f3rach \\u015awi\\u0119tokrzyskich. - blogAnki\",\"description\":\"\\u017b\\u00f3\\u0142tym szlakiem z Barczy przez Klon\\u00f3w na Bukow\\u0105 G\\u00f3r\\u0119. 10,8 km pi\\u0119knej w\\u0119dr\\u00f3wki przez lasy Pasma Klonowskiego, z widokami i Ska\\u0142kami Klonowskimi.\",\"inLanguage\":\"pl-PL\",\"isPartOf\":{\"@id\":\"https:\\\/\\\/bloganki.pl\\\/#website\"},\"breadcrumb\":{\"@id\":\"https:\\\/\\\/bloganki.pl\\\/index.php\\\/2026\\\/09\\\/05\\\/zoltym-szlakiem-z-barczy-na-bukowa-gore-malownicza-trasa-w-gorach-swietokrzyskich\\\/#breadcrumblist\"},\"author\":{\"@id\":\"https:\\\/\\\/bloganki.pl\\\/index.php\\\/author\\\/admin-2\\\/#author\"},\"creator\":{\"@id\":\"https:\\\/\\\/bloganki.pl\\\/index.php\\\/author\\\/admin-2\\\/#author\"},\"image\":{\"@type\":\"ImageObject\",\"url\":\"https:\\\/\\\/bloganki.pl\\\/wp-content\\\/uploads\\\/2025\\\/10\\\/20250913_132530.jpg\",\"@id\":\"https:\\\/\\\/bloganki.pl\\\/index.php\\\/2026\\\/09\\\/05\\\/zoltym-szlakiem-z-barczy-na-bukowa-gore-malownicza-trasa-w-gorach-swietokrzyskich\\\/#mainImage\",\"width\":900,\"height\":675},\"primaryImageOfPage\":{\"@id\":\"https:\\\/\\\/bloganki.pl\\\/index.php\\\/2026\\\/09\\\/05\\\/zoltym-szlakiem-z-barczy-na-bukowa-gore-malownicza-trasa-w-gorach-swietokrzyskich\\\/#mainImage\"},\"datePublished\":\"2026-09-05T17:21:30+02:00\",\"dateModified\":\"2026-09-05T17:23:42+02:00\"},{\"@type\":\"WebSite\",\"@id\":\"https:\\\/\\\/bloganki.pl\\\/#website\",\"url\":\"https:\\\/\\\/bloganki.pl\\\/\",\"name\":\"bloganki\",\"description\":\"Zanim znikn\\u0105 \\u2013 historie ludzi i miejsc. O Puszczy Kampinoskiej, Podlasiu, Grecji i miejscach, kt\\u00f3re maj\\u0105 wi\\u0119cej do opowiedzenia, ni\\u017c wida\\u0107 na pierwszy rzut oka.\",\"inLanguage\":\"pl-PL\",\"publisher\":{\"@id\":\"https:\\\/\\\/bloganki.pl\\\/#organization\"}}]}\n\t\t<\/script>\n\t\t<!-- All in One SEO -->\n\n","aioseo_head_json":{"title":"\u017b\u00f3\u0142tym szlakiem z Barczy na Bukow\u0105 G\u00f3r\u0119 \u2013 malownicza trasa w G\u00f3rach \u015awi\u0119tokrzyskich. - blogAnki","description":"\u017b\u00f3\u0142tym szlakiem z Barczy przez Klon\u00f3w na Bukow\u0105 G\u00f3r\u0119. 10,8 km pi\u0119knej w\u0119dr\u00f3wki przez lasy Pasma Klonowskiego, z widokami i Ska\u0142kami Klonowskimi.","canonical_url":"https:\/\/bloganki.pl\/index.php\/2026\/09\/05\/zoltym-szlakiem-z-barczy-na-bukowa-gore-malownicza-trasa-w-gorach-swietokrzyskich\/","robots":"max-image-preview:large","keywords":"","webmasterTools":{"miscellaneous":""},"schema":{"@context":"https:\/\/schema.org","@graph":[{"@type":"BlogPosting","@id":"https:\/\/bloganki.pl\/index.php\/2026\/09\/05\/zoltym-szlakiem-z-barczy-na-bukowa-gore-malownicza-trasa-w-gorach-swietokrzyskich\/#blogposting","name":"\u017b\u00f3\u0142tym szlakiem z Barczy na Bukow\u0105 G\u00f3r\u0119 \u2013 malownicza trasa w G\u00f3rach \u015awi\u0119tokrzyskich. - blogAnki","headline":"\u017b\u00f3\u0142tym szlakiem z Barczy na Bukow\u0105 G\u00f3r\u0119 \u2013 malownicza trasa w G\u00f3rach \u015awi\u0119tokrzyskich.","author":{"@id":"https:\/\/bloganki.pl\/index.php\/author\/admin-2\/#author"},"publisher":{"@id":"https:\/\/bloganki.pl\/#organization"},"image":{"@type":"ImageObject","url":"https:\/\/bloganki.pl\/wp-content\/uploads\/2025\/10\/20250913_132530.jpg","width":900,"height":675},"datePublished":"2026-09-05T17:21:30+02:00","dateModified":"2026-09-05T17:23:42+02:00","inLanguage":"pl-PL","mainEntityOfPage":{"@id":"https:\/\/bloganki.pl\/index.php\/2026\/09\/05\/zoltym-szlakiem-z-barczy-na-bukowa-gore-malownicza-trasa-w-gorach-swietokrzyskich\/#webpage"},"isPartOf":{"@id":"https:\/\/bloganki.pl\/index.php\/2026\/09\/05\/zoltym-szlakiem-z-barczy-na-bukowa-gore-malownicza-trasa-w-gorach-swietokrzyskich\/#webpage"},"articleSection":"G\u00f3ry \u015awi\u0119tokrzyskie, Szlaki, Barcza, Bukowa G\u00f3ra, G\u00f3ry \u015awi\u0119tokrzyskie, Klon\u00f3w, Pasmo Klonowskie, piesze w\u0119dr\u00f3wki, Ska\u0142ki Klonowskie, \u015awi\u0119tokrzyskie, szlaki w G\u00f3rach \u015awi\u0119tokrzyskich, turystyka piesza, wycieczki po Polsce, \u017c\u00f3\u0142ty szlak"},{"@type":"BreadcrumbList","@id":"https:\/\/bloganki.pl\/index.php\/2026\/09\/05\/zoltym-szlakiem-z-barczy-na-bukowa-gore-malownicza-trasa-w-gorach-swietokrzyskich\/#breadcrumblist","itemListElement":[{"@type":"ListItem","@id":"https:\/\/bloganki.pl#listItem","position":1,"name":"Home","item":"https:\/\/bloganki.pl","nextItem":{"@type":"ListItem","@id":"https:\/\/bloganki.pl\/index.php\/category\/szlaki\/#listItem","name":"Szlaki"}},{"@type":"ListItem","@id":"https:\/\/bloganki.pl\/index.php\/category\/szlaki\/#listItem","position":2,"name":"Szlaki","item":"https:\/\/bloganki.pl\/index.php\/category\/szlaki\/","nextItem":{"@type":"ListItem","@id":"https:\/\/bloganki.pl\/index.php\/category\/szlaki\/gory-swietokrzyskie\/#listItem","name":"G\u00f3ry \u015awi\u0119tokrzyskie"},"previousItem":{"@type":"ListItem","@id":"https:\/\/bloganki.pl#listItem","name":"Home"}},{"@type":"ListItem","@id":"https:\/\/bloganki.pl\/index.php\/category\/szlaki\/gory-swietokrzyskie\/#listItem","position":3,"name":"G\u00f3ry \u015awi\u0119tokrzyskie","item":"https:\/\/bloganki.pl\/index.php\/category\/szlaki\/gory-swietokrzyskie\/","nextItem":{"@type":"ListItem","@id":"https:\/\/bloganki.pl\/index.php\/2026\/09\/05\/zoltym-szlakiem-z-barczy-na-bukowa-gore-malownicza-trasa-w-gorach-swietokrzyskich\/#listItem","name":"\u017b\u00f3\u0142tym szlakiem z Barczy na Bukow\u0105 G\u00f3r\u0119 \u2013 malownicza trasa w G\u00f3rach \u015awi\u0119tokrzyskich."},"previousItem":{"@type":"ListItem","@id":"https:\/\/bloganki.pl\/index.php\/category\/szlaki\/#listItem","name":"Szlaki"}},{"@type":"ListItem","@id":"https:\/\/bloganki.pl\/index.php\/2026\/09\/05\/zoltym-szlakiem-z-barczy-na-bukowa-gore-malownicza-trasa-w-gorach-swietokrzyskich\/#listItem","position":4,"name":"\u017b\u00f3\u0142tym szlakiem z Barczy na Bukow\u0105 G\u00f3r\u0119 \u2013 malownicza trasa w G\u00f3rach \u015awi\u0119tokrzyskich.","previousItem":{"@type":"ListItem","@id":"https:\/\/bloganki.pl\/index.php\/category\/szlaki\/gory-swietokrzyskie\/#listItem","name":"G\u00f3ry \u015awi\u0119tokrzyskie"}}]},{"@type":"Organization","@id":"https:\/\/bloganki.pl\/#organization","name":"bloganki","description":"Zanim znikn\u0105 \u2013 historie ludzi i miejsc. O Puszczy Kampinoskiej, Podlasiu, Grecji i miejscach, kt\u00f3re maj\u0105 wi\u0119cej do opowiedzenia, ni\u017c wida\u0107 na pierwszy rzut oka.","url":"https:\/\/bloganki.pl\/","logo":{"@type":"ImageObject","url":"https:\/\/bloganki.pl\/wp-content\/uploads\/2024\/03\/cropped-Anna_Matela-Lubanska_Kwiecien_Zawilce.jpg","@id":"https:\/\/bloganki.pl\/index.php\/2026\/09\/05\/zoltym-szlakiem-z-barczy-na-bukowa-gore-malownicza-trasa-w-gorach-swietokrzyskich\/#organizationLogo","width":900,"height":345},"image":{"@id":"https:\/\/bloganki.pl\/index.php\/2026\/09\/05\/zoltym-szlakiem-z-barczy-na-bukowa-gore-malownicza-trasa-w-gorach-swietokrzyskich\/#organizationLogo"}},{"@type":"Person","@id":"https:\/\/bloganki.pl\/index.php\/author\/admin-2\/#author","url":"https:\/\/bloganki.pl\/index.php\/author\/admin-2\/","name":"Ania","image":{"@type":"ImageObject","@id":"https:\/\/bloganki.pl\/index.php\/2026\/09\/05\/zoltym-szlakiem-z-barczy-na-bukowa-gore-malownicza-trasa-w-gorach-swietokrzyskich\/#authorImage","url":"https:\/\/secure.gravatar.com\/avatar\/b8aa08fbf2bab600d705869b5f8b83727a0486762f5f824217337056bf89a560?s=96&d=mm&r=g","width":96,"height":96,"caption":"Ania"}},{"@type":"WebPage","@id":"https:\/\/bloganki.pl\/index.php\/2026\/09\/05\/zoltym-szlakiem-z-barczy-na-bukowa-gore-malownicza-trasa-w-gorach-swietokrzyskich\/#webpage","url":"https:\/\/bloganki.pl\/index.php\/2026\/09\/05\/zoltym-szlakiem-z-barczy-na-bukowa-gore-malownicza-trasa-w-gorach-swietokrzyskich\/","name":"\u017b\u00f3\u0142tym szlakiem z Barczy na Bukow\u0105 G\u00f3r\u0119 \u2013 malownicza trasa w G\u00f3rach \u015awi\u0119tokrzyskich. - blogAnki","description":"\u017b\u00f3\u0142tym szlakiem z Barczy przez Klon\u00f3w na Bukow\u0105 G\u00f3r\u0119. 10,8 km pi\u0119knej w\u0119dr\u00f3wki przez lasy Pasma Klonowskiego, z widokami i Ska\u0142kami Klonowskimi.","inLanguage":"pl-PL","isPartOf":{"@id":"https:\/\/bloganki.pl\/#website"},"breadcrumb":{"@id":"https:\/\/bloganki.pl\/index.php\/2026\/09\/05\/zoltym-szlakiem-z-barczy-na-bukowa-gore-malownicza-trasa-w-gorach-swietokrzyskich\/#breadcrumblist"},"author":{"@id":"https:\/\/bloganki.pl\/index.php\/author\/admin-2\/#author"},"creator":{"@id":"https:\/\/bloganki.pl\/index.php\/author\/admin-2\/#author"},"image":{"@type":"ImageObject","url":"https:\/\/bloganki.pl\/wp-content\/uploads\/2025\/10\/20250913_132530.jpg","@id":"https:\/\/bloganki.pl\/index.php\/2026\/09\/05\/zoltym-szlakiem-z-barczy-na-bukowa-gore-malownicza-trasa-w-gorach-swietokrzyskich\/#mainImage","width":900,"height":675},"primaryImageOfPage":{"@id":"https:\/\/bloganki.pl\/index.php\/2026\/09\/05\/zoltym-szlakiem-z-barczy-na-bukowa-gore-malownicza-trasa-w-gorach-swietokrzyskich\/#mainImage"},"datePublished":"2026-09-05T17:21:30+02:00","dateModified":"2026-09-05T17:23:42+02:00"},{"@type":"WebSite","@id":"https:\/\/bloganki.pl\/#website","url":"https:\/\/bloganki.pl\/","name":"bloganki","description":"Zanim znikn\u0105 \u2013 historie ludzi i miejsc. O Puszczy Kampinoskiej, Podlasiu, Grecji i miejscach, kt\u00f3re maj\u0105 wi\u0119cej do opowiedzenia, ni\u017c wida\u0107 na pierwszy rzut oka.","inLanguage":"pl-PL","publisher":{"@id":"https:\/\/bloganki.pl\/#organization"}}]},"og:locale":"pl_PL","og:site_name":"blogAnki - Zanim znikn\u0105 \u2013 historie ludzi i miejsc. O Puszczy Kampinoskiej, Podlasiu, Grecji i miejscach, kt\u00f3re maj\u0105 wi\u0119cej do opowiedzenia, ni\u017c wida\u0107 na pierwszy rzut oka.","og:type":"article","og:title":"\u017b\u00f3\u0142tym szlakiem z Barczy na Bukow\u0105 G\u00f3r\u0119 \u2013 malownicza trasa w G\u00f3rach \u015awi\u0119tokrzyskich. - blogAnki","og:description":"\u017b\u00f3\u0142tym szlakiem z Barczy przez Klon\u00f3w na Bukow\u0105 G\u00f3r\u0119. 10,8 km pi\u0119knej w\u0119dr\u00f3wki przez lasy Pasma Klonowskiego, z widokami i Ska\u0142kami Klonowskimi.","og:url":"https:\/\/bloganki.pl\/index.php\/2026\/09\/05\/zoltym-szlakiem-z-barczy-na-bukowa-gore-malownicza-trasa-w-gorach-swietokrzyskich\/","article:published_time":"2026-09-05T15:21:30+00:00","article:modified_time":"2026-09-05T15:23:42+00:00","twitter:card":"summary_large_image","twitter:title":"\u017b\u00f3\u0142tym szlakiem z Barczy na Bukow\u0105 G\u00f3r\u0119 \u2013 malownicza trasa w G\u00f3rach \u015awi\u0119tokrzyskich. - blogAnki","twitter:description":"\u017b\u00f3\u0142tym szlakiem z Barczy przez Klon\u00f3w na Bukow\u0105 G\u00f3r\u0119. 10,8 km pi\u0119knej w\u0119dr\u00f3wki przez lasy Pasma Klonowskiego, z widokami i Ska\u0142kami Klonowskimi."},"aioseo_meta_data":{"post_id":"18710","title":null,"description":"\u017b\u00f3\u0142tym szlakiem z Barczy przez Klon\u00f3w na Bukow\u0105 G\u00f3r\u0119. 10,8 km pi\u0119knej w\u0119dr\u00f3wki przez lasy Pasma Klonowskiego, z widokami i Ska\u0142kami Klonowskimi.","keywords":null,"keyphrases":{"focus":{"keyphrase":"","score":0,"analysis":{"keyphraseInTitle":{"score":0,"maxScore":9,"error":1}}},"additional":[]},"primary_term":null,"canonical_url":null,"og_title":null,"og_description":null,"og_object_type":"default","og_image_type":"default","og_image_url":null,"og_image_width":null,"og_image_height":null,"og_image_custom_url":null,"og_image_custom_fields":null,"og_video":"","og_custom_url":null,"og_article_section":null,"og_article_tags":null,"twitter_use_og":false,"twitter_card":"default","twitter_image_type":"default","twitter_image_url":null,"twitter_image_custom_url":null,"twitter_image_custom_fields":null,"twitter_title":null,"twitter_description":null,"schema":{"blockGraphs":[],"customGraphs":[],"default":{"data":{"Article":[],"Course":[],"Dataset":[],"FAQPage":[],"Movie":[],"Person":[],"Product":[],"ProductReview":[],"Car":[],"Recipe":[],"Service":[],"SoftwareApplication":[],"WebPage":[]},"graphName":"BlogPosting","isEnabled":true},"graphs":[]},"schema_type":"default","schema_type_options":null,"pillar_content":false,"robots_default":true,"robots_noindex":false,"robots_noarchive":false,"robots_nosnippet":false,"robots_nofollow":false,"robots_noimageindex":false,"robots_noodp":false,"robots_notranslate":false,"robots_max_snippet":"-1","robots_max_videopreview":"-1","robots_max_imagepreview":"large","priority":null,"frequency":"default","local_seo":null,"breadcrumb_settings":null,"limit_modified_date":false,"ai":{"faqs":[],"keyPoints":[],"schemas":[],"titles":[],"descriptions":[],"socialPosts":{"email":{"subject":"","preview":"","content":""},"linkedin":[],"twitter":[],"facebook":[],"instagram":[]}},"created":"2025-10-20 17:09:45","updated":"2026-09-05 15:37:23","seo_analyzer_scan_date":null,"focus_keyword":null,"additional_keywords":null,"truseo_locale":null},"aioseo_breadcrumb":"<div class=\"aioseo-breadcrumbs\"><span class=\"aioseo-breadcrumb\">\n\t\t\t<a href=\"https:\/\/bloganki.pl\" title=\"Home\">Home<\/a>\n\t\t<\/span><span class=\"aioseo-breadcrumb-separator\">&raquo;<\/span><span class=\"aioseo-breadcrumb\">\n\t\t\t<a href=\"https:\/\/bloganki.pl\/index.php\/category\/szlaki\/\" title=\"Szlaki\">Szlaki<\/a>\n\t\t<\/span><span class=\"aioseo-breadcrumb-separator\">&raquo;<\/span><span class=\"aioseo-breadcrumb\">\n\t\t\t<a href=\"https:\/\/bloganki.pl\/index.php\/category\/szlaki\/gory-swietokrzyskie\/\" title=\"G\u00f3ry \u015awi\u0119tokrzyskie\">G\u00f3ry \u015awi\u0119tokrzyskie<\/a>\n\t\t<\/span><span class=\"aioseo-breadcrumb-separator\">&raquo;<\/span><span class=\"aioseo-breadcrumb\">\n\t\t\t\u017b\u00f3\u0142tym szlakiem z Barczy na Bukow\u0105 G\u00f3r\u0119 \u2013 malownicza trasa w G\u00f3rach \u015awi\u0119tokrzyskich.\n\t\t<\/span><\/div>","aioseo_breadcrumb_json":[{"label":"Home","link":"https:\/\/bloganki.pl"},{"label":"Szlaki","link":"https:\/\/bloganki.pl\/index.php\/category\/szlaki\/"},{"label":"G\u00f3ry \u015awi\u0119tokrzyskie","link":"https:\/\/bloganki.pl\/index.php\/category\/szlaki\/gory-swietokrzyskie\/"},{"label":"\u017b\u00f3\u0142tym szlakiem z Barczy na Bukow\u0105 G\u00f3r\u0119 \u2013 malownicza trasa w G\u00f3rach \u015awi\u0119tokrzyskich.","link":"https:\/\/bloganki.pl\/index.php\/2026\/09\/05\/zoltym-szlakiem-z-barczy-na-bukowa-gore-malownicza-trasa-w-gorach-swietokrzyskich\/"}],"acf":[],"_links":{"self":[{"href":"https:\/\/bloganki.pl\/index.php\/wp-json\/wp\/v2\/posts\/18710","targetHints":{"allow":["GET"]}}],"collection":[{"href":"https:\/\/bloganki.pl\/index.php\/wp-json\/wp\/v2\/posts"}],"about":[{"href":"https:\/\/bloganki.pl\/index.php\/wp-json\/wp\/v2\/types\/post"}],"author":[{"embeddable":true,"href":"https:\/\/bloganki.pl\/index.php\/wp-json\/wp\/v2\/users\/3"}],"replies":[{"embeddable":true,"href":"https:\/\/bloganki.pl\/index.php\/wp-json\/wp\/v2\/comments?post=18710"}],"version-history":[{"count":11,"href":"https:\/\/bloganki.pl\/index.php\/wp-json\/wp\/v2\/posts\/18710\/revisions"}],"predecessor-version":[{"id":21604,"href":"https:\/\/bloganki.pl\/index.php\/wp-json\/wp\/v2\/posts\/18710\/revisions\/21604"}],"wp:featuredmedia":[{"embeddable":true,"href":"https:\/\/bloganki.pl\/index.php\/wp-json\/wp\/v2\/media\/18711"}],"wp:attachment":[{"href":"https:\/\/bloganki.pl\/index.php\/wp-json\/wp\/v2\/media?parent=18710"}],"wp:term":[{"taxonomy":"category","embeddable":true,"href":"https:\/\/bloganki.pl\/index.php\/wp-json\/wp\/v2\/categories?post=18710"},{"taxonomy":"post_tag","embeddable":true,"href":"https:\/\/bloganki.pl\/index.php\/wp-json\/wp\/v2\/tags?post=18710"}],"curies":[{"name":"wp","href":"https:\/\/api.w.org\/{rel}","templated":true}]}}