{"id":21361,"date":"2026-08-29T20:59:49","date_gmt":"2026-08-29T18:59:49","guid":{"rendered":"https:\/\/bloganki.pl\/?p=21361"},"modified":"2026-08-30T16:51:07","modified_gmt":"2026-08-30T14:51:07","slug":"puszcza-kampinoska-jesienia-szlaki-i-miejsca-ktore-polecam","status":"publish","type":"post","link":"https:\/\/bloganki.pl\/index.php\/2026\/08\/29\/puszcza-kampinoska-jesienia-szlaki-i-miejsca-ktore-polecam\/","title":{"rendered":"Puszcza Kampinoska jesieni\u0105 \u2013 szlaki i miejsca, kt\u00f3re polecam"},"content":{"rendered":"<p>Jesie\u0144 to chyba moja ulubiona pora roku na wycieczki do Puszczy Kampinoskiej.<\/p>\n<p><span style=\"color: #364d36;\">Nie zawsze jest wtedy pi\u0119kna i kolorowa. Czasami zamiast s\u0142o\u0144ca trafiam na mg\u0142\u0119, deszcz i mokre li\u015bcie przyklejaj\u0105ce si\u0119 do but\u00f3w. I w\u0142a\u015bnie takie wycieczki pami\u0119tam najlepiej.<\/span><\/p>\n<p><span style=\"color: #364d36;\">Przez ostatnie lata przesz\u0142am w Puszczy sporo kilometr\u00f3w. Niekt\u00f3re trasy pokonywa\u0142am kilka razy, do innych wraca\u0142am po czasie, a jeszcze inne prowadzi\u0142y mnie do miejsc, o kt\u00f3rych wcze\u015bniej niewiele wiedzia\u0142am.<\/span><\/p>\n<p>I w\u0142a\u015bnie z tych spacer\u00f3w powsta\u0142 ten przewodnik.<\/p>\n<p><span style=\"color: #364d36;\">Nie b\u0119dzie to lista wszystkich kampinoskich szlak\u00f3w. Tych znajdziecie w mapach i oficjalnych materia\u0142ach Parku.<\/span><\/p>\n<p>Chc\u0119 Wam za to pokaza\u0107\u00a0<strong>te miejsca i trasy, kt\u00f3re sama pozna\u0142am, przesz\u0142am i kt\u00f3re z r\u00f3\u017cnych powod\u00f3w zosta\u0142y mi w pami\u0119ci<\/strong>.<\/p>\n<p><span style=\"color: #364d36;\">Bo w Kampinosie najbardziej lubi\u0119 chyba to, \u017ce nigdy nie ko\u0144czy si\u0119 tylko na spacerze.<\/span><\/p>\n<p>Mo\u017cna jecha\u0107 do lasu z zamiarem przej\u015bcia kilku kilometr\u00f3w, a wr\u00f3ci\u0107 z pytaniem, dlaczego w \u015brodku lasu stoi stary krzy\u017c.<\/p>\n<p>Albo znale\u017a\u0107 schody prowadz\u0105ce donik\u0105d i zacz\u0105\u0107 zastanawia\u0107 si\u0119, gdzie by\u0142 dom, do kt\u00f3rego kiedy\u015b prowadzi\u0142y.<\/p>\n<p>Tak by\u0142o w \u0141awach.<\/p>\n<figure id=\"attachment_21417\" aria-describedby=\"caption-attachment-21417\" style=\"width: 900px\" class=\"wp-caption aligncenter\"><img fetchpriority=\"high\" decoding=\"async\" class=\"wp-image-21417 size-full\" src=\"https:\/\/bloganki.pl\/wp-content\/uploads\/2026\/08\/20250730_191030.jpg\" alt=\"\" width=\"900\" height=\"675\" srcset=\"https:\/\/bloganki.pl\/wp-content\/uploads\/2026\/08\/20250730_191030.jpg 900w, https:\/\/bloganki.pl\/wp-content\/uploads\/2026\/08\/20250730_191030-300x225.jpg 300w, https:\/\/bloganki.pl\/wp-content\/uploads\/2026\/08\/20250730_191030-768x576.jpg 768w\" sizes=\"(max-width: 900px) 100vw, 900px\" \/><figcaption id=\"caption-attachment-21417\" class=\"wp-caption-text\">Jesie\u0144 w Puszczy Kampinoskiej.<\/figcaption><\/figure>\n<p><span style=\"color: #364d36;\"><a style=\"color: #364d36;\" href=\"https:\/\/bloganki.pl\/index.php\/2023\/06\/28\/po-ludziach-zostaly-tylko-schody-lawy-wioska-ktorej-historii-nie-moge-odkryc\/\" target=\"_blank\" rel=\"noopener noreferrer\"><strong>\u0141awy \u2013 po ludziach zosta\u0142y tylko schody<\/strong><\/a><\/span><\/p>\n<p>Innym razem zainteresowa\u0142a mnie historia dawnych mieszka\u0144c\u00f3w Puszczy \u2013 Olendr\u00f3w i niemieckich kolonist\u00f3w.<\/p>\n<p><span style=\"color: #364d36;\"><a style=\"color: #364d36;\" href=\"https:\/\/bloganki.pl\/index.php\/2024\/04\/21\/kolonisci-niemieccy-w-puszczy-kampinoskiej\/\" target=\"_blank\" rel=\"noopener noreferrer\"><strong>Koloni\u015bci niemieccy w Puszczy Kampinoskiej \u2013 \u015bladami Olendr\u00f3w, zapomnianych wsi i ewangelickich cmentarzy<\/strong><\/a><\/span><\/p>\n<p><span style=\"color: #364d36;\">A jeszcze innym razem po prostu chcia\u0142am przej\u015b\u0107 si\u0119 jesiennym lasem i sko\u0144czy\u0142o si\u0119 na jednej z moich ulubionych tras \u2013\u00a0<strong>Leszno \u2013 \u0141ubiec \u2013 Roztoka<\/strong>.<\/span><\/p>\n<p><span style=\"color: #364d36;\"><a style=\"color: #364d36;\" href=\"https:\/\/bloganki.pl\/index.php\/2023\/02\/21\/jeden-z-najbardziej-malowniczych-szlakow-w-puszczy-kampinoskiej-w-jesiennej-odslonie\/\" target=\"_blank\" rel=\"noopener noreferrer\"><strong>Leszno \u2013 \u0141ubiec \u2013 Roztoka \u2013 jesienny szlak przez Puszcz\u0119 Kampinosk\u0105<\/strong><\/a><\/span><\/p>\n<p><span style=\"color: #364d36;\">Dlatego w tym artykule zebra\u0142am moje propozycje na jesienne wycieczki po Puszczy Kampinoskiej.<\/span><\/p>\n<p><span style=\"color: #364d36;\">S\u0105 tu zar\u00f3wno kr\u00f3tsze spacery, jak i d\u0142u\u017csze szlaki. S\u0105 miejsca, do kt\u00f3rych warto pojecha\u0107 dla samego lasu, ale te\u017c takie, gdzie podczas spaceru mo\u017cna odkry\u0107 kawa\u0142ek historii.<\/span><\/p>\n<p>Je\u017celi dopiero zaczynacie poznawa\u0107 Kampinos, mam nadziej\u0119, \u017ce znajdziecie tutaj co\u015b dla siebie.<\/p>\n<p>A je\u017celi ju\u017c go znacie \u2013 by\u0107 mo\u017ce przypomn\u0119 Wam o miejscu, do kt\u00f3rego dawno nie zagl\u0105dali\u015bcie.<\/p>\n<figure id=\"attachment_21367\" aria-describedby=\"caption-attachment-21367\" style=\"width: 900px\" class=\"wp-caption aligncenter\"><img decoding=\"async\" class=\"wp-image-21367 size-full\" src=\"https:\/\/bloganki.pl\/wp-content\/uploads\/2026\/08\/DSC06576.jpg\" alt=\"\" width=\"900\" height=\"600\" srcset=\"https:\/\/bloganki.pl\/wp-content\/uploads\/2026\/08\/DSC06576.jpg 900w, https:\/\/bloganki.pl\/wp-content\/uploads\/2026\/08\/DSC06576-300x200.jpg 300w, https:\/\/bloganki.pl\/wp-content\/uploads\/2026\/08\/DSC06576-768x512.jpg 768w\" sizes=\"(max-width: 900px) 100vw, 900px\" \/><figcaption id=\"caption-attachment-21367\" class=\"wp-caption-text\">Jesie\u0144 w Puszczy Kampinoskiej.<\/figcaption><\/figure>\n<h2><span style=\"color: #364d36;\">Je\u015bli szukasz pomys\u0142u na spacer<\/span><\/h2>\n<p>Je\u017celi nie masz czasu czyta\u0107 ca\u0142ego tekstu i chcesz po prostu wybra\u0107 tras\u0119 na najbli\u017csz\u0105 wycieczk\u0119, zacznij od tych propozycji:<\/p>\n<ul>\n<li><span style=\"color: #364d36;\"><strong>oko\u0142o 7,5 km<\/strong>\u00a0\u2013\u00a0<a style=\"color: #364d36;\" href=\"https:\/\/bloganki.pl\/index.php\/2023\/02\/21\/jeden-z-najbardziej-malowniczych-szlakow-w-puszczy-kampinoskiej-w-jesiennej-odslonie\/\" target=\"_blank\" rel=\"noopener noreferrer\"><strong>Leszno \u2013 \u0141ubiec \u2013 Roztoka<\/strong><\/a>\u00a0\u2013 na spokojny jesienny spacer<\/span><\/li>\n<li><span style=\"color: #364d36;\"><strong>oko\u0142o 12,5 km<\/strong>\u00a0\u2013\u00a0<a style=\"color: #364d36;\" href=\"https:\/\/bloganki.pl\/index.php\/2023\/06\/28\/po-ludziach-zostaly-tylko-schody-lawy-wioska-ktorej-historii-nie-moge-odkryc\/\" target=\"_blank\" rel=\"noopener noreferrer\"><strong>Roztoka \u2013 \u0141awy \u2013 Roztoka<\/strong><\/a>\u00a0\u2013 je\u017celi opr\u00f3cz lasu interesuj\u0105 Ci\u0119 \u015blady dawnych mieszka\u0144c\u00f3w<\/span><\/li>\n<li><span style=\"color: #364d36;\"><strong>kr\u00f3tszy spacer<\/strong>\u00a0\u2013 \u015bcie\u017cka\u00a0<a style=\"color: #364d36;\" href=\"https:\/\/bloganki.pl\/index.php\/category\/puszcza-kampinoska\/sciezki-spacerowe\/\" target=\"_blank\" rel=\"noopener noreferrer\"><strong>\u201eDo Karczmiska\u201d<\/strong><\/a>\u00a0\u2013 kiedy nie masz ochoty na d\u0142ug\u0105 w\u0119dr\u00f3wk\u0119<\/span><\/li>\n<li><span style=\"color: #364d36;\"><strong>historia dawnych wsi<\/strong>\u00a0\u2013\u00a0<a style=\"color: #364d36;\" href=\"https:\/\/bloganki.pl\/index.php\/2023\/06\/18\/z-brochowa-przez-famulki-brochowskie-famulki-krolewski-do-sosny-gdzie-wieszali-powstancow-puszcza-kampinoska\/\" target=\"_blank\" rel=\"noopener noreferrer\"><strong>Broch\u00f3w \u2013 Famu\u0142ki \u2013 Sosna Powsta\u0144c\u00f3w<\/strong><\/a>\u00a0\u2013 trasa, na kt\u00f3rej historia jest w\u0142a\u015bciwie ca\u0142y czas obecna<\/span><\/li>\n<li><span style=\"color: #364d36;\"><strong>d\u0142u\u017csza w\u0119dr\u00f3wka<\/strong>\u00a0\u2013\u00a0<a style=\"color: #364d36;\" href=\"https:\/\/bloganki.pl\/index.php\/2025\/10\/19\/glowny-szlak-puszczy-kampinoskiej-czerwony-czesc-pierwsza-brochow-gorki-sosna-powstancow-1863r\/\" target=\"_blank\" rel=\"noopener noreferrer\"><strong>G\u0142\u00f3wny Szlak Puszczy Kampinoskiej<\/strong><\/a>\u00a0\u2013 dla tych, kt\u00f3rzy chc\u0105 przej\u015b\u0107 wi\u0119cej kilometr\u00f3w<\/span><\/li>\n<\/ul>\n<p><span style=\"color: #364d36;\">To oczywi\u015bcie tylko pocz\u0105tek.<\/span><\/p>\n<p><span style=\"color: #364d36;\">Im d\u0142u\u017cej poznaj\u0119 Kampinos, tym wi\u0119cej znajduj\u0119 powod\u00f3w, \u017ceby wraca\u0107.<\/span><\/p>\n<figure id=\"attachment_21368\" aria-describedby=\"caption-attachment-21368\" style=\"width: 900px\" class=\"wp-caption aligncenter\"><img decoding=\"async\" class=\"wp-image-21368 size-full\" src=\"https:\/\/bloganki.pl\/wp-content\/uploads\/2026\/08\/DSC06578.jpg\" alt=\"\" width=\"900\" height=\"600\" srcset=\"https:\/\/bloganki.pl\/wp-content\/uploads\/2026\/08\/DSC06578.jpg 900w, https:\/\/bloganki.pl\/wp-content\/uploads\/2026\/08\/DSC06578-300x200.jpg 300w, https:\/\/bloganki.pl\/wp-content\/uploads\/2026\/08\/DSC06578-768x512.jpg 768w\" sizes=\"(max-width: 900px) 100vw, 900px\" \/><figcaption id=\"caption-attachment-21368\" class=\"wp-caption-text\">Jesie\u0144 w Puszczy Kampinoskiej.<\/figcaption><\/figure>\n<figure id=\"attachment_21369\" aria-describedby=\"caption-attachment-21369\" style=\"width: 900px\" class=\"wp-caption aligncenter\"><img loading=\"lazy\" decoding=\"async\" class=\"wp-image-21369 size-full\" src=\"https:\/\/bloganki.pl\/wp-content\/uploads\/2026\/08\/DSC06574.jpg\" alt=\"\" width=\"900\" height=\"600\" srcset=\"https:\/\/bloganki.pl\/wp-content\/uploads\/2026\/08\/DSC06574.jpg 900w, https:\/\/bloganki.pl\/wp-content\/uploads\/2026\/08\/DSC06574-300x200.jpg 300w, https:\/\/bloganki.pl\/wp-content\/uploads\/2026\/08\/DSC06574-768x512.jpg 768w\" sizes=\"(max-width: 900px) 100vw, 900px\" \/><figcaption id=\"caption-attachment-21369\" class=\"wp-caption-text\">Jesie\u0144 w Puszczy Kampinoskiej.<\/figcaption><\/figure>\n<h2><span style=\"color: #364d36;\">Puszcza Kampinoska jesieni\u0105<\/span><\/h2>\n<p><span style=\"color: #364d36;\">Jesieni\u0105 Kampinos ma dla mnie zupe\u0142nie inny klimat ni\u017c latem.<\/span><\/p>\n<p>Nie chodzi tylko o kolory li\u015bci.<\/p>\n<p><span style=\"color: #364d36;\">Oczywi\u015bcie, kiedy las zaczyna robi\u0107 si\u0119 \u017c\u00f3\u0142ty, rudy i z\u0142oty, trudno nie zatrzymywa\u0107 si\u0119 co chwil\u0119 z aparatem.<\/span><\/p>\n<p><span style=\"color: #364d36;\">Ale najbardziej lubi\u0119 te dni, kiedy pogoda nie jest idealna.<\/span><\/p>\n<p>Mg\u0142\u0119 snuj\u0105c\u0105 si\u0119 mi\u0119dzy drzewami.<\/p>\n<p>Mokre \u015bcie\u017cki.<\/p>\n<p>Puste drogi.<\/p>\n<p><span style=\"color: #364d36;\">Las, kt\u00f3ry zamiast zaprasza\u0107 na piknik, troch\u0119 tajemniczo milczy.<\/span><\/p>\n<p>W\u0142a\u015bnie wtedy najch\u0119tniej chodz\u0119 po mniej oczywistych miejscach.<\/p>\n<p><span style=\"color: #364d36;\">Jesieni\u0105 \u0142atwiej te\u017c zauwa\u017cy\u0107 \u015blady dawnych mieszka\u0144c\u00f3w Puszczy. Kiedy opadn\u0105 li\u015bcie, spod ro\u015blinno\u015bci wychodz\u0105 fragmenty mur\u00f3w, fundamenty, stare drzewa owocowe czy pozosta\u0142o\u015bci dawnych gospodarstw.<\/span><\/p>\n<p><span style=\"color: #364d36;\">I chyba w\u0142a\u015bnie dlatego jesienne spacery po Kampinosie tak bardzo mi odpowiadaj\u0105.<\/span><\/p>\n<p>Nie tylko chodz\u0119.<\/p>\n<p>Szukam.<\/p>\n<hr \/>\n<h1><span style=\"color: #364d36;\">Leszno \u2013 \u0141ubiec \u2013 Roztoka<\/span><\/h1>\n<figure id=\"attachment_21418\" aria-describedby=\"caption-attachment-21418\" style=\"width: 900px\" class=\"wp-caption aligncenter\"><img loading=\"lazy\" decoding=\"async\" class=\"wp-image-21418 size-full\" src=\"https:\/\/bloganki.pl\/wp-content\/uploads\/2026\/08\/20250730_191132.jpg\" alt=\"\" width=\"900\" height=\"675\" srcset=\"https:\/\/bloganki.pl\/wp-content\/uploads\/2026\/08\/20250730_191132.jpg 900w, https:\/\/bloganki.pl\/wp-content\/uploads\/2026\/08\/20250730_191132-300x225.jpg 300w, https:\/\/bloganki.pl\/wp-content\/uploads\/2026\/08\/20250730_191132-768x576.jpg 768w\" sizes=\"(max-width: 900px) 100vw, 900px\" \/><figcaption id=\"caption-attachment-21418\" class=\"wp-caption-text\">Jesie\u0144 w Puszczy Kampinoskiej.<\/figcaption><\/figure>\n<p>Je\u017celi kto\u015b pyta mnie o tras\u0119 na jesienny spacer, jedn\u0105 z pierwszych, kt\u00f3re przychodz\u0105 mi do g\u0142owy, jest w\u0142a\u015bnie\u00a0<strong>Leszno \u2013 \u0141ubiec \u2013 Roztoka<\/strong>.<\/p>\n<p>Trasa ma oko\u0142o 7,5 km.<\/p>\n<p><span style=\"color: #364d36;\">To dystans, kt\u00f3ry pozwala ju\u017c poczu\u0107, \u017ce naprawd\u0119 wyszli\u015bmy na wycieczk\u0119, ale nie wymaga ca\u0142ego dnia.<\/span><\/p>\n<p><span style=\"color: #364d36;\"><a style=\"color: #364d36;\" href=\"https:\/\/bloganki.pl\/index.php\/2023\/02\/21\/jeden-z-najbardziej-malowniczych-szlakow-w-puszczy-kampinoskiej-w-jesiennej-odslonie\/\" target=\"_blank\" rel=\"noopener noreferrer\"><strong>Jeden z najbardziej malowniczych szlak\u00f3w w Puszczy Kampinoskiej w jesiennej ods\u0142onie \u2013 Leszno, \u0141ubiec, Roztoka<\/strong><\/a><\/span><\/p>\n<p>Mia\u0142am tutaj pogod\u0119, kt\u00f3r\u0105 mo\u017cna by uzna\u0107 za ma\u0142o zach\u0119caj\u0105c\u0105.<\/p>\n<p><span style=\"color: #364d36;\">A jednak w\u0142a\u015bnie ten spacer dobrze pami\u0119tam.<\/span><\/p>\n<p><span style=\"color: #364d36;\">Nie zawsze potrzebuj\u0119 s\u0142o\u0144ca, \u017ceby uzna\u0107 wycieczk\u0119 za udan\u0105.<\/span><\/p>\n<p><span style=\"color: #364d36;\">Czasami deszcz i mg\u0142a robi\u0105 dla krajobrazu wi\u0119cej ni\u017c pi\u0119kna pogoda.<\/span><\/p>\n<p>Je\u017celi dopiero zaczynacie przygod\u0119 z Kampinosem, t\u0119 tras\u0119 naprawd\u0119 warto mie\u0107 na swojej li\u015bcie.<\/p>\n<hr \/>\n<h1><span style=\"color: #364d36;\">Roztoka \u2013 \u0141awy \u2013 Roztoka<\/span><\/h1>\n<figure id=\"attachment_16460\" aria-describedby=\"caption-attachment-16460\" style=\"width: 900px\" class=\"wp-caption aligncenter\"><img loading=\"lazy\" decoding=\"async\" class=\"wp-image-16460 size-full\" style=\"font-size: 16px;\" src=\"https:\/\/bloganki.pl\/wp-content\/uploads\/2023\/06\/DSC04787.jpg\" alt=\"\" width=\"900\" height=\"600\" srcset=\"https:\/\/bloganki.pl\/wp-content\/uploads\/2023\/06\/DSC04787.jpg 900w, https:\/\/bloganki.pl\/wp-content\/uploads\/2023\/06\/DSC04787-300x200.jpg 300w, https:\/\/bloganki.pl\/wp-content\/uploads\/2023\/06\/DSC04787-768x512.jpg 768w\" sizes=\"(max-width: 900px) 100vw, 900px\" \/><figcaption id=\"caption-attachment-16460\" class=\"wp-caption-text\">Krzy\u017c na \u0141awskiej G\u00f3rze &#8211; Puszcza Kampinoska.<\/figcaption><\/figure>\n<p><span style=\"font-size: 16px;\">To ju\u017c zupe\u0142nie inna historia.<\/span><span style=\"color: #364d36;\">Sama trasa ma oko\u0142o 12,5 km, ale dla mnie najwa\u017cniejsze s\u0105 tutaj nie kilometry, tylko\u00a0<strong>\u0141awy \u2013 dawna wie\u015b, po kt\u00f3rej zosta\u0142y zaskakuj\u0105ce \u015blady<\/strong>.<\/span><\/p>\n<p><span style=\"color: #364d36;\">Najbardziej zapami\u0119ta\u0142am oczywi\u015bcie schody.<\/span><\/p>\n<p><span style=\"color: #364d36;\">Stoj\u0105 sobie w lesie i w\u0142a\u015bciwie niczego ju\u017c nie przypominaj\u0105.<\/span><\/p>\n<p><span style=\"color: #364d36;\">A przecie\u017c kiedy\u015b prowadzi\u0142y do domu.<\/span><\/p>\n<p>Kto\u015b nimi wchodzi\u0142.<\/p>\n<p>Kto\u015b nimi schodzi\u0142.<\/p>\n<p>Za drzwiami by\u0142 czyj\u015b dom i czyje\u015b \u017cycie.<\/p>\n<p>Dzisiaj zosta\u0142 las.<\/p>\n<p><span style=\"color: #364d36;\"><a style=\"color: #364d36;\" href=\"https:\/\/bloganki.pl\/index.php\/2023\/06\/28\/po-ludziach-zostaly-tylko-schody-lawy-wioska-ktorej-historii-nie-moge-odkryc\/\" target=\"_blank\" rel=\"noopener noreferrer\"><strong>Po ludziach zosta\u0142y tylko schody \u2013 \u0141awy, wioska, kt\u00f3rej historii nie mog\u0119 odkry\u0107<\/strong><\/a><\/span><\/p>\n<p>To jeden z tych kampinoskich spacer\u00f3w, podczas kt\u00f3rych zaczynam patrze\u0107 pod nogi.<\/p>\n<p><span style=\"color: #364d36;\">Bo mo\u017ce jeszcze co\u015b zosta\u0142o.<\/span><\/p>\n<p>Mo\u017ce gdzie\u015b obok znajdzie si\u0119 stara jab\u0142o\u0144.<\/p>\n<p>Mo\u017ce fragment fundamentu.<\/p>\n<p>Mo\u017ce kolejny \u015blad po domu.<\/p>\n<p>Je\u017celi interesuj\u0105 Was dawne wsie i historie mieszka\u0144c\u00f3w Puszczy, zdecydowanie polecam t\u0119 tras\u0119.<\/p>\n<hr \/>\n<h1><span style=\"color: #364d36;\">Broch\u00f3w \u2013 Famu\u0142ki \u2013 Sosna Powsta\u0144c\u00f3w<\/span><\/h1>\n<figure id=\"attachment_16360\" aria-describedby=\"caption-attachment-16360\" style=\"width: 900px\" class=\"wp-caption aligncenter\"><img loading=\"lazy\" decoding=\"async\" class=\"wp-image-16360 size-full\" src=\"https:\/\/bloganki.pl\/wp-content\/uploads\/2023\/06\/DSC04533.jpg\" alt=\"\" width=\"900\" height=\"600\" srcset=\"https:\/\/bloganki.pl\/wp-content\/uploads\/2023\/06\/DSC04533.jpg 900w, https:\/\/bloganki.pl\/wp-content\/uploads\/2023\/06\/DSC04533-300x200.jpg 300w, https:\/\/bloganki.pl\/wp-content\/uploads\/2023\/06\/DSC04533-768x512.jpg 768w\" sizes=\"(max-width: 900px) 100vw, 900px\" \/><figcaption id=\"caption-attachment-16360\" class=\"wp-caption-text\">Famu\u0142ki Kr\u00f3lewskie &#8211; Puszcza Kampinoska.<\/figcaption><\/figure>\n<p>Ta trasa jest dla mnie po\u0142\u0105czeniem spaceru i historii.<\/p>\n<p>Z Brochowa przez Famu\u0142ki Brochowskie i Famu\u0142ki Kr\u00f3lewskie mo\u017cna doj\u015b\u0107 do Sosny Powsta\u0144c\u00f3w.<\/p>\n<p><span style=\"color: #364d36;\"><a style=\"color: #364d36;\" href=\"https:\/\/bloganki.pl\/index.php\/2023\/06\/18\/z-brochowa-przez-famulki-brochowskie-famulki-krolewski-do-sosny-gdzie-wieszali-powstancow-puszcza-kampinoska\/\" target=\"_blank\" rel=\"noopener noreferrer\"><strong>Z Brochowa przez Famu\u0142ki Brochowskie, Famu\u0142ki Kr\u00f3lewskie do Sosny Powsta\u0144c\u00f3w<\/strong><\/a><\/span><\/p>\n<p>Lubi\u0119 takie miejsca, gdzie historia nie jest podana w formie wielkiej atrakcji turystycznej.<\/p>\n<p>Trzeba troch\u0119 poszuka\u0107.<\/p>\n<p>Troch\u0119 poczyta\u0107.<\/p>\n<p>Czasami zatrzyma\u0107 si\u0119 przy drodze i zastanowi\u0107, co wydarzy\u0142o si\u0119 tutaj wiele lat temu.<\/p>\n<p><span style=\"color: #364d36;\">I w\u0142a\u015bnie dlatego takie szlaki podobaj\u0105 mi si\u0119 bardziej ni\u017c miejsca, kt\u00f3re mo\u017cna obej\u015b\u0107 w pi\u0119tna\u015bcie minut.<\/span><\/p>\n<hr \/>\n<h1><span style=\"color: #364d36;\">Piaski Kr\u00f3lewskie \u2013 Gorzewnica \u2013 Kromnowo<\/span><\/h1>\n<figure id=\"attachment_16253\" aria-describedby=\"caption-attachment-16253\" style=\"width: 900px\" class=\"wp-caption aligncenter\"><img loading=\"lazy\" decoding=\"async\" class=\"wp-image-16253 size-full\" src=\"https:\/\/bloganki.pl\/wp-content\/uploads\/2023\/04\/DSC09138.jpg\" alt=\"\" width=\"900\" height=\"600\" srcset=\"https:\/\/bloganki.pl\/wp-content\/uploads\/2023\/04\/DSC09138.jpg 900w, https:\/\/bloganki.pl\/wp-content\/uploads\/2023\/04\/DSC09138-300x200.jpg 300w, https:\/\/bloganki.pl\/wp-content\/uploads\/2023\/04\/DSC09138-768x512.jpg 768w\" sizes=\"(max-width: 900px) 100vw, 900px\" \/><figcaption id=\"caption-attachment-16253\" class=\"wp-caption-text\">Pozosta\u0142o\u015bci kolejki le\u015bnej w Piaskach Kr\u00f3lewskich &#8211; Puszcza Kampinoska.<\/figcaption><\/figure>\n<p>Je\u017celi ciekawi Was historia dawnych mieszka\u0144c\u00f3w Puszczy, zwr\u00f3\u0107cie uwag\u0119 na t\u0119 tras\u0119.<\/p>\n<p>Prowadzi przez miejsca zwi\u0105zane mi\u0119dzy innymi z\u00a0<strong>Olendrami i budnikami<\/strong>.<\/p>\n<p><span style=\"color: #364d36;\"><a style=\"color: #364d36;\" href=\"https:\/\/bloganki.pl\/index.php\/2023\/04\/15\/budzi-sie-wiosna-w-krainie-oledrow-niebieski-szlak-piaski-krolewskie-gorzewnica-kromnow\/\" target=\"_blank\" rel=\"noopener noreferrer\"><strong>Budzi si\u0119 wiosna w krainie Olendr\u00f3w \u2013 niebieski szlak Piaski Kr\u00f3lewskie \u2013 Gorzewnica \u2013 Kromnowo<\/strong><\/a><\/span><\/p>\n<p><span style=\"color: #364d36;\">Tekst powsta\u0142 przy okazji wiosennej wycieczki, ale sam\u0105 tras\u0119 warto zapami\u0119ta\u0107 r\u00f3wnie\u017c na jesie\u0144.<\/span><\/p>\n<p><span style=\"color: #364d36;\">Im wi\u0119cej czytam o dawnych mieszka\u0144cach Puszczy, tym bardziej przekonuj\u0119 si\u0119, \u017ce nie mo\u017cna patrze\u0107 na Kampinos wy\u0142\u0105cznie jak na las.<\/span><\/p>\n<p>To by\u0142 i nadal jest krajobraz tworzony przez ludzi.<\/p>\n<hr \/>\n<h1><span style=\"color: #364d36;\">G\u0142\u00f3wny Szlak Puszczy Kampinoskiej<\/span><\/h1>\n<figure id=\"attachment_18668\" aria-describedby=\"caption-attachment-18668\" style=\"width: 900px\" class=\"wp-caption aligncenter\"><img loading=\"lazy\" decoding=\"async\" class=\"wp-image-18668 size-full\" src=\"https:\/\/bloganki.pl\/wp-content\/uploads\/2025\/10\/20250921_161608.jpg\" alt=\"\" width=\"900\" height=\"675\" srcset=\"https:\/\/bloganki.pl\/wp-content\/uploads\/2025\/10\/20250921_161608.jpg 900w, https:\/\/bloganki.pl\/wp-content\/uploads\/2025\/10\/20250921_161608-300x225.jpg 300w, https:\/\/bloganki.pl\/wp-content\/uploads\/2025\/10\/20250921_161608-768x576.jpg 768w\" sizes=\"(max-width: 900px) 100vw, 900px\" \/><figcaption id=\"caption-attachment-18668\" class=\"wp-caption-text\">G\u0142\u00f3wny szlak Puszczy Kampinoskiej (czerwony) &#8211; le\u015bnicz\u00f3wka w Krzywej G\u00f3rze.<\/figcaption><\/figure>\n<p><span style=\"color: #364d36;\">Dla tych, kt\u00f3rzy lubi\u0105 d\u0142u\u017csze w\u0119dr\u00f3wki, jest oczywi\u015bcie czerwony\u00a0<strong>G\u0142\u00f3wny Szlak Puszczy Kampinoskiej<\/strong>.<\/span><\/p>\n<p>Nie jestem zwolenniczk\u0105 robienia z takiej wycieczki wy\u015bcigu.<\/p>\n<p>W Kampinosie szkoda mi czasu na patrzenie wy\u0142\u0105cznie na kilometry.<\/p>\n<p>Wol\u0119 si\u0119 zatrzyma\u0107.<\/p>\n<p>Zrobi\u0107 zdj\u0119cie.<\/p>\n<p>Poczyta\u0107 o miejscu, kt\u00f3re mijam.<\/p>\n<p>Czasami zej\u015b\u0107 na chwil\u0119 z tematu i zacz\u0105\u0107 szuka\u0107 historii jakiej\u015b wsi.<\/p>\n<p><span style=\"color: #364d36;\">Dlatego G\u0142\u00f3wny Szlak najbardziej podoba mi si\u0119 jako seria osobnych wycieczek.<\/span><\/p>\n<p>Pierwszy odcinek, kt\u00f3ry opisa\u0142am, prowadzi z Brochowa przez G\u00f3rki do Sosny Powsta\u0144c\u00f3w.<\/p>\n<p><span style=\"color: #364d36;\"><a style=\"color: #364d36;\" href=\"https:\/\/bloganki.pl\/index.php\/2025\/10\/19\/glowny-szlak-puszczy-kampinoskiej-czerwony-czesc-pierwsza-brochow-gorki-sosna-powstancow-1863r\/\" target=\"_blank\" rel=\"noopener noreferrer\"><strong>G\u0142\u00f3wny Szlak Puszczy Kampinoskiej \u2013 Broch\u00f3w, G\u00f3rki, Sosna Powsta\u0144c\u00f3w 1863 r.<\/strong><\/a><\/span><\/p>\n<p><span style=\"color: #364d36;\">To ju\u017c d\u0142uga wyprawa, wi\u0119c tutaj naprawd\u0119 warto dobrze zaplanowa\u0107 dzie\u0144.<\/span><\/p>\n<figure id=\"attachment_18666\" aria-describedby=\"caption-attachment-18666\" style=\"width: 900px\" class=\"wp-caption aligncenter\"><img loading=\"lazy\" decoding=\"async\" class=\"wp-image-18666 size-full\" src=\"https:\/\/bloganki.pl\/wp-content\/uploads\/2025\/10\/20250921_155711.jpg\" alt=\"\" width=\"900\" height=\"675\" srcset=\"https:\/\/bloganki.pl\/wp-content\/uploads\/2025\/10\/20250921_155711.jpg 900w, https:\/\/bloganki.pl\/wp-content\/uploads\/2025\/10\/20250921_155711-300x225.jpg 300w, https:\/\/bloganki.pl\/wp-content\/uploads\/2025\/10\/20250921_155711-768x576.jpg 768w\" sizes=\"(max-width: 900px) 100vw, 900px\" \/><figcaption id=\"caption-attachment-18666\" class=\"wp-caption-text\">G\u0142\u00f3wny szlak Puszczy Kampinoskiej (czerwony).<\/figcaption><\/figure>\n<figure id=\"attachment_21415\" aria-describedby=\"caption-attachment-21415\" style=\"width: 900px\" class=\"wp-caption aligncenter\"><img loading=\"lazy\" decoding=\"async\" class=\"wp-image-21415 size-full\" src=\"https:\/\/bloganki.pl\/wp-content\/uploads\/2026\/08\/20250805_192724.jpg\" alt=\"\" width=\"900\" height=\"675\" srcset=\"https:\/\/bloganki.pl\/wp-content\/uploads\/2026\/08\/20250805_192724.jpg 900w, https:\/\/bloganki.pl\/wp-content\/uploads\/2026\/08\/20250805_192724-300x225.jpg 300w, https:\/\/bloganki.pl\/wp-content\/uploads\/2026\/08\/20250805_192724-768x576.jpg 768w\" sizes=\"(max-width: 900px) 100vw, 900px\" \/><figcaption id=\"caption-attachment-21415\" class=\"wp-caption-text\">Sosna Powsta\u0144c\u00f3w &#8211; G\u0142\u00f3wny szlak Puszczy Kampinoskiej (czerwony).<\/figcaption><\/figure>\n<hr \/>\n<h1><span style=\"color: #364d36;\">Kr\u00f3tkie spacery po Puszczy Kampinoskiej<\/span><\/h1>\n<p>Nie zawsze mam ochot\u0119 na kilkana\u015bcie kilometr\u00f3w.<\/p>\n<p>Czasami chc\u0119 tylko wyj\u015b\u0107 z samochodu, pochodzi\u0107 po lesie i wr\u00f3ci\u0107 do domu.<\/p>\n<p><span style=\"color: #364d36;\">Dlatego kr\u00f3tsze \u015bcie\u017cki s\u0105 r\u00f3wnie wa\u017cn\u0105 cz\u0119\u015bci\u0105 mojego kampinoskiego przewodnika.<\/span><\/p>\n<p><span style=\"color: #364d36;\"><a style=\"color: #364d36;\" href=\"https:\/\/bloganki.pl\/index.php\/category\/puszcza-kampinoska\/sciezki-spacerowe\/\" target=\"_blank\" rel=\"noopener noreferrer\"><strong>\u015acie\u017cki spacerowe w Puszczy Kampinoskiej \u2013 moje propozycje<\/strong><\/a><\/span><\/p>\n<h2><span style=\"color: #364d36;\">Wok\u00f3\u0142 Palmir<\/span><\/h2>\n<p>Kr\u00f3tka \u015bcie\u017cka, kt\u00f3r\u0105 mo\u017cna przej\u015b\u0107 bez planowania ca\u0142odziennej wyprawy.<\/p>\n<p><span style=\"color: #364d36;\">Ale je\u017celi jeste\u015bcie ju\u017c w Palmirach, warto po\u015bwi\u0119ci\u0107 czas r\u00f3wnie\u017c na poznanie historii tego miejsca.<\/span><\/p>\n<p>To nie jest dla mnie zwyk\u0142y punkt na mapie.<\/p>\n<p>To miejsce pami\u0119ci.<\/p>\n<p><span style=\"color: #364d36;\">Dlatego nie lubi\u0119 wpada\u0107 tutaj tylko na chwil\u0119, zrobi\u0107 zdj\u0119cie i jecha\u0107 dalej.<\/span><\/p>\n<h2><span style=\"color: #364d36;\">Do Karczmiska<\/span><\/h2>\n<p>Kolejna propozycja dla os\u00f3b, kt\u00f3re chc\u0105 zrobi\u0107 kr\u00f3tszy spacer.<\/p>\n<p>\u015acie\u017cka ma oko\u0142o 2,8 km.<\/p>\n<p><span style=\"color: #364d36;\">Dobry wyb\u00f3r na dzie\u0144, kiedy pogoda nie jest pewna albo po prostu nie mamy ochoty na d\u0142ug\u0105 w\u0119dr\u00f3wk\u0119.<\/span><\/p>\n<hr \/>\n<h1><span style=\"color: #364d36;\">Puszcza Kampinoska to nie tylko przyroda<\/span><\/h1>\n<figure id=\"attachment_21419\" aria-describedby=\"caption-attachment-21419\" style=\"width: 900px\" class=\"wp-caption aligncenter\"><img loading=\"lazy\" decoding=\"async\" class=\"wp-image-21419 size-full\" src=\"https:\/\/bloganki.pl\/wp-content\/uploads\/2026\/08\/20250730_191649.jpg\" alt=\"\" width=\"900\" height=\"675\" srcset=\"https:\/\/bloganki.pl\/wp-content\/uploads\/2026\/08\/20250730_191649.jpg 900w, https:\/\/bloganki.pl\/wp-content\/uploads\/2026\/08\/20250730_191649-300x225.jpg 300w, https:\/\/bloganki.pl\/wp-content\/uploads\/2026\/08\/20250730_191649-768x576.jpg 768w\" sizes=\"(max-width: 900px) 100vw, 900px\" \/><figcaption id=\"caption-attachment-21419\" class=\"wp-caption-text\">Jesie\u0144 w Puszczy Kampinoskiej.<\/figcaption><\/figure>\n<figure id=\"attachment_21420\" aria-describedby=\"caption-attachment-21420\" style=\"width: 900px\" class=\"wp-caption aligncenter\"><img loading=\"lazy\" decoding=\"async\" class=\"wp-image-21420 size-full\" src=\"https:\/\/bloganki.pl\/wp-content\/uploads\/2026\/08\/20250805_182409.jpg\" alt=\"\" width=\"900\" height=\"675\" srcset=\"https:\/\/bloganki.pl\/wp-content\/uploads\/2026\/08\/20250805_182409.jpg 900w, https:\/\/bloganki.pl\/wp-content\/uploads\/2026\/08\/20250805_182409-300x225.jpg 300w, https:\/\/bloganki.pl\/wp-content\/uploads\/2026\/08\/20250805_182409-768x576.jpg 768w\" sizes=\"(max-width: 900px) 100vw, 900px\" \/><figcaption id=\"caption-attachment-21420\" class=\"wp-caption-text\">Jesie\u0144 w Puszczy Kampinoskiej.<\/figcaption><\/figure>\n<p>Chyba w\u0142a\u015bnie to najbardziej mnie tutaj zatrzymuje.<\/p>\n<p>Mo\u017cna przyjecha\u0107 do Kampinosu dla lasu.<\/p>\n<p>Dla wydm.<\/p>\n<p>Dla bagien.<\/p>\n<p>Dla \u0142osia.<\/p>\n<p>Dla jesiennych kolor\u00f3w.<\/p>\n<p><span style=\"color: #364d36;\">Ale mo\u017cna te\u017c przyjecha\u0107 dla historii.<\/span><\/p>\n<p><span style=\"color: #364d36;\">I im wi\u0119cej jej poznaj\u0119, tym bardziej mam wra\u017cenie, \u017ce te dwie rzeczy s\u0105 tutaj ze sob\u0105 nierozerwalnie zwi\u0105zane.<\/span><\/p>\n<h2><span style=\"color: #364d36;\">Dawne wsie<\/span><\/h2>\n<p>\u0141awy nie s\u0105 jedynym miejscem, gdzie mo\u017cna znale\u017a\u0107 \u015blady dawnych mieszka\u0144c\u00f3w.<\/p>\n<p>W wielu cz\u0119\u015bciach Puszczy mo\u017cna natkn\u0105\u0107 si\u0119 na pozosta\u0142o\u015bci dawnych osad.<\/p>\n<p>Czasami s\u0105 bardzo wyra\u017ane.<\/p>\n<p>Czasami trzeba wiedzie\u0107, czego szuka\u0107.<\/p>\n<p><span style=\"color: #364d36;\">Dlatego przed niekt\u00f3rymi wycieczkami lubi\u0119 najpierw troch\u0119 poczyta\u0107.<\/span><\/p>\n<p><span style=\"color: #364d36;\">Dzi\u0119ki temu podczas spaceru zwracam uwag\u0119 na rzeczy, obok kt\u00f3rych wcze\u015bniej przesz\u0142abym oboj\u0119tnie.<\/span><\/p>\n<hr \/>\n<h1><span style=\"color: #364d36;\">Olendrzy i niemieccy osadnicy<\/span><\/h1>\n<figure id=\"attachment_17713\" aria-describedby=\"caption-attachment-17713\" style=\"width: 900px\" class=\"wp-caption aligncenter\"><img loading=\"lazy\" decoding=\"async\" class=\"wp-image-17713 size-full\" src=\"https:\/\/bloganki.pl\/wp-content\/uploads\/2024\/04\/DSC00561.jpg\" alt=\"\" width=\"900\" height=\"600\" srcset=\"https:\/\/bloganki.pl\/wp-content\/uploads\/2024\/04\/DSC00561.jpg 900w, https:\/\/bloganki.pl\/wp-content\/uploads\/2024\/04\/DSC00561-300x200.jpg 300w, https:\/\/bloganki.pl\/wp-content\/uploads\/2024\/04\/DSC00561-768x512.jpg 768w\" sizes=\"(max-width: 900px) 100vw, 900px\" \/><figcaption id=\"caption-attachment-17713\" class=\"wp-caption-text\">Cmentarz ewangelicki w Wilkowie nad Wis\u0142\u0105.<\/figcaption><\/figure>\n<p><span style=\"color: #364d36;\">Historia Olendr\u00f3w zainteresowa\u0142a mnie w\u0142a\u015bnie dlatego, \u017ce na pierwszy rzut oka zupe\u0142nie jej tutaj nie wida\u0107.<\/span><\/p>\n<p>Dzisiaj idziemy przez las.<\/p>\n<p>A kiedy\u015b \u017cyli tutaj ludzie, kt\u00f3rzy mieli swoje domy, gospodarstwa, drogi i cmentarze.<\/p>\n<p><span style=\"color: #364d36;\"><a style=\"color: #364d36;\" href=\"https:\/\/bloganki.pl\/index.php\/2024\/04\/21\/kolonisci-niemieccy-w-puszczy-kampinoskiej\/\" target=\"_blank\" rel=\"noopener noreferrer\"><strong>Koloni\u015bci niemieccy w Puszczy Kampinoskiej \u2013 \u015bladami Olendr\u00f3w, zapomnianych wsi i ewangelickich cmentarzy<\/strong><\/a><\/span><\/p>\n<p><span style=\"color: #364d36;\">Im wi\u0119cej o tym czyta\u0142am, tym bardziej chcia\u0142am zobaczy\u0107 te miejsca na w\u0142asne oczy.<\/span><\/p>\n<p>I chyba w\u0142a\u015bnie to lubi\u0119 w historii najbardziej.<\/p>\n<p>Nie jest tylko tekstem w ksi\u0105\u017cce.<\/p>\n<p>Mo\u017cna pojecha\u0107 i stan\u0105\u0107 dok\u0142adnie tam, gdzie kiedy\u015b \u017cyli ludzie, o kt\u00f3rych dzisiaj niewiele pami\u0119tamy.<\/p>\n<hr \/>\n<h1><span style=\"color: #364d36;\">Powojenny Kampinos<\/span><\/h1>\n<p><span style=\"color: #364d36;\">Jest te\u017c historia znacznie bli\u017csza naszym czasom.<\/span><\/p>\n<p>Powojenny Kampinos.<\/p>\n<p>\u017bycie mieszka\u0144c\u00f3w Puszczy po wojnie.<\/p>\n<p>Bieda.<\/p>\n<p>Powodzie.<\/p>\n<p>Codzienne problemy.<\/p>\n<p><span style=\"color: #364d36;\"><a style=\"color: #364d36;\" href=\"https:\/\/bloganki.pl\/index.php\/2026\/08\/19\/powojenny-kampinos-bieda-powodz-i-zycie-mieszkancow-puszczy\/\" target=\"_blank\" rel=\"noopener noreferrer\"><strong>Powojenny Kampinos \u2013 bieda, pow\u00f3d\u017a i \u017cycie mieszka\u0144c\u00f3w Puszczy<\/strong><\/a><\/span><\/p>\n<p><span style=\"color: #364d36;\">Czytaj\u0105c o tym, trudno p\u00f3\u017aniej patrze\u0107 na Kampinos dok\u0142adnie tak samo.<\/span><\/p>\n<p>Dzisiaj przyje\u017cd\u017camy tutaj odpocz\u0105\u0107.<\/p>\n<p>Spacerujemy.<\/p>\n<p>Robimy zdj\u0119cia.<\/p>\n<p>Wracamy do Warszawy.<\/p>\n<p>A jeszcze niedawno dla wielu ludzi ten sam krajobraz oznacza\u0142 po prostu dom i codzienn\u0105 walk\u0119 o przetrwanie.<\/p>\n<hr \/>\n<h1><span style=\"color: #364d36;\">Co zabra\u0107 na jesienny spacer?<\/span><\/h1>\n<figure id=\"attachment_21421\" aria-describedby=\"caption-attachment-21421\" style=\"width: 900px\" class=\"wp-caption aligncenter\"><img loading=\"lazy\" decoding=\"async\" class=\"wp-image-21421 size-full\" src=\"https:\/\/bloganki.pl\/wp-content\/uploads\/2026\/08\/20250805_185601.jpg\" alt=\"\" width=\"900\" height=\"675\" srcset=\"https:\/\/bloganki.pl\/wp-content\/uploads\/2026\/08\/20250805_185601.jpg 900w, https:\/\/bloganki.pl\/wp-content\/uploads\/2026\/08\/20250805_185601-300x225.jpg 300w, https:\/\/bloganki.pl\/wp-content\/uploads\/2026\/08\/20250805_185601-768x576.jpg 768w\" sizes=\"(max-width: 900px) 100vw, 900px\" \/><figcaption id=\"caption-attachment-21421\" class=\"wp-caption-text\">Jesie\u0144 w Puszczy Kampinoskiej.<\/figcaption><\/figure>\n<p>Nie mam specjalnej listy sprz\u0119tu kampingowego.<\/p>\n<p>Na zwyk\u0142y kampinoski spacer wystarczy naprawd\u0119 niewiele.<\/p>\n<p>Najwa\u017cniejsze s\u0105\u00a0<strong>dobre buty<\/strong>.<\/p>\n<p>Jesieni\u0105 po deszczu niekt\u00f3re \u015bcie\u017cki potrafi\u0105 by\u0107 bardzo mokre.<\/p>\n<p>Do plecaka zwykle warto wrzuci\u0107:<\/p>\n<ul>\n<li><span style=\"color: #364d36;\">wod\u0119,<\/span><\/li>\n<li>termos z kaw\u0105 albo herbat\u0105,<\/li>\n<li>co\u015b do jedzenia,<\/li>\n<li>kurtk\u0119 przeciwdeszczow\u0105,<\/li>\n<li>dodatkow\u0105 warstw\u0119 ubrania,<\/li>\n<li>telefon z na\u0142adowan\u0105 bateri\u0105,<\/li>\n<li>map\u0119 lub aplikacj\u0119 z tras\u0105,<\/li>\n<li>ma\u0142\u0105 latark\u0119 przy d\u0142u\u017cszym spacerze,<\/li>\n<li>aparat fotograficzny.<\/li>\n<\/ul>\n<p>I co\u015b s\u0142odkiego.<\/p>\n<p>To akurat jest punkt obowi\u0105zkowy.<\/p>\n<hr \/>\n<h1><span style=\"color: #364d36;\">Czy jesieni\u0105 warto przyjecha\u0107 rano?<\/span><\/h1>\n<figure id=\"attachment_21422\" aria-describedby=\"caption-attachment-21422\" style=\"width: 900px\" class=\"wp-caption aligncenter\"><img loading=\"lazy\" decoding=\"async\" class=\"wp-image-21422 size-full\" src=\"https:\/\/bloganki.pl\/wp-content\/uploads\/2026\/08\/20250812_192938.jpg\" alt=\"\" width=\"900\" height=\"675\" srcset=\"https:\/\/bloganki.pl\/wp-content\/uploads\/2026\/08\/20250812_192938.jpg 900w, https:\/\/bloganki.pl\/wp-content\/uploads\/2026\/08\/20250812_192938-300x225.jpg 300w, https:\/\/bloganki.pl\/wp-content\/uploads\/2026\/08\/20250812_192938-768x576.jpg 768w\" sizes=\"(max-width: 900px) 100vw, 900px\" \/><figcaption id=\"caption-attachment-21422\" class=\"wp-caption-text\">Jesie\u0144 w Puszczy Kampinoskiej.<\/figcaption><\/figure>\n<p>Moim zdaniem tak.<\/p>\n<p><span style=\"color: #364d36;\">Zw\u0142aszcza je\u017celi zale\u017cy Wam na spokojnym spacerze.<\/span><\/p>\n<p><span style=\"color: #364d36;\">Rano jest mniej ludzi, a jesieni\u0105 dodatkowo mo\u017cna trafi\u0107 na mg\u0142\u0119, kt\u00f3ra potrafi ca\u0142kowicie zmieni\u0107 wygl\u0105d lasu.<\/span><\/p>\n<p>Przy d\u0142u\u017cszych trasach poranny start ma jeszcze jedn\u0105 zalet\u0119 \u2013 mamy wi\u0119cej czasu na spokojne przej\u015bcie ca\u0142ej trasy.<\/p>\n<p>Jesieni\u0105 dzie\u0144 szybko si\u0119 ko\u0144czy.<\/p>\n<hr \/>\n<h1><span style=\"color: #364d36;\">Gdzie zostawi\u0107 samoch\u00f3d?<\/span><\/h1>\n<figure id=\"attachment_21423\" aria-describedby=\"caption-attachment-21423\" style=\"width: 900px\" class=\"wp-caption aligncenter\"><img loading=\"lazy\" decoding=\"async\" class=\"wp-image-21423 size-full\" src=\"https:\/\/bloganki.pl\/wp-content\/uploads\/2026\/08\/20250812_200743.jpg\" alt=\"\" width=\"900\" height=\"675\" srcset=\"https:\/\/bloganki.pl\/wp-content\/uploads\/2026\/08\/20250812_200743.jpg 900w, https:\/\/bloganki.pl\/wp-content\/uploads\/2026\/08\/20250812_200743-300x225.jpg 300w, https:\/\/bloganki.pl\/wp-content\/uploads\/2026\/08\/20250812_200743-768x576.jpg 768w\" sizes=\"(max-width: 900px) 100vw, 900px\" \/><figcaption id=\"caption-attachment-21423\" class=\"wp-caption-text\">Jesie\u0144 w Puszczy Kampinoskiej.<\/figcaption><\/figure>\n<p>To zale\u017cy od tego, kt\u00f3r\u0105 tras\u0119 wybieracie.<\/p>\n<p>Przed wyjazdem warto sprawdzi\u0107 dok\u0142adne miejsce startu i dost\u0119pno\u015b\u0107 parkingu.<\/p>\n<p>Nie zostawia\u0142abym samochodu przypadkowo na poboczu le\u015bnej drogi.<\/p>\n<p><span style=\"color: #364d36;\">Przy popularnych miejscach znajduj\u0105 si\u0119 parkingi i miejsca przeznaczone dla odwiedzaj\u0105cych Park, ale ich dost\u0119pno\u015b\u0107 mo\u017ce by\u0107 r\u00f3\u017cna.<\/span><\/p>\n<p><span style=\"color: #364d36;\">Je\u017celi planuj\u0119 d\u0142u\u017csz\u0105 tras\u0119, sprawdzam r\u00f3wnie\u017c, gdzie ko\u0144czy si\u0119 szlak i jak wr\u00f3c\u0119 do samochodu.<\/span><\/p>\n<p>To szczeg\u00f3lnie wa\u017cne przy trasach liniowych.<\/p>\n<hr \/>\n<h1><span style=\"color: #364d36;\">Czy mo\u017cna przyjecha\u0107 do Puszczy komunikacj\u0105?<\/span><\/h1>\n<p>Tak.<\/p>\n<p>Niekt\u00f3re miejsca s\u0105 dost\u0119pne komunikacj\u0105 publiczn\u0105.<\/p>\n<p><span style=\"color: #364d36;\">Dobrym punktem startowym jest na przyk\u0142ad Truskaw.<\/span><\/p>\n<p><span style=\"color: #364d36;\">Przed wyjazdem zawsze warto jednak sprawdzi\u0107 aktualny rozk\u0142ad jazdy.<\/span><\/p>\n<p><span style=\"color: #364d36;\">Zw\u0142aszcza w weekend.<\/span><\/p>\n<p><span style=\"color: #364d36;\">Bo o ile do Puszczy mo\u017cna dojecha\u0107 stosunkowo \u0142atwo, o tyle powr\u00f3t po kilku godzinach marszu nie zawsze b\u0119dzie ju\u017c tak oczywisty.<\/span><\/p>\n<hr \/>\n<h1><span style=\"color: #364d36;\">Czy mo\u017cna chodzi\u0107 poza szlakami?<\/span><\/h1>\n<p>Nie.<\/p>\n<p><span style=\"color: #364d36;\">I cho\u0107 czasami bardzo kusi, \u017ceby sprawdzi\u0107, dok\u0105d prowadzi ma\u0142a \u015bcie\u017cka odbijaj\u0105ca od g\u0142\u00f3wnego szlaku, trzeba pami\u0119ta\u0107, \u017ce jeste\u015bmy na terenie parku narodowego.<\/span><\/p>\n<p>Poruszamy si\u0119 po wyznaczonych trasach i respektujemy zasady obowi\u0105zuj\u0105ce w Parku.<\/p>\n<p>To szczeg\u00f3lnie wa\u017cne w miejscach cennych przyrodniczo.<\/p>\n<hr \/>\n<h1><span style=\"color: #364d36;\">Czy mo\u017cna zabra\u0107 psa?<\/span><\/h1>\n<p>Przed wyjazdem warto sprawdzi\u0107 zasady obowi\u0105zuj\u0105ce na konkretnej trasie.<\/p>\n<p>Nie wszystkie miejsca w Kampinoskim Parku Narodowym s\u0105 dost\u0119pne dla ps\u00f3w na takich samych zasadach.<\/p>\n<p>Je\u017celi wybieracie si\u0119 z pupilem, najlepiej zaplanowa\u0107 tras\u0119 w\u0142a\u015bnie pod tym k\u0105tem.<\/p>\n<hr \/>\n<h1><span style=\"color: #364d36;\">Czy mo\u017cna spotka\u0107 \u0142osia?<\/span><\/h1>\n<p><span style=\"color: #364d36;\">Tak.<\/span><\/p>\n<p>I je\u017celi b\u0119dziecie mieli szcz\u0119\u015bcie, by\u0107 mo\u017ce uda si\u0119 go zobaczy\u0107.<\/p>\n<p><span style=\"color: #364d36;\">Ale pami\u0119tajcie, \u017ce \u0142o\u015b nie jest atrakcj\u0105 turystyczn\u0105.<\/span><\/p>\n<p>To dzikie zwierz\u0119.<\/p>\n<p><span style=\"color: #364d36;\">Je\u017celi go spotkacie, zachowajcie dystans i nie pr\u00f3bujcie podchodzi\u0107 bli\u017cej tylko po to, \u017ceby zrobi\u0107 lepsze zdj\u0119cie.<\/span><\/p>\n<p>Czasami najlepsze zdj\u0119cie to takie, kt\u00f3rego nie uda\u0142o si\u0119 zrobi\u0107.<\/p>\n<hr \/>\n<h1><span style=\"color: #364d36;\">Puszcza Kampinoska z dzie\u0107mi<\/span><\/h1>\n<p>Kampinos bardzo dobrze nadaje si\u0119 na rodzinne spacery.<\/p>\n<p>Nie trzeba od razu planowa\u0107 kilkunastu kilometr\u00f3w.<\/p>\n<p>Dla dzieci cz\u0119sto ciekawsza b\u0119dzie kr\u00f3tka \u015bcie\u017cka, podczas kt\u00f3rej mo\u017cna zatrzyma\u0107 si\u0119 przy ka\u017cdej ka\u0142u\u017cy, poszuka\u0107 trop\u00f3w zwierz\u0105t albo sprawdzi\u0107, co ro\u015bnie przy drodze.<\/p>\n<p><span style=\"color: #364d36;\">Dlatego na pierwszy rodzinny spacer wybra\u0142abym raczej kr\u00f3tsz\u0105 \u015bcie\u017ck\u0119 ni\u017c d\u0142ug\u0105 tras\u0119.<\/span><\/p>\n<p><span style=\"color: #364d36;\">A kiedy dzieci z\u0142api\u0105 bakcyla, mo\u017cna zacz\u0105\u0107 wyd\u0142u\u017ca\u0107 wycieczki.<\/span><\/p>\n<hr \/>\n<h1><span style=\"color: #364d36;\">Moje jesienne typy<\/span><\/h1>\n<figure id=\"attachment_21424\" aria-describedby=\"caption-attachment-21424\" style=\"width: 900px\" class=\"wp-caption aligncenter\"><img loading=\"lazy\" decoding=\"async\" class=\"wp-image-21424 size-full\" src=\"https:\/\/bloganki.pl\/wp-content\/uploads\/2026\/08\/20250815_194942.jpg\" alt=\"\" width=\"900\" height=\"675\" srcset=\"https:\/\/bloganki.pl\/wp-content\/uploads\/2026\/08\/20250815_194942.jpg 900w, https:\/\/bloganki.pl\/wp-content\/uploads\/2026\/08\/20250815_194942-300x225.jpg 300w, https:\/\/bloganki.pl\/wp-content\/uploads\/2026\/08\/20250815_194942-768x576.jpg 768w\" sizes=\"(max-width: 900px) 100vw, 900px\" \/><figcaption id=\"caption-attachment-21424\" class=\"wp-caption-text\">\u0141\u0105ki w okolicach Puszczy Kampinoskiej.<\/figcaption><\/figure>\n<p>Je\u017celi nie chcecie czyta\u0107 ca\u0142ego artyku\u0142u i szukacie po prostu odpowiedzi na pytanie\u00a0<strong>\u201egdzie jecha\u0107 jesieni\u0105 do Kampinosu?\u201d<\/strong>, moja lista wygl\u0105da tak:<\/p>\n<p><span style=\"color: #364d36;\"><strong>Na spokojny jesienny spacer:<\/strong><\/span><br \/>\n<span style=\"color: #364d36;\">Leszno \u2013 \u0141ubiec \u2013 Roztoka.<\/span><\/p>\n<p><span style=\"color: #364d36;\"><strong>Na troch\u0119 d\u0142u\u017csz\u0105 wycieczk\u0119:<\/strong><\/span><br \/>\nRoztoka \u2013 \u0141awy \u2013 Roztoka.<\/p>\n<p><span style=\"color: #364d36;\"><strong>Na spacer z histori\u0105:<\/strong><\/span><br \/>\nBroch\u00f3w \u2013 Famu\u0142ki \u2013 Sosna Powsta\u0144c\u00f3w.<\/p>\n<p><span style=\"color: #364d36;\"><strong>Na histori\u0119 dawnych mieszka\u0144c\u00f3w Puszczy:<\/strong><\/span><br \/>\nPiaski Kr\u00f3lewskie \u2013 Gorzewnica \u2013 Kromnowo.<\/p>\n<p><span style=\"color: #364d36;\"><strong>Na d\u0142ug\u0105 w\u0119dr\u00f3wk\u0119:<\/strong><\/span><br \/>\nwybrany fragment G\u0142\u00f3wnego Szlaku Puszczy Kampinoskiej.<\/p>\n<p><span style=\"color: #364d36;\"><strong>Na kr\u00f3tki spacer:<\/strong><\/span><br \/>\njedna ze \u015bcie\u017cek spacerowych.<\/p>\n<p><span style=\"color: #364d36;\"><a style=\"color: #364d36;\" href=\"https:\/\/bloganki.pl\/index.php\/category\/puszcza-kampinoska\/\" target=\"_blank\" rel=\"noopener noreferrer\"><strong>Zobacz wszystkie moje trasy i \u015bcie\u017cki w Puszczy Kampinoskiej<\/strong><\/a><\/span><\/p>\n<hr \/>\n<h1><span style=\"color: #364d36;\">Puszcza Kampinoska \u2013 FAQ<\/span><\/h1>\n<h2><span style=\"color: #364d36;\">Jaki szlak wybra\u0107 na pierwszy spacer?<\/span><\/h2>\n<p>Je\u017celi dopiero zaczynacie poznawa\u0107 Kampinos, wybra\u0142abym Leszno \u2013 \u0141ubiec \u2013 Roztoka albo jedn\u0105 z kr\u00f3tszych \u015bcie\u017cek spacerowych.<\/p>\n<h2><span style=\"color: #364d36;\">Jaki szlak w Kampinosie jest naj\u0142adniejszy jesieni\u0105?<\/span><\/h2>\n<p><span style=\"color: #364d36;\">Trudno wskaza\u0107 jeden. Du\u017co zale\u017cy od pogody. Jesieni\u0105 bardzo lubi\u0119 tras\u0119 Leszno \u2013 \u0141ubiec \u2013 Roztoka, ale r\u00f3wnie\u017c okolice \u0141aw.<\/span><\/p>\n<h2><span style=\"color: #364d36;\">Gdzie zobaczy\u0107 pozosta\u0142o\u015bci dawnych wsi?<\/span><\/h2>\n<p>Jednym z ciekawszych miejsc s\u0105 \u0141awy, gdzie zachowa\u0142y si\u0119 mi\u0119dzy innymi schody, fundamenty i stare drzewa przypominaj\u0105ce o dawnej zabudowie.<\/p>\n<h2><span style=\"color: #364d36;\">Ile kilometr\u00f3w ma trasa Leszno \u2013 \u0141ubiec \u2013 Roztoka?<\/span><\/h2>\n<p>Oko\u0142o 7,5 km.<\/p>\n<h2><span style=\"color: #364d36;\">Ile kilometr\u00f3w ma trasa do \u0141aw?<\/span><\/h2>\n<p>Trasa Roztoka \u2013 \u0141awy \u2013 Roztoka ma oko\u0142o 12,5 km.<\/p>\n<h2><span style=\"color: #364d36;\">Czy Puszcza Kampinoska nadaje si\u0119 na jednodniow\u0105 wycieczk\u0119?<\/span><\/h2>\n<p><span style=\"color: #364d36;\">Tak. Mo\u017cna wybra\u0107 zar\u00f3wno kr\u00f3tk\u0105, kilkukilometrow\u0105 tras\u0119, jak i zaplanowa\u0107 ca\u0142odzienn\u0105 w\u0119dr\u00f3wk\u0119.<\/span><\/p>\n<h2><span style=\"color: #364d36;\">Czy mo\u017cna zwiedza\u0107 Kampinos bez samochodu?<\/span><\/h2>\n<p><span style=\"color: #364d36;\">Tak, chocia\u017c trzeba dobrze sprawdzi\u0107 po\u0142\u0105czenia. Do cz\u0119\u015bci miejsc mo\u017cna dojecha\u0107 komunikacj\u0105 publiczn\u0105.<\/span><\/p>\n<h2><span style=\"color: #364d36;\">Czy mo\u017cna wej\u015b\u0107 do Puszczy z psem?<\/span><\/h2>\n<p><span style=\"color: #364d36;\">Zale\u017cy to od konkretnego obszaru i obowi\u0105zuj\u0105cych tam zasad. Przed wyjazdem nale\u017cy sprawdzi\u0107 dost\u0119pno\u015b\u0107 wybranej trasy dla ps\u00f3w.<\/span><\/p>\n<h2><span style=\"color: #364d36;\">Czy mo\u017cna spotka\u0107 \u0142osia?<\/span><\/h2>\n<p><span style=\"color: #364d36;\">Tak. Trzeba jednak pami\u0119ta\u0107 o zachowaniu bezpiecznej odleg\u0142o\u015bci.<\/span><\/p>\n<h2><span style=\"color: #364d36;\">Czy jesieni\u0105 jest du\u017co b\u0142ota?<\/span><\/h2>\n<p><span style=\"color: #364d36;\">Po deszczu zdecydowanie mo\u017ce by\u0107. Dlatego dobre buty s\u0105 wa\u017cniejsze ni\u017c idealna fryzura.<\/span><\/p>\n<h2><span style=\"color: #364d36;\">Czy warto jecha\u0107 do Kampinosu, je\u015bli pada?<\/span><\/h2>\n<p>Je\u017celi nie przeszkadza Wam deszcz \u2013 zdecydowanie tak.<\/p>\n<p>Puszcza po deszczu ma zupe\u0142nie inny klimat.<\/p>\n<p>Tylko trzeba si\u0119 odpowiednio ubra\u0107.<\/p>\n<hr \/>\n<h1><span style=\"color: #364d36;\">Na koniec<\/span><\/h1>\n<p><span style=\"color: #364d36;\">Nie wiem, ile razy mo\u017cna wraca\u0107 w to samo miejsce, zanim przestanie nas czym\u015b zaskakiwa\u0107.<\/span><\/p>\n<p><span style=\"color: #364d36;\">W przypadku Kampinosu chyba jeszcze d\u0142ugo nie b\u0119d\u0119 zna\u0142a odpowiedzi.<\/span><\/p>\n<p><span style=\"color: #364d36;\">Bo za ka\u017cdym razem, kiedy wydaje mi si\u0119, \u017ce ju\u017c troch\u0119 znam ten las, trafiam na co\u015b nowego.<\/span><\/p>\n<p>Now\u0105 drog\u0119.<\/p>\n<p>Now\u0105 histori\u0119.<\/p>\n<p>Kolejne miejsce, o kt\u00f3rym wcze\u015bniej nie wiedzia\u0142am.<\/p>\n<p>Czasami jest to tylko stary kamie\u0144 albo drzewo.<\/p>\n<p>Czasami kilka schod\u00f3w.<\/p>\n<p>A czasami historia cz\u0142owieka, kt\u00f3ry \u017cy\u0142 tutaj wiele lat temu.<\/p>\n<p><span style=\"color: #364d36;\">I chyba w\u0142a\u015bnie dlatego lubi\u0119 te kampinoskie wycieczki.<\/span><\/p>\n<p>Nie musz\u0119 za ka\u017cdym razem odkrywa\u0107 czego\u015b wielkiego.<\/p>\n<p>Wystarczy ma\u0142y szczeg\u00f3\u0142.<\/p>\n<p>Jesieni\u0105 szczeg\u00f3lnie dobrze je wida\u0107.<\/p>\n<p><span style=\"color: #364d36;\">Je\u017celi wi\u0119c planujecie jesienny spacer, wybierzcie jedn\u0105 z tras.<\/span><\/p>\n<p>Nie spieszcie si\u0119.<\/p>\n<p><span style=\"color: #364d36;\">Popatrzcie nie tylko przed siebie, ale te\u017c pod nogi.<\/span><\/p>\n<p><span style=\"color: #364d36;\">Bo w Puszczy Kampinoskiej nigdy nie wiadomo, co zosta\u0142o po tych, kt\u00f3rzy byli tutaj przed nami.<\/span><\/p>\n<p><span style=\"color: #364d36;\"><a style=\"color: #364d36;\" href=\"https:\/\/bloganki.pl\/index.php\/category\/puszcza-kampinoska\/\" target=\"_blank\" rel=\"noopener noreferrer\"><strong>Zobacz wszystkie moje artyku\u0142y o Puszczy Kampinoskiej \u2192<\/strong><\/a><\/span><\/p>\n<figure id=\"attachment_21370\" aria-describedby=\"caption-attachment-21370\" style=\"width: 900px\" class=\"wp-caption aligncenter\"><img loading=\"lazy\" decoding=\"async\" class=\"wp-image-21370 size-full\" src=\"https:\/\/bloganki.pl\/wp-content\/uploads\/2026\/08\/DSC06584.jpg\" alt=\"\" width=\"900\" height=\"600\" srcset=\"https:\/\/bloganki.pl\/wp-content\/uploads\/2026\/08\/DSC06584.jpg 900w, https:\/\/bloganki.pl\/wp-content\/uploads\/2026\/08\/DSC06584-300x200.jpg 300w, https:\/\/bloganki.pl\/wp-content\/uploads\/2026\/08\/DSC06584-768x512.jpg 768w\" sizes=\"(max-width: 900px) 100vw, 900px\" \/><figcaption id=\"caption-attachment-21370\" class=\"wp-caption-text\">Puszcza Kampinoska jesieni\u0105.<\/figcaption><\/figure>\n<h2><span style=\"color: #364d36;\">Dzi\u0119kuj\u0119, \u017ce jeste\u015bcie ze mn\u0105 \u2764\ufe0f<\/span><\/h2>\n<p>Dzi\u0119kuj\u0119 Wam za ka\u017cd\u0105 kaw\u0119, komentarz, wiadomo\u015b\u0107 i ka\u017cde:\u00a0<strong>\u201eA mo\u017ce dzi\u015b Kampinos?\u201d<\/strong>\u00a0\u2615\u2764\ufe0f<\/p>\n<p><span style=\"color: #364d36;\">Za to, \u017ce razem ze mn\u0105 zagl\u0105dacie w miejsca, kt\u00f3re czasami trudno znale\u017a\u0107 na mapie. Za wsp\u00f3lne w\u0119drowanie le\u015bnymi \u015bcie\u017ckami, odkrywanie zapomnianych wsi, starych cmentarzy, drewnianych dom\u00f3w i historii ludzi, kt\u00f3rzy kiedy\u015b mieszkali w Puszczy.<\/span><\/p>\n<p>Lubi\u0119 te nasze kampinoskie wyprawy.<\/p>\n<p><span style=\"color: #364d36;\">Bo czasami wystarczy samoch\u00f3d, wygodne buty, termos z kaw\u0105 i pomys\u0142 na kilka kilometr\u00f3w. A potem nagle okazuje si\u0119, \u017ce zamiast kr\u00f3tkiego spaceru mamy kolejn\u0105 histori\u0119 do opowiedzenia. \ud83c\udf32\ud83e\udd7e<\/span><\/p>\n<p>Mam nadziej\u0119, \u017ce ten przewodnik b\u0119dzie dla Was inspiracj\u0105 do w\u0142asnych jesiennych wycieczek.<\/p>\n<p><span style=\"color: #364d36;\">A mo\u017ce spotkamy si\u0119 kiedy\u015b gdzie\u015b na le\u015bnym szlaku? \ud83d\ude0a<\/span><\/p>\n<p><span style=\"color: #364d36;\"><strong>Do zobaczenia w Puszczy Kampinoskiej!<\/strong>\u00a0\ud83c\udf3f\u2764\ufe0f<\/span><\/p>\n<p><span style=\"color: #364d36;\"><a style=\"color: #364d36;\" href=\"https:\/\/buycoffee.to\/bloganki\"><img loading=\"lazy\" decoding=\"async\" class=\"alignnone wp-image-16653 size-medium\" src=\"https:\/\/bloganki.pl\/wp-content\/uploads\/2023\/09\/GIF-1-300x84.gif\" alt=\"\" width=\"300\" height=\"84\" \/><\/a><\/span><\/p>\n","protected":false},"excerpt":{"rendered":"<p>Jesie\u0144 to chyba moja ulubiona pora roku na wycieczki do Puszczy Kampinoskiej. Nie zawsze jest wtedy pi\u0119kna i kolorowa. Czasami zamiast s\u0142o\u0144ca trafiam na mg\u0142\u0119, deszcz i mokre li\u015bcie przyklejaj\u0105ce si\u0119 do but\u00f3w. I w\u0142a\u015bnie takie wycieczki pami\u0119tam najlepiej. Przez ostatnie lata przesz\u0142am w Puszczy sporo kilometr\u00f3w. Niekt\u00f3re trasy pokonywa\u0142am kilka razy, do innych wraca\u0142am po czasie, a jeszcze inne prowadzi\u0142y mnie do miejsc, o kt\u00f3rych wcze\u015bniej niewiele wiedzia\u0142am. I w\u0142a\u015bnie z tych spacer\u00f3w powsta\u0142 ten przewodnik. Nie b\u0119dzie to lista wszystkich kampinoskich szlak\u00f3w. Tych znajdziecie w mapach i oficjalnych materia\u0142ach Parku. Chc\u0119 Wam za to pokaza\u0107\u00a0te miejsca i trasy, kt\u00f3re sama pozna\u0142am, przesz\u0142am i kt\u00f3re z r\u00f3\u017cnych powod\u00f3w zosta\u0142y mi w pami\u0119ci. Bo w Kampinosie najbardziej lubi\u0119 chyba to, \u017ce nigdy nie ko\u0144czy si\u0119 tylko na spacerze. Mo\u017cna jecha\u0107 do lasu z zamiarem przej\u015bcia kilku kilometr\u00f3w, a wr\u00f3ci\u0107 z pytaniem, dlaczego w \u015brodku lasu stoi stary krzy\u017c. Albo znale\u017a\u0107 schody prowadz\u0105ce donik\u0105d i zacz\u0105\u0107 zastanawia\u0107 si\u0119, gdzie by\u0142 dom, do kt\u00f3rego kiedy\u015b prowadzi\u0142y. Tak by\u0142o w \u0141awach. \u0141awy \u2013 po ludziach zosta\u0142y tylko schody Innym razem zainteresowa\u0142a mnie historia dawnych mieszka\u0144c\u00f3w Puszczy \u2013 Olendr\u00f3w i niemieckich kolonist\u00f3w. Koloni\u015bci niemieccy w Puszczy Kampinoskiej \u2013 \u015bladami Olendr\u00f3w, zapomnianych wsi i ewangelickich cmentarzy A jeszcze innym razem po prostu chcia\u0142am przej\u015b\u0107 si\u0119 jesiennym lasem i sko\u0144czy\u0142o si\u0119 na jednej z moich ulubionych tras \u2013\u00a0Leszno \u2013 \u0141ubiec \u2013 Roztoka. Leszno \u2013 \u0141ubiec \u2013 Roztoka \u2013 jesienny szlak przez Puszcz\u0119 Kampinosk\u0105 Dlatego w tym artykule zebra\u0142am moje propozycje na jesienne wycieczki po Puszczy Kampinoskiej. S\u0105 tu zar\u00f3wno kr\u00f3tsze spacery, jak i d\u0142u\u017csze szlaki. S\u0105 miejsca, do kt\u00f3rych warto pojecha\u0107 dla samego lasu, ale te\u017c takie, gdzie podczas spaceru mo\u017cna odkry\u0107 kawa\u0142ek historii. Je\u017celi dopiero zaczynacie poznawa\u0107 Kampinos, mam nadziej\u0119, \u017ce znajdziecie tutaj co\u015b dla siebie. A je\u017celi ju\u017c go znacie \u2013 by\u0107 mo\u017ce przypomn\u0119 Wam o miejscu, do kt\u00f3rego dawno nie zagl\u0105dali\u015bcie. Je\u015bli szukasz pomys\u0142u na spacer Je\u017celi nie masz czasu czyta\u0107 ca\u0142ego tekstu i chcesz po prostu wybra\u0107 tras\u0119 na najbli\u017csz\u0105 wycieczk\u0119, zacznij od tych propozycji: oko\u0142o 7,5 km\u00a0\u2013\u00a0Leszno \u2013 \u0141ubiec \u2013 Roztoka\u00a0\u2013 na spokojny jesienny spacer oko\u0142o 12,5 km\u00a0\u2013\u00a0Roztoka \u2013 \u0141awy \u2013 Roztoka\u00a0\u2013 je\u017celi opr\u00f3cz lasu interesuj\u0105 Ci\u0119 \u015blady dawnych mieszka\u0144c\u00f3w kr\u00f3tszy spacer\u00a0\u2013 \u015bcie\u017cka\u00a0\u201eDo Karczmiska\u201d\u00a0\u2013 kiedy nie masz ochoty na d\u0142ug\u0105 w\u0119dr\u00f3wk\u0119 historia dawnych wsi\u00a0\u2013\u00a0Broch\u00f3w \u2013 Famu\u0142ki \u2013 Sosna Powsta\u0144c\u00f3w\u00a0\u2013 trasa, na kt\u00f3rej historia jest w\u0142a\u015bciwie ca\u0142y czas obecna d\u0142u\u017csza w\u0119dr\u00f3wka\u00a0\u2013\u00a0G\u0142\u00f3wny Szlak Puszczy Kampinoskiej\u00a0\u2013 dla tych, kt\u00f3rzy chc\u0105 przej\u015b\u0107 wi\u0119cej kilometr\u00f3w To oczywi\u015bcie tylko pocz\u0105tek. Im d\u0142u\u017cej poznaj\u0119 Kampinos, tym wi\u0119cej znajduj\u0119 powod\u00f3w, \u017ceby wraca\u0107. Puszcza Kampinoska jesieni\u0105 Jesieni\u0105 Kampinos ma dla mnie zupe\u0142nie inny klimat ni\u017c latem. Nie chodzi tylko o kolory li\u015bci. Oczywi\u015bcie, kiedy las zaczyna robi\u0107 si\u0119 \u017c\u00f3\u0142ty, rudy i z\u0142oty, trudno nie zatrzymywa\u0107 si\u0119 co chwil\u0119 z aparatem. Ale najbardziej lubi\u0119 te dni, kiedy pogoda nie jest idealna. Mg\u0142\u0119 snuj\u0105c\u0105 si\u0119 mi\u0119dzy drzewami. Mokre \u015bcie\u017cki. Puste drogi. Las, kt\u00f3ry zamiast zaprasza\u0107 na piknik, troch\u0119 tajemniczo milczy. W\u0142a\u015bnie wtedy najch\u0119tniej chodz\u0119 po mniej oczywistych miejscach. Jesieni\u0105 \u0142atwiej te\u017c zauwa\u017cy\u0107 \u015blady dawnych mieszka\u0144c\u00f3w Puszczy. Kiedy opadn\u0105 li\u015bcie, spod ro\u015blinno\u015bci wychodz\u0105 fragmenty mur\u00f3w, fundamenty, stare drzewa owocowe czy pozosta\u0142o\u015bci dawnych gospodarstw. I chyba w\u0142a\u015bnie dlatego jesienne spacery po Kampinosie tak bardzo mi odpowiadaj\u0105. Nie tylko chodz\u0119. Szukam. Leszno \u2013 \u0141ubiec \u2013 Roztoka Je\u017celi kto\u015b pyta mnie o tras\u0119 na jesienny spacer, jedn\u0105 z pierwszych, kt\u00f3re przychodz\u0105 mi do g\u0142owy, jest w\u0142a\u015bnie\u00a0Leszno \u2013 \u0141ubiec \u2013 Roztoka. Trasa ma oko\u0142o 7,5 km. To dystans, kt\u00f3ry pozwala ju\u017c poczu\u0107, \u017ce naprawd\u0119 wyszli\u015bmy na wycieczk\u0119, ale nie wymaga ca\u0142ego dnia. Jeden z najbardziej malowniczych szlak\u00f3w w Puszczy Kampinoskiej w jesiennej ods\u0142onie \u2013 Leszno, \u0141ubiec, Roztoka Mia\u0142am tutaj pogod\u0119, kt\u00f3r\u0105 mo\u017cna by uzna\u0107 za ma\u0142o zach\u0119caj\u0105c\u0105. A jednak w\u0142a\u015bnie ten spacer dobrze pami\u0119tam. Nie zawsze potrzebuj\u0119 s\u0142o\u0144ca, \u017ceby uzna\u0107 wycieczk\u0119 za udan\u0105. Czasami deszcz i mg\u0142a robi\u0105 dla krajobrazu wi\u0119cej ni\u017c pi\u0119kna pogoda. Je\u017celi dopiero zaczynacie przygod\u0119 z Kampinosem, t\u0119 tras\u0119 naprawd\u0119 warto mie\u0107 na swojej li\u015bcie. Roztoka \u2013 \u0141awy \u2013 Roztoka To ju\u017c zupe\u0142nie inna historia.Sama trasa ma oko\u0142o 12,5 km, ale dla mnie najwa\u017cniejsze s\u0105 tutaj nie kilometry, tylko\u00a0\u0141awy \u2013 dawna wie\u015b, po kt\u00f3rej zosta\u0142y zaskakuj\u0105ce \u015blady. Najbardziej zapami\u0119ta\u0142am oczywi\u015bcie schody. Stoj\u0105 sobie w lesie i w\u0142a\u015bciwie niczego ju\u017c nie przypominaj\u0105. A przecie\u017c kiedy\u015b prowadzi\u0142y do domu. Kto\u015b nimi wchodzi\u0142. Kto\u015b nimi schodzi\u0142. Za drzwiami by\u0142 czyj\u015b dom i czyje\u015b \u017cycie. Dzisiaj zosta\u0142 las. Po ludziach zosta\u0142y tylko schody \u2013 \u0141awy, wioska, kt\u00f3rej historii nie mog\u0119 odkry\u0107 To jeden z tych kampinoskich spacer\u00f3w, podczas kt\u00f3rych zaczynam patrze\u0107 pod nogi. Bo mo\u017ce jeszcze co\u015b zosta\u0142o. Mo\u017ce gdzie\u015b obok znajdzie si\u0119 stara jab\u0142o\u0144. Mo\u017ce fragment fundamentu. Mo\u017ce kolejny \u015blad po domu. Je\u017celi interesuj\u0105 Was dawne wsie i historie mieszka\u0144c\u00f3w Puszczy, zdecydowanie polecam t\u0119 tras\u0119. Broch\u00f3w \u2013 Famu\u0142ki \u2013 Sosna Powsta\u0144c\u00f3w Ta trasa jest dla mnie po\u0142\u0105czeniem spaceru i historii. Z Brochowa przez Famu\u0142ki Brochowskie i Famu\u0142ki Kr\u00f3lewskie mo\u017cna doj\u015b\u0107 do Sosny Powsta\u0144c\u00f3w. Z Brochowa przez Famu\u0142ki Brochowskie, Famu\u0142ki Kr\u00f3lewskie do Sosny Powsta\u0144c\u00f3w Lubi\u0119 takie miejsca, gdzie historia nie jest podana w formie wielkiej atrakcji turystycznej. Trzeba troch\u0119 poszuka\u0107. Troch\u0119 poczyta\u0107. Czasami zatrzyma\u0107 si\u0119 przy drodze i zastanowi\u0107, co wydarzy\u0142o si\u0119 tutaj wiele lat temu. I w\u0142a\u015bnie dlatego takie szlaki podobaj\u0105 mi si\u0119 bardziej ni\u017c miejsca, kt\u00f3re mo\u017cna obej\u015b\u0107 w pi\u0119tna\u015bcie minut. Piaski Kr\u00f3lewskie \u2013 Gorzewnica \u2013 Kromnowo Je\u017celi ciekawi Was historia dawnych mieszka\u0144c\u00f3w Puszczy, zwr\u00f3\u0107cie uwag\u0119 na t\u0119 tras\u0119. Prowadzi przez miejsca zwi\u0105zane mi\u0119dzy innymi z\u00a0Olendrami i budnikami. Budzi si\u0119 wiosna w krainie Olendr\u00f3w \u2013 niebieski szlak Piaski Kr\u00f3lewskie \u2013 Gorzewnica \u2013 Kromnowo Tekst powsta\u0142 przy okazji wiosennej wycieczki, ale sam\u0105 tras\u0119 warto zapami\u0119ta\u0107 r\u00f3wnie\u017c na jesie\u0144. Im wi\u0119cej czytam o dawnych mieszka\u0144cach Puszczy, tym bardziej przekonuj\u0119 si\u0119, \u017ce nie mo\u017cna patrze\u0107 na Kampinos wy\u0142\u0105cznie jak na las. To by\u0142 i nadal jest krajobraz tworzony przez ludzi. G\u0142\u00f3wny Szlak Puszczy Kampinoskiej Dla tych, kt\u00f3rzy lubi\u0105 d\u0142u\u017csze w\u0119dr\u00f3wki, jest oczywi\u015bcie czerwony\u00a0G\u0142\u00f3wny Szlak Puszczy Kampinoskiej. Nie jestem zwolenniczk\u0105 robienia z takiej wycieczki wy\u015bcigu. W Kampinosie szkoda mi czasu na patrzenie wy\u0142\u0105cznie na kilometry. Wol\u0119 si\u0119 zatrzyma\u0107. Zrobi\u0107 zdj\u0119cie. Poczyta\u0107 o miejscu, kt\u00f3re mijam. Czasami zej\u015b\u0107 na chwil\u0119 z tematu i zacz\u0105\u0107 szuka\u0107 historii jakiej\u015b wsi. Dlatego G\u0142\u00f3wny Szlak najbardziej podoba mi si\u0119 jako seria osobnych wycieczek. Pierwszy odcinek, kt\u00f3ry opisa\u0142am, prowadzi z Brochowa przez G\u00f3rki do Sosny Powsta\u0144c\u00f3w. G\u0142\u00f3wny Szlak Puszczy Kampinoskiej \u2013 Broch\u00f3w, G\u00f3rki, Sosna Powsta\u0144c\u00f3w 1863 r. To ju\u017c d\u0142uga wyprawa, wi\u0119c tutaj naprawd\u0119 warto dobrze zaplanowa\u0107 dzie\u0144. Kr\u00f3tkie spacery po Puszczy Kampinoskiej Nie zawsze mam ochot\u0119 na kilkana\u015bcie kilometr\u00f3w. Czasami chc\u0119 tylko wyj\u015b\u0107 z samochodu, pochodzi\u0107 po lesie i wr\u00f3ci\u0107 do domu. Dlatego kr\u00f3tsze \u015bcie\u017cki s\u0105 r\u00f3wnie wa\u017cn\u0105 cz\u0119\u015bci\u0105 mojego kampinoskiego przewodnika. \u015acie\u017cki spacerowe w Puszczy Kampinoskiej \u2013 moje propozycje Wok\u00f3\u0142 Palmir Kr\u00f3tka \u015bcie\u017cka, kt\u00f3r\u0105 mo\u017cna przej\u015b\u0107 bez planowania ca\u0142odziennej wyprawy. Ale je\u017celi jeste\u015bcie ju\u017c w Palmirach, warto po\u015bwi\u0119ci\u0107 czas r\u00f3wnie\u017c na poznanie historii tego miejsca. To nie jest dla mnie zwyk\u0142y punkt na mapie. To miejsce pami\u0119ci. Dlatego nie lubi\u0119 wpada\u0107 tutaj tylko na chwil\u0119, zrobi\u0107 zdj\u0119cie i jecha\u0107 dalej. Do Karczmiska Kolejna propozycja dla os\u00f3b, kt\u00f3re chc\u0105 zrobi\u0107 kr\u00f3tszy spacer. \u015acie\u017cka ma oko\u0142o 2,8 km. Dobry wyb\u00f3r na dzie\u0144, kiedy pogoda nie jest pewna albo po prostu nie mamy ochoty na d\u0142ug\u0105 w\u0119dr\u00f3wk\u0119. Puszcza Kampinoska to nie tylko przyroda Chyba w\u0142a\u015bnie to najbardziej mnie tutaj zatrzymuje. Mo\u017cna przyjecha\u0107 do Kampinosu dla lasu. Dla wydm. Dla bagien. Dla \u0142osia. Dla jesiennych kolor\u00f3w. Ale mo\u017cna te\u017c przyjecha\u0107 dla historii. I im wi\u0119cej jej poznaj\u0119, tym bardziej mam wra\u017cenie, \u017ce te dwie rzeczy s\u0105 tutaj ze sob\u0105 nierozerwalnie zwi\u0105zane. Dawne wsie \u0141awy nie s\u0105 jedynym miejscem, gdzie mo\u017cna znale\u017a\u0107 \u015blady dawnych mieszka\u0144c\u00f3w. W wielu cz\u0119\u015bciach Puszczy mo\u017cna natkn\u0105\u0107 si\u0119 na pozosta\u0142o\u015bci dawnych osad. Czasami s\u0105 bardzo wyra\u017ane. Czasami trzeba wiedzie\u0107, czego szuka\u0107. Dlatego przed niekt\u00f3rymi wycieczkami lubi\u0119 najpierw troch\u0119 poczyta\u0107. Dzi\u0119ki temu podczas spaceru zwracam uwag\u0119 na rzeczy, obok kt\u00f3rych wcze\u015bniej przesz\u0142abym oboj\u0119tnie. Olendrzy i niemieccy osadnicy Historia Olendr\u00f3w zainteresowa\u0142a mnie w\u0142a\u015bnie dlatego, \u017ce na pierwszy rzut oka zupe\u0142nie jej tutaj nie wida\u0107. Dzisiaj idziemy przez las. A kiedy\u015b \u017cyli tutaj ludzie, kt\u00f3rzy mieli swoje domy, gospodarstwa, drogi i cmentarze. Koloni\u015bci niemieccy w Puszczy Kampinoskiej \u2013 \u015bladami Olendr\u00f3w, zapomnianych wsi i ewangelickich cmentarzy Im wi\u0119cej o tym czyta\u0142am, tym bardziej chcia\u0142am zobaczy\u0107 te miejsca na w\u0142asne oczy. I chyba w\u0142a\u015bnie to lubi\u0119 w historii najbardziej. Nie jest tylko tekstem w ksi\u0105\u017cce. Mo\u017cna pojecha\u0107 i stan\u0105\u0107 dok\u0142adnie tam, gdzie kiedy\u015b \u017cyli ludzie, o kt\u00f3rych dzisiaj niewiele pami\u0119tamy. Powojenny Kampinos Jest te\u017c historia znacznie bli\u017csza naszym czasom. Powojenny Kampinos. \u017bycie mieszka\u0144c\u00f3w Puszczy po wojnie. Bieda. Powodzie. Codzienne problemy. Powojenny Kampinos \u2013 bieda, pow\u00f3d\u017a i \u017cycie mieszka\u0144c\u00f3w Puszczy Czytaj\u0105c o tym, trudno p\u00f3\u017aniej patrze\u0107 na Kampinos dok\u0142adnie tak samo. Dzisiaj przyje\u017cd\u017camy tutaj odpocz\u0105\u0107. Spacerujemy. Robimy zdj\u0119cia. Wracamy do Warszawy. A jeszcze niedawno dla wielu ludzi ten sam krajobraz oznacza\u0142 po prostu dom i codzienn\u0105 walk\u0119 o przetrwanie. Co zabra\u0107 na jesienny spacer? Nie mam specjalnej listy sprz\u0119tu kampingowego. Na zwyk\u0142y kampinoski spacer wystarczy naprawd\u0119 niewiele. Najwa\u017cniejsze s\u0105\u00a0dobre buty. Jesieni\u0105 po deszczu niekt\u00f3re \u015bcie\u017cki potrafi\u0105 by\u0107 bardzo mokre. Do plecaka zwykle warto wrzuci\u0107: wod\u0119, termos z kaw\u0105 albo herbat\u0105, co\u015b do jedzenia, kurtk\u0119 przeciwdeszczow\u0105, dodatkow\u0105 warstw\u0119 ubrania, telefon z na\u0142adowan\u0105 bateri\u0105, map\u0119 lub aplikacj\u0119 z tras\u0105, ma\u0142\u0105 latark\u0119 przy d\u0142u\u017cszym spacerze, aparat fotograficzny. I co\u015b s\u0142odkiego. To akurat jest punkt obowi\u0105zkowy. Czy jesieni\u0105 warto przyjecha\u0107 rano? Moim zdaniem tak. Zw\u0142aszcza je\u017celi zale\u017cy Wam na spokojnym spacerze. Rano jest mniej ludzi, a jesieni\u0105 dodatkowo mo\u017cna trafi\u0107 na mg\u0142\u0119, kt\u00f3ra potrafi ca\u0142kowicie zmieni\u0107 wygl\u0105d lasu. Przy d\u0142u\u017cszych trasach poranny start ma jeszcze jedn\u0105 zalet\u0119 \u2013 mamy wi\u0119cej czasu na spokojne przej\u015bcie ca\u0142ej trasy. Jesieni\u0105 dzie\u0144 szybko si\u0119 ko\u0144czy. Gdzie zostawi\u0107 samoch\u00f3d? To zale\u017cy od tego, kt\u00f3r\u0105 tras\u0119 wybieracie. Przed wyjazdem warto sprawdzi\u0107 dok\u0142adne miejsce startu i dost\u0119pno\u015b\u0107 parkingu. Nie zostawia\u0142abym samochodu przypadkowo na poboczu le\u015bnej drogi. Przy popularnych miejscach znajduj\u0105 si\u0119 parkingi i miejsca przeznaczone dla odwiedzaj\u0105cych Park, ale ich dost\u0119pno\u015b\u0107 mo\u017ce by\u0107 r\u00f3\u017cna. Je\u017celi planuj\u0119 d\u0142u\u017csz\u0105 tras\u0119, sprawdzam r\u00f3wnie\u017c, gdzie ko\u0144czy si\u0119 szlak i jak wr\u00f3c\u0119 do samochodu. To szczeg\u00f3lnie wa\u017cne przy trasach liniowych. Czy mo\u017cna przyjecha\u0107 do Puszczy komunikacj\u0105? Tak. Niekt\u00f3re miejsca s\u0105 dost\u0119pne komunikacj\u0105 publiczn\u0105. Dobrym punktem startowym jest na przyk\u0142ad Truskaw. Przed wyjazdem zawsze warto jednak sprawdzi\u0107 aktualny rozk\u0142ad jazdy. Zw\u0142aszcza w weekend. Bo o ile do Puszczy mo\u017cna dojecha\u0107 stosunkowo \u0142atwo, o tyle powr\u00f3t po kilku godzinach marszu nie zawsze b\u0119dzie ju\u017c tak oczywisty. Czy mo\u017cna chodzi\u0107 poza szlakami? Nie. I cho\u0107 czasami bardzo kusi, \u017ceby sprawdzi\u0107, dok\u0105d prowadzi ma\u0142a \u015bcie\u017cka odbijaj\u0105ca od g\u0142\u00f3wnego szlaku, trzeba pami\u0119ta\u0107, \u017ce jeste\u015bmy na terenie parku narodowego. Poruszamy si\u0119 po wyznaczonych trasach i respektujemy zasady obowi\u0105zuj\u0105ce w Parku. To szczeg\u00f3lnie wa\u017cne w miejscach cennych przyrodniczo. Czy mo\u017cna zabra\u0107 psa? Przed wyjazdem warto sprawdzi\u0107 zasady obowi\u0105zuj\u0105ce na konkretnej trasie. Nie wszystkie miejsca w Kampinoskim Parku Narodowym s\u0105 dost\u0119pne dla ps\u00f3w na takich samych zasadach. Je\u017celi wybieracie si\u0119 z pupilem, najlepiej zaplanowa\u0107 tras\u0119 w\u0142a\u015bnie pod tym k\u0105tem. Czy mo\u017cna spotka\u0107 \u0142osia? Tak. I je\u017celi b\u0119dziecie mieli szcz\u0119\u015bcie, by\u0107 mo\u017ce uda si\u0119 go zobaczy\u0107. Ale pami\u0119tajcie, \u017ce \u0142o\u015b nie jest atrakcj\u0105 turystyczn\u0105. To dzikie zwierz\u0119. Je\u017celi go spotkacie, zachowajcie dystans i nie pr\u00f3bujcie podchodzi\u0107 bli\u017cej tylko po to, \u017ceby zrobi\u0107 lepsze zdj\u0119cie. Czasami najlepsze zdj\u0119cie to takie, kt\u00f3rego nie uda\u0142o si\u0119 zrobi\u0107. Puszcza Kampinoska z dzie\u0107mi Kampinos bardzo dobrze nadaje si\u0119 na rodzinne spacery. Nie trzeba od razu planowa\u0107 kilkunastu kilometr\u00f3w. Dla dzieci cz\u0119sto ciekawsza b\u0119dzie kr\u00f3tka \u015bcie\u017cka, podczas kt\u00f3rej mo\u017cna zatrzyma\u0107 si\u0119 przy ka\u017cdej ka\u0142u\u017cy, poszuka\u0107 trop\u00f3w zwierz\u0105t albo sprawdzi\u0107, co ro\u015bnie przy drodze. Dlatego na pierwszy rodzinny spacer wybra\u0142abym raczej kr\u00f3tsz\u0105 \u015bcie\u017ck\u0119 ni\u017c d\u0142ug\u0105 tras\u0119. A kiedy dzieci z\u0142api\u0105 bakcyla, mo\u017cna zacz\u0105\u0107 wyd\u0142u\u017ca\u0107 wycieczki. Moje jesienne typy Je\u017celi nie chcecie czyta\u0107 ca\u0142ego artyku\u0142u i szukacie po prostu odpowiedzi na pytanie\u00a0\u201egdzie jecha\u0107 jesieni\u0105 do Kampinosu?\u201d, moja lista wygl\u0105da tak: Na spokojny jesienny spacer: Leszno \u2013 \u0141ubiec \u2013 Roztoka. Na troch\u0119 d\u0142u\u017csz\u0105 wycieczk\u0119: Roztoka \u2013 \u0141awy \u2013 Roztoka. Na spacer z histori\u0105: Broch\u00f3w \u2013 Famu\u0142ki \u2013 Sosna Powsta\u0144c\u00f3w. Na histori\u0119 dawnych mieszka\u0144c\u00f3w Puszczy: Piaski Kr\u00f3lewskie \u2013 Gorzewnica \u2013 Kromnowo. Na d\u0142ug\u0105 w\u0119dr\u00f3wk\u0119: wybrany fragment G\u0142\u00f3wnego Szlaku Puszczy Kampinoskiej. Na kr\u00f3tki spacer: jedna ze \u015bcie\u017cek spacerowych. Zobacz wszystkie moje trasy i \u015bcie\u017cki w Puszczy Kampinoskiej Puszcza Kampinoska \u2013 FAQ Jaki szlak wybra\u0107 na pierwszy spacer? Je\u017celi dopiero zaczynacie poznawa\u0107 Kampinos, wybra\u0142abym Leszno \u2013 \u0141ubiec \u2013&#8230;<\/p>\n","protected":false},"author":3,"featured_media":21366,"comment_status":"open","ping_status":"open","sticky":false,"template":"","format":"standard","meta":{"_monsterinsights_skip_tracking":false,"footnotes":""},"categories":[606,21,714,712],"tags":[1009,1106,299,24,1105,1053,1107],"class_list":["post-21361","post","type-post","status-publish","format-standard","has-post-thumbnail","hentry","category-polecane-szlaki","category-puszcza-kampinoska","category-puszcza-kampinoska-szlaki-piesze","category-szlaki","tag-historia-puszczy-kampinoskiej","tag-jesienne-spacery","tag-kampinoski-park-narodowy","tag-puszcza-kampinoska","tag-puszcza-kampinoska-jesienia","tag-szlaki-puszczy-kampinoskiej","tag-wycieczki-pod-warszawa"],"aioseo_notices":[],"aioseo_head":"\n\t\t<!-- All in One SEO 5.0.1.1 - aioseo.com -->\n\t<meta name=\"description\" content=\"Puszcza Kampinoska \u2013 moje ulubione szlaki, jesienne spacery, dawne wsie i miejsca z histori\u0105. Zobacz, gdzie warto wybra\u0107 si\u0119 na wycieczk\u0119.\" \/>\n\t<meta name=\"robots\" content=\"max-image-preview:large\" \/>\n\t<meta name=\"author\" content=\"Ania\"\/>\n\t<link rel=\"canonical\" href=\"https:\/\/bloganki.pl\/index.php\/2026\/08\/29\/puszcza-kampinoska-jesienia-szlaki-i-miejsca-ktore-polecam\/\" \/>\n\t<meta name=\"generator\" content=\"All in One SEO (AIOSEO) 5.0.1.1\" \/>\n\t\t<meta property=\"og:locale\" content=\"pl_PL\" \/>\n\t\t<meta property=\"og:site_name\" content=\"blogAnki - Zanim znikn\u0105 \u2013 historie ludzi i miejsc. O Puszczy Kampinoskiej, Podlasiu, Grecji i miejscach, kt\u00f3re maj\u0105 wi\u0119cej do opowiedzenia, ni\u017c wida\u0107 na pierwszy rzut oka.\" \/>\n\t\t<meta property=\"og:type\" content=\"article\" \/>\n\t\t<meta property=\"og:title\" content=\"Puszcza Kampinoska jesieni\u0105 \u2013 szlaki i miejsca, kt\u00f3re polecam - blogAnki\" \/>\n\t\t<meta property=\"og:description\" content=\"Puszcza Kampinoska \u2013 moje ulubione szlaki, jesienne spacery, dawne wsie i miejsca z histori\u0105. Zobacz, gdzie warto wybra\u0107 si\u0119 na wycieczk\u0119.\" \/>\n\t\t<meta property=\"og:url\" content=\"https:\/\/bloganki.pl\/index.php\/2026\/08\/29\/puszcza-kampinoska-jesienia-szlaki-i-miejsca-ktore-polecam\/\" \/>\n\t\t<meta property=\"article:published_time\" content=\"2026-08-29T18:59:49+00:00\" \/>\n\t\t<meta property=\"article:modified_time\" content=\"2026-08-30T14:51:07+00:00\" \/>\n\t\t<meta name=\"twitter:card\" content=\"summary_large_image\" \/>\n\t\t<meta name=\"twitter:title\" content=\"Puszcza Kampinoska jesieni\u0105 \u2013 szlaki i miejsca, kt\u00f3re polecam - blogAnki\" \/>\n\t\t<meta name=\"twitter:description\" content=\"Puszcza Kampinoska \u2013 moje ulubione szlaki, jesienne spacery, dawne wsie i miejsca z histori\u0105. Zobacz, gdzie warto wybra\u0107 si\u0119 na wycieczk\u0119.\" \/>\n\t\t<script type=\"application\/ld+json\" class=\"aioseo-schema\">\n\t\t\t{\"@context\":\"https:\\\/\\\/schema.org\",\"@graph\":[{\"@type\":\"BlogPosting\",\"@id\":\"https:\\\/\\\/bloganki.pl\\\/index.php\\\/2026\\\/08\\\/29\\\/puszcza-kampinoska-jesienia-szlaki-i-miejsca-ktore-polecam\\\/#blogposting\",\"name\":\"Puszcza Kampinoska jesieni\\u0105 \\u2013 szlaki i miejsca, kt\\u00f3re polecam - blogAnki\",\"headline\":\"Puszcza Kampinoska jesieni\\u0105 \\u2013 szlaki i miejsca, kt\\u00f3re polecam\",\"author\":{\"@id\":\"https:\\\/\\\/bloganki.pl\\\/index.php\\\/author\\\/admin-2\\\/#author\"},\"publisher\":{\"@id\":\"https:\\\/\\\/bloganki.pl\\\/#organization\"},\"image\":{\"@type\":\"ImageObject\",\"url\":\"https:\\\/\\\/bloganki.pl\\\/wp-content\\\/uploads\\\/2026\\\/08\\\/DSC06600.jpg\",\"width\":900,\"height\":600},\"datePublished\":\"2026-08-29T20:59:49+02:00\",\"dateModified\":\"2026-08-30T16:51:07+02:00\",\"inLanguage\":\"pl-PL\",\"mainEntityOfPage\":{\"@id\":\"https:\\\/\\\/bloganki.pl\\\/index.php\\\/2026\\\/08\\\/29\\\/puszcza-kampinoska-jesienia-szlaki-i-miejsca-ktore-polecam\\\/#webpage\"},\"isPartOf\":{\"@id\":\"https:\\\/\\\/bloganki.pl\\\/index.php\\\/2026\\\/08\\\/29\\\/puszcza-kampinoska-jesienia-szlaki-i-miejsca-ktore-polecam\\\/#webpage\"},\"articleSection\":\"Polecane szlaki, Puszcza Kampinoska, Puszcza Kampinoska, Szlaki, historia Puszczy Kampinoskiej, jesienne spacery, Kampinoski Park Narodowy, Puszcza Kampinoska, Puszcza Kampinoska jesieni\\u0105, szlaki Puszczy Kampinoskiej, wycieczki pod Warszaw\\u0105\"},{\"@type\":\"BreadcrumbList\",\"@id\":\"https:\\\/\\\/bloganki.pl\\\/index.php\\\/2026\\\/08\\\/29\\\/puszcza-kampinoska-jesienia-szlaki-i-miejsca-ktore-polecam\\\/#breadcrumblist\",\"itemListElement\":[{\"@type\":\"ListItem\",\"@id\":\"https:\\\/\\\/bloganki.pl#listItem\",\"position\":1,\"name\":\"Home\",\"item\":\"https:\\\/\\\/bloganki.pl\",\"nextItem\":{\"@type\":\"ListItem\",\"@id\":\"https:\\\/\\\/bloganki.pl\\\/index.php\\\/category\\\/puszcza-kampinoska\\\/#listItem\",\"name\":\"Puszcza Kampinoska\"}},{\"@type\":\"ListItem\",\"@id\":\"https:\\\/\\\/bloganki.pl\\\/index.php\\\/category\\\/puszcza-kampinoska\\\/#listItem\",\"position\":2,\"name\":\"Puszcza Kampinoska\",\"item\":\"https:\\\/\\\/bloganki.pl\\\/index.php\\\/category\\\/puszcza-kampinoska\\\/\",\"nextItem\":{\"@type\":\"ListItem\",\"@id\":\"https:\\\/\\\/bloganki.pl\\\/index.php\\\/category\\\/puszcza-kampinoska\\\/polecane-szlaki\\\/#listItem\",\"name\":\"Polecane szlaki\"},\"previousItem\":{\"@type\":\"ListItem\",\"@id\":\"https:\\\/\\\/bloganki.pl#listItem\",\"name\":\"Home\"}},{\"@type\":\"ListItem\",\"@id\":\"https:\\\/\\\/bloganki.pl\\\/index.php\\\/category\\\/puszcza-kampinoska\\\/polecane-szlaki\\\/#listItem\",\"position\":3,\"name\":\"Polecane szlaki\",\"item\":\"https:\\\/\\\/bloganki.pl\\\/index.php\\\/category\\\/puszcza-kampinoska\\\/polecane-szlaki\\\/\",\"nextItem\":{\"@type\":\"ListItem\",\"@id\":\"https:\\\/\\\/bloganki.pl\\\/index.php\\\/2026\\\/08\\\/29\\\/puszcza-kampinoska-jesienia-szlaki-i-miejsca-ktore-polecam\\\/#listItem\",\"name\":\"Puszcza Kampinoska jesieni\\u0105 \\u2013 szlaki i miejsca, kt\\u00f3re polecam\"},\"previousItem\":{\"@type\":\"ListItem\",\"@id\":\"https:\\\/\\\/bloganki.pl\\\/index.php\\\/category\\\/puszcza-kampinoska\\\/#listItem\",\"name\":\"Puszcza Kampinoska\"}},{\"@type\":\"ListItem\",\"@id\":\"https:\\\/\\\/bloganki.pl\\\/index.php\\\/2026\\\/08\\\/29\\\/puszcza-kampinoska-jesienia-szlaki-i-miejsca-ktore-polecam\\\/#listItem\",\"position\":4,\"name\":\"Puszcza Kampinoska jesieni\\u0105 \\u2013 szlaki i miejsca, kt\\u00f3re polecam\",\"previousItem\":{\"@type\":\"ListItem\",\"@id\":\"https:\\\/\\\/bloganki.pl\\\/index.php\\\/category\\\/puszcza-kampinoska\\\/polecane-szlaki\\\/#listItem\",\"name\":\"Polecane szlaki\"}}]},{\"@type\":\"Organization\",\"@id\":\"https:\\\/\\\/bloganki.pl\\\/#organization\",\"name\":\"bloganki\",\"description\":\"Zanim znikn\\u0105 \\u2013 historie ludzi i miejsc. O Puszczy Kampinoskiej, Podlasiu, Grecji i miejscach, kt\\u00f3re maj\\u0105 wi\\u0119cej do opowiedzenia, ni\\u017c wida\\u0107 na pierwszy rzut oka.\",\"url\":\"https:\\\/\\\/bloganki.pl\\\/\",\"logo\":{\"@type\":\"ImageObject\",\"url\":\"https:\\\/\\\/bloganki.pl\\\/wp-content\\\/uploads\\\/2024\\\/03\\\/cropped-Anna_Matela-Lubanska_Kwiecien_Zawilce.jpg\",\"@id\":\"https:\\\/\\\/bloganki.pl\\\/index.php\\\/2026\\\/08\\\/29\\\/puszcza-kampinoska-jesienia-szlaki-i-miejsca-ktore-polecam\\\/#organizationLogo\",\"width\":900,\"height\":345},\"image\":{\"@id\":\"https:\\\/\\\/bloganki.pl\\\/index.php\\\/2026\\\/08\\\/29\\\/puszcza-kampinoska-jesienia-szlaki-i-miejsca-ktore-polecam\\\/#organizationLogo\"}},{\"@type\":\"Person\",\"@id\":\"https:\\\/\\\/bloganki.pl\\\/index.php\\\/author\\\/admin-2\\\/#author\",\"url\":\"https:\\\/\\\/bloganki.pl\\\/index.php\\\/author\\\/admin-2\\\/\",\"name\":\"Ania\",\"image\":{\"@type\":\"ImageObject\",\"@id\":\"https:\\\/\\\/bloganki.pl\\\/index.php\\\/2026\\\/08\\\/29\\\/puszcza-kampinoska-jesienia-szlaki-i-miejsca-ktore-polecam\\\/#authorImage\",\"url\":\"https:\\\/\\\/secure.gravatar.com\\\/avatar\\\/b8aa08fbf2bab600d705869b5f8b83727a0486762f5f824217337056bf89a560?s=96&d=mm&r=g\",\"width\":96,\"height\":96,\"caption\":\"Ania\"}},{\"@type\":\"WebPage\",\"@id\":\"https:\\\/\\\/bloganki.pl\\\/index.php\\\/2026\\\/08\\\/29\\\/puszcza-kampinoska-jesienia-szlaki-i-miejsca-ktore-polecam\\\/#webpage\",\"url\":\"https:\\\/\\\/bloganki.pl\\\/index.php\\\/2026\\\/08\\\/29\\\/puszcza-kampinoska-jesienia-szlaki-i-miejsca-ktore-polecam\\\/\",\"name\":\"Puszcza Kampinoska jesieni\\u0105 \\u2013 szlaki i miejsca, kt\\u00f3re polecam - blogAnki\",\"description\":\"Puszcza Kampinoska \\u2013 moje ulubione szlaki, jesienne spacery, dawne wsie i miejsca z histori\\u0105. Zobacz, gdzie warto wybra\\u0107 si\\u0119 na wycieczk\\u0119.\",\"inLanguage\":\"pl-PL\",\"isPartOf\":{\"@id\":\"https:\\\/\\\/bloganki.pl\\\/#website\"},\"breadcrumb\":{\"@id\":\"https:\\\/\\\/bloganki.pl\\\/index.php\\\/2026\\\/08\\\/29\\\/puszcza-kampinoska-jesienia-szlaki-i-miejsca-ktore-polecam\\\/#breadcrumblist\"},\"author\":{\"@id\":\"https:\\\/\\\/bloganki.pl\\\/index.php\\\/author\\\/admin-2\\\/#author\"},\"creator\":{\"@id\":\"https:\\\/\\\/bloganki.pl\\\/index.php\\\/author\\\/admin-2\\\/#author\"},\"image\":{\"@type\":\"ImageObject\",\"url\":\"https:\\\/\\\/bloganki.pl\\\/wp-content\\\/uploads\\\/2026\\\/08\\\/DSC06600.jpg\",\"@id\":\"https:\\\/\\\/bloganki.pl\\\/index.php\\\/2026\\\/08\\\/29\\\/puszcza-kampinoska-jesienia-szlaki-i-miejsca-ktore-polecam\\\/#mainImage\",\"width\":900,\"height\":600},\"primaryImageOfPage\":{\"@id\":\"https:\\\/\\\/bloganki.pl\\\/index.php\\\/2026\\\/08\\\/29\\\/puszcza-kampinoska-jesienia-szlaki-i-miejsca-ktore-polecam\\\/#mainImage\"},\"datePublished\":\"2026-08-29T20:59:49+02:00\",\"dateModified\":\"2026-08-30T16:51:07+02:00\"},{\"@type\":\"WebSite\",\"@id\":\"https:\\\/\\\/bloganki.pl\\\/#website\",\"url\":\"https:\\\/\\\/bloganki.pl\\\/\",\"name\":\"bloganki\",\"description\":\"Zanim znikn\\u0105 \\u2013 historie ludzi i miejsc. O Puszczy Kampinoskiej, Podlasiu, Grecji i miejscach, kt\\u00f3re maj\\u0105 wi\\u0119cej do opowiedzenia, ni\\u017c wida\\u0107 na pierwszy rzut oka.\",\"inLanguage\":\"pl-PL\",\"publisher\":{\"@id\":\"https:\\\/\\\/bloganki.pl\\\/#organization\"}}]}\n\t\t<\/script>\n\t\t<!-- All in One SEO -->\n\n","aioseo_head_json":{"title":"Puszcza Kampinoska jesieni\u0105 \u2013 szlaki i miejsca, kt\u00f3re polecam - blogAnki","description":"Puszcza Kampinoska \u2013 moje ulubione szlaki, jesienne spacery, dawne wsie i miejsca z histori\u0105. Zobacz, gdzie warto wybra\u0107 si\u0119 na wycieczk\u0119.","canonical_url":"https:\/\/bloganki.pl\/index.php\/2026\/08\/29\/puszcza-kampinoska-jesienia-szlaki-i-miejsca-ktore-polecam\/","robots":"max-image-preview:large","keywords":"","webmasterTools":{"miscellaneous":""},"schema":{"@context":"https:\/\/schema.org","@graph":[{"@type":"BlogPosting","@id":"https:\/\/bloganki.pl\/index.php\/2026\/08\/29\/puszcza-kampinoska-jesienia-szlaki-i-miejsca-ktore-polecam\/#blogposting","name":"Puszcza Kampinoska jesieni\u0105 \u2013 szlaki i miejsca, kt\u00f3re polecam - blogAnki","headline":"Puszcza Kampinoska jesieni\u0105 \u2013 szlaki i miejsca, kt\u00f3re polecam","author":{"@id":"https:\/\/bloganki.pl\/index.php\/author\/admin-2\/#author"},"publisher":{"@id":"https:\/\/bloganki.pl\/#organization"},"image":{"@type":"ImageObject","url":"https:\/\/bloganki.pl\/wp-content\/uploads\/2026\/08\/DSC06600.jpg","width":900,"height":600},"datePublished":"2026-08-29T20:59:49+02:00","dateModified":"2026-08-30T16:51:07+02:00","inLanguage":"pl-PL","mainEntityOfPage":{"@id":"https:\/\/bloganki.pl\/index.php\/2026\/08\/29\/puszcza-kampinoska-jesienia-szlaki-i-miejsca-ktore-polecam\/#webpage"},"isPartOf":{"@id":"https:\/\/bloganki.pl\/index.php\/2026\/08\/29\/puszcza-kampinoska-jesienia-szlaki-i-miejsca-ktore-polecam\/#webpage"},"articleSection":"Polecane szlaki, Puszcza Kampinoska, Puszcza Kampinoska, Szlaki, historia Puszczy Kampinoskiej, jesienne spacery, Kampinoski Park Narodowy, Puszcza Kampinoska, Puszcza Kampinoska jesieni\u0105, szlaki Puszczy Kampinoskiej, wycieczki pod Warszaw\u0105"},{"@type":"BreadcrumbList","@id":"https:\/\/bloganki.pl\/index.php\/2026\/08\/29\/puszcza-kampinoska-jesienia-szlaki-i-miejsca-ktore-polecam\/#breadcrumblist","itemListElement":[{"@type":"ListItem","@id":"https:\/\/bloganki.pl#listItem","position":1,"name":"Home","item":"https:\/\/bloganki.pl","nextItem":{"@type":"ListItem","@id":"https:\/\/bloganki.pl\/index.php\/category\/puszcza-kampinoska\/#listItem","name":"Puszcza Kampinoska"}},{"@type":"ListItem","@id":"https:\/\/bloganki.pl\/index.php\/category\/puszcza-kampinoska\/#listItem","position":2,"name":"Puszcza Kampinoska","item":"https:\/\/bloganki.pl\/index.php\/category\/puszcza-kampinoska\/","nextItem":{"@type":"ListItem","@id":"https:\/\/bloganki.pl\/index.php\/category\/puszcza-kampinoska\/polecane-szlaki\/#listItem","name":"Polecane szlaki"},"previousItem":{"@type":"ListItem","@id":"https:\/\/bloganki.pl#listItem","name":"Home"}},{"@type":"ListItem","@id":"https:\/\/bloganki.pl\/index.php\/category\/puszcza-kampinoska\/polecane-szlaki\/#listItem","position":3,"name":"Polecane szlaki","item":"https:\/\/bloganki.pl\/index.php\/category\/puszcza-kampinoska\/polecane-szlaki\/","nextItem":{"@type":"ListItem","@id":"https:\/\/bloganki.pl\/index.php\/2026\/08\/29\/puszcza-kampinoska-jesienia-szlaki-i-miejsca-ktore-polecam\/#listItem","name":"Puszcza Kampinoska jesieni\u0105 \u2013 szlaki i miejsca, kt\u00f3re polecam"},"previousItem":{"@type":"ListItem","@id":"https:\/\/bloganki.pl\/index.php\/category\/puszcza-kampinoska\/#listItem","name":"Puszcza Kampinoska"}},{"@type":"ListItem","@id":"https:\/\/bloganki.pl\/index.php\/2026\/08\/29\/puszcza-kampinoska-jesienia-szlaki-i-miejsca-ktore-polecam\/#listItem","position":4,"name":"Puszcza Kampinoska jesieni\u0105 \u2013 szlaki i miejsca, kt\u00f3re polecam","previousItem":{"@type":"ListItem","@id":"https:\/\/bloganki.pl\/index.php\/category\/puszcza-kampinoska\/polecane-szlaki\/#listItem","name":"Polecane szlaki"}}]},{"@type":"Organization","@id":"https:\/\/bloganki.pl\/#organization","name":"bloganki","description":"Zanim znikn\u0105 \u2013 historie ludzi i miejsc. O Puszczy Kampinoskiej, Podlasiu, Grecji i miejscach, kt\u00f3re maj\u0105 wi\u0119cej do opowiedzenia, ni\u017c wida\u0107 na pierwszy rzut oka.","url":"https:\/\/bloganki.pl\/","logo":{"@type":"ImageObject","url":"https:\/\/bloganki.pl\/wp-content\/uploads\/2024\/03\/cropped-Anna_Matela-Lubanska_Kwiecien_Zawilce.jpg","@id":"https:\/\/bloganki.pl\/index.php\/2026\/08\/29\/puszcza-kampinoska-jesienia-szlaki-i-miejsca-ktore-polecam\/#organizationLogo","width":900,"height":345},"image":{"@id":"https:\/\/bloganki.pl\/index.php\/2026\/08\/29\/puszcza-kampinoska-jesienia-szlaki-i-miejsca-ktore-polecam\/#organizationLogo"}},{"@type":"Person","@id":"https:\/\/bloganki.pl\/index.php\/author\/admin-2\/#author","url":"https:\/\/bloganki.pl\/index.php\/author\/admin-2\/","name":"Ania","image":{"@type":"ImageObject","@id":"https:\/\/bloganki.pl\/index.php\/2026\/08\/29\/puszcza-kampinoska-jesienia-szlaki-i-miejsca-ktore-polecam\/#authorImage","url":"https:\/\/secure.gravatar.com\/avatar\/b8aa08fbf2bab600d705869b5f8b83727a0486762f5f824217337056bf89a560?s=96&d=mm&r=g","width":96,"height":96,"caption":"Ania"}},{"@type":"WebPage","@id":"https:\/\/bloganki.pl\/index.php\/2026\/08\/29\/puszcza-kampinoska-jesienia-szlaki-i-miejsca-ktore-polecam\/#webpage","url":"https:\/\/bloganki.pl\/index.php\/2026\/08\/29\/puszcza-kampinoska-jesienia-szlaki-i-miejsca-ktore-polecam\/","name":"Puszcza Kampinoska jesieni\u0105 \u2013 szlaki i miejsca, kt\u00f3re polecam - blogAnki","description":"Puszcza Kampinoska \u2013 moje ulubione szlaki, jesienne spacery, dawne wsie i miejsca z histori\u0105. Zobacz, gdzie warto wybra\u0107 si\u0119 na wycieczk\u0119.","inLanguage":"pl-PL","isPartOf":{"@id":"https:\/\/bloganki.pl\/#website"},"breadcrumb":{"@id":"https:\/\/bloganki.pl\/index.php\/2026\/08\/29\/puszcza-kampinoska-jesienia-szlaki-i-miejsca-ktore-polecam\/#breadcrumblist"},"author":{"@id":"https:\/\/bloganki.pl\/index.php\/author\/admin-2\/#author"},"creator":{"@id":"https:\/\/bloganki.pl\/index.php\/author\/admin-2\/#author"},"image":{"@type":"ImageObject","url":"https:\/\/bloganki.pl\/wp-content\/uploads\/2026\/08\/DSC06600.jpg","@id":"https:\/\/bloganki.pl\/index.php\/2026\/08\/29\/puszcza-kampinoska-jesienia-szlaki-i-miejsca-ktore-polecam\/#mainImage","width":900,"height":600},"primaryImageOfPage":{"@id":"https:\/\/bloganki.pl\/index.php\/2026\/08\/29\/puszcza-kampinoska-jesienia-szlaki-i-miejsca-ktore-polecam\/#mainImage"},"datePublished":"2026-08-29T20:59:49+02:00","dateModified":"2026-08-30T16:51:07+02:00"},{"@type":"WebSite","@id":"https:\/\/bloganki.pl\/#website","url":"https:\/\/bloganki.pl\/","name":"bloganki","description":"Zanim znikn\u0105 \u2013 historie ludzi i miejsc. O Puszczy Kampinoskiej, Podlasiu, Grecji i miejscach, kt\u00f3re maj\u0105 wi\u0119cej do opowiedzenia, ni\u017c wida\u0107 na pierwszy rzut oka.","inLanguage":"pl-PL","publisher":{"@id":"https:\/\/bloganki.pl\/#organization"}}]},"og:locale":"pl_PL","og:site_name":"blogAnki - Zanim znikn\u0105 \u2013 historie ludzi i miejsc. O Puszczy Kampinoskiej, Podlasiu, Grecji i miejscach, kt\u00f3re maj\u0105 wi\u0119cej do opowiedzenia, ni\u017c wida\u0107 na pierwszy rzut oka.","og:type":"article","og:title":"Puszcza Kampinoska jesieni\u0105 \u2013 szlaki i miejsca, kt\u00f3re polecam - blogAnki","og:description":"Puszcza Kampinoska \u2013 moje ulubione szlaki, jesienne spacery, dawne wsie i miejsca z histori\u0105. Zobacz, gdzie warto wybra\u0107 si\u0119 na wycieczk\u0119.","og:url":"https:\/\/bloganki.pl\/index.php\/2026\/08\/29\/puszcza-kampinoska-jesienia-szlaki-i-miejsca-ktore-polecam\/","article:published_time":"2026-08-29T18:59:49+00:00","article:modified_time":"2026-08-30T14:51:07+00:00","twitter:card":"summary_large_image","twitter:title":"Puszcza Kampinoska jesieni\u0105 \u2013 szlaki i miejsca, kt\u00f3re polecam - blogAnki","twitter:description":"Puszcza Kampinoska \u2013 moje ulubione szlaki, jesienne spacery, dawne wsie i miejsca z histori\u0105. Zobacz, gdzie warto wybra\u0107 si\u0119 na wycieczk\u0119."},"aioseo_meta_data":{"post_id":"21361","title":null,"description":"Puszcza Kampinoska \u2013 moje ulubione szlaki, jesienne spacery, dawne wsie i miejsca z histori\u0105. Zobacz, gdzie warto wybra\u0107 si\u0119 na wycieczk\u0119.","keywords":null,"keyphrases":{"focus":{"keyphrase":"","score":0,"analysis":{"keyphraseInTitle":{"score":0,"maxScore":9,"error":1}}},"additional":[]},"primary_term":null,"canonical_url":null,"og_title":null,"og_description":null,"og_object_type":"default","og_image_type":"default","og_image_url":null,"og_image_width":null,"og_image_height":null,"og_image_custom_url":null,"og_image_custom_fields":null,"og_video":"","og_custom_url":null,"og_article_section":null,"og_article_tags":null,"twitter_use_og":false,"twitter_card":"default","twitter_image_type":"default","twitter_image_url":null,"twitter_image_custom_url":null,"twitter_image_custom_fields":null,"twitter_title":null,"twitter_description":null,"schema":{"blockGraphs":[],"customGraphs":[],"default":{"data":{"Article":[],"Course":[],"Dataset":[],"FAQPage":[],"Movie":[],"Person":[],"Product":[],"ProductReview":[],"Car":[],"Recipe":[],"Service":[],"SoftwareApplication":[],"WebPage":[]},"graphName":"BlogPosting","isEnabled":true},"graphs":[]},"schema_type":"default","schema_type_options":null,"pillar_content":false,"robots_default":true,"robots_noindex":false,"robots_noarchive":false,"robots_nosnippet":false,"robots_nofollow":false,"robots_noimageindex":false,"robots_noodp":false,"robots_notranslate":false,"robots_max_snippet":"-1","robots_max_videopreview":"-1","robots_max_imagepreview":"large","priority":null,"frequency":"default","local_seo":null,"breadcrumb_settings":null,"limit_modified_date":false,"ai":{"faqs":[],"keyPoints":[],"schemas":[],"titles":[],"descriptions":[],"socialPosts":{"email":{"subject":"","preview":"","content":""},"linkedin":[],"twitter":[],"facebook":[],"instagram":[]}},"created":"2026-08-28 18:36:13","updated":"2026-08-30 15:51:17","seo_analyzer_scan_date":null,"focus_keyword":null,"additional_keywords":null,"truseo_locale":null},"aioseo_breadcrumb":"<div class=\"aioseo-breadcrumbs\"><span class=\"aioseo-breadcrumb\">\n\t\t\t<a href=\"https:\/\/bloganki.pl\" title=\"Home\">Home<\/a>\n\t\t<\/span><span class=\"aioseo-breadcrumb-separator\">&raquo;<\/span><span class=\"aioseo-breadcrumb\">\n\t\t\t<a href=\"https:\/\/bloganki.pl\/index.php\/category\/puszcza-kampinoska\/\" title=\"Puszcza Kampinoska\">Puszcza Kampinoska<\/a>\n\t\t<\/span><span class=\"aioseo-breadcrumb-separator\">&raquo;<\/span><span class=\"aioseo-breadcrumb\">\n\t\t\t<a href=\"https:\/\/bloganki.pl\/index.php\/category\/puszcza-kampinoska\/polecane-szlaki\/\" title=\"Polecane szlaki\">Polecane szlaki<\/a>\n\t\t<\/span><span class=\"aioseo-breadcrumb-separator\">&raquo;<\/span><span class=\"aioseo-breadcrumb\">\n\t\t\tPuszcza Kampinoska jesieni\u0105 \u2013 szlaki i miejsca, kt\u00f3re polecam\n\t\t<\/span><\/div>","aioseo_breadcrumb_json":[{"label":"Home","link":"https:\/\/bloganki.pl"},{"label":"Puszcza Kampinoska","link":"https:\/\/bloganki.pl\/index.php\/category\/puszcza-kampinoska\/"},{"label":"Polecane szlaki","link":"https:\/\/bloganki.pl\/index.php\/category\/puszcza-kampinoska\/polecane-szlaki\/"},{"label":"Puszcza Kampinoska jesieni\u0105 \u2013 szlaki i miejsca, kt\u00f3re polecam","link":"https:\/\/bloganki.pl\/index.php\/2026\/08\/29\/puszcza-kampinoska-jesienia-szlaki-i-miejsca-ktore-polecam\/"}],"acf":[],"_links":{"self":[{"href":"https:\/\/bloganki.pl\/index.php\/wp-json\/wp\/v2\/posts\/21361","targetHints":{"allow":["GET"]}}],"collection":[{"href":"https:\/\/bloganki.pl\/index.php\/wp-json\/wp\/v2\/posts"}],"about":[{"href":"https:\/\/bloganki.pl\/index.php\/wp-json\/wp\/v2\/types\/post"}],"author":[{"embeddable":true,"href":"https:\/\/bloganki.pl\/index.php\/wp-json\/wp\/v2\/users\/3"}],"replies":[{"embeddable":true,"href":"https:\/\/bloganki.pl\/index.php\/wp-json\/wp\/v2\/comments?post=21361"}],"version-history":[{"count":8,"href":"https:\/\/bloganki.pl\/index.php\/wp-json\/wp\/v2\/posts\/21361\/revisions"}],"predecessor-version":[{"id":21425,"href":"https:\/\/bloganki.pl\/index.php\/wp-json\/wp\/v2\/posts\/21361\/revisions\/21425"}],"wp:featuredmedia":[{"embeddable":true,"href":"https:\/\/bloganki.pl\/index.php\/wp-json\/wp\/v2\/media\/21366"}],"wp:attachment":[{"href":"https:\/\/bloganki.pl\/index.php\/wp-json\/wp\/v2\/media?parent=21361"}],"wp:term":[{"taxonomy":"category","embeddable":true,"href":"https:\/\/bloganki.pl\/index.php\/wp-json\/wp\/v2\/categories?post=21361"},{"taxonomy":"post_tag","embeddable":true,"href":"https:\/\/bloganki.pl\/index.php\/wp-json\/wp\/v2\/tags?post=21361"}],"curies":[{"name":"wp","href":"https:\/\/api.w.org\/{rel}","templated":true}]}}