{"id":21608,"date":"2026-09-05T20:00:32","date_gmt":"2026-09-05T18:00:32","guid":{"rendered":"https:\/\/bloganki.pl\/?p=21608"},"modified":"2026-09-05T20:01:27","modified_gmt":"2026-09-05T18:01:27","slug":"szlak-nr-15-na-andros-z-gavrio-przez-ano-agios-petros-do-plazy-agios-petros","status":"publish","type":"post","link":"https:\/\/bloganki.pl\/index.php\/2026\/09\/05\/szlak-nr-15-na-andros-z-gavrio-przez-ano-agios-petros-do-plazy-agios-petros\/","title":{"rendered":"Szlak nr 15 na Andros \u2013 z Gavrio przez Ano Agios Petros do pla\u017cy Agios Petros."},"content":{"rendered":"<p><span style=\"color: #2f2f5e;\">Moja podr\u00f3\u017c na Andros zacz\u0119\u0142a si\u0119 od op\u00f3\u017anienia promu.<\/span><\/p>\n<p><span style=\"color: #2f2f5e;\">Prom z Aten, a dok\u0142adniej z portu w Rafinie, mia\u0142 wyp\u0142yn\u0105\u0107 o godzinie 14:00. Ostatecznie jednak odp\u0142yn\u0105\u0142 dopiero po 15:00,\u00a0<strong>z ponad godzinnym op\u00f3\u017anieniem<\/strong>.<\/span><\/p>\n<p><span style=\"color: #2f2f5e;\">Niby niewiele, ale kiedy ma si\u0119 ju\u017c plan na pierwszy dzie\u0144 na wyspie, ka\u017cda minuta zaczyna mie\u0107 znaczenie.<\/span><\/p>\n<p><span style=\"color: #2f2f5e;\">Od razu zacz\u0119\u0142am si\u0119 zastanawia\u0107, czy przez to op\u00f3\u017anienie nie strac\u0119 ca\u0142ego popo\u0142udnia.<\/span><\/p>\n<p><span style=\"color: #2f2f5e;\">Bardzo chcia\u0142am jeszcze tego samego dnia wyj\u015b\u0107 na szlak.<\/span><\/p>\n<p><span style=\"color: #2f2f5e;\">Nie mia\u0142am ochoty sp\u0119dzi\u0107 pierwszego dnia na Andros tylko na doje\u017adzie do noclegu i rozpakowywaniu rzeczy.<\/span><\/p>\n<p><span style=\"color: #2f2f5e;\">Na szcz\u0119\u015bcie wszystko potoczy\u0142o si\u0119 po mojej my\u015bli.<\/span><\/p>\n<p><span style=\"color: #2f2f5e;\">W ko\u0144cu dop\u0142yn\u0119\u0142am na Andros i mog\u0142am rozpocz\u0105\u0107 m\u00f3j pi\u0119ciodniowy pobyt na wyspie.<\/span><\/p>\n<h2><span style=\"color: #2f2f5e;\">Gavrio \u2013 moja baza na pi\u0119\u0107 dni<\/span><\/h2>\n<p><span style=\"color: #2f2f5e;\">Na Andros zatrzyma\u0142am si\u0119 na pi\u0119\u0107 dni, a moj\u0105 baz\u0105 by\u0142o\u00a0<strong>Gavrio<\/strong>.<\/span><\/p>\n<p><span style=\"color: #2f2f5e;\">To w\u0142a\u015bnie tutaj przyp\u0142ywa prom i dla wielu os\u00f3b jest to pierwsze miejsce, kt\u00f3re widz\u0105 po przybyciu na wysp\u0119.<\/span><\/p>\n<p><span style=\"color: #2f2f5e;\">Dla mnie Gavrio sta\u0142o si\u0119 jednak czym\u015b wi\u0119cej ni\u017c tylko portem.<\/span><\/p>\n<p><span style=\"color: #2f2f5e;\">Przez kilka dni mog\u0142am spokojnie poznawa\u0107 okolic\u0119, zagl\u0105da\u0107 do ma\u0142ych miejscowo\u015bci, odkrywa\u0107 pla\u017ce i oczywi\u015bcie chodzi\u0107 po szlakach.<\/span><\/p>\n<p><span style=\"color: #2f2f5e;\">Bo Andros najlepiej poznaje mi si\u0119 w\u0142a\u015bnie pieszo.<\/span><\/p>\n<p><span style=\"color: #2f2f5e;\">Mo\u017cna oczywi\u015bcie wynaj\u0105\u0107 samoch\u00f3d, objecha\u0107 najwa\u017cniejsze miejsca, zatrzyma\u0107 si\u0119 na kilku pla\u017cach i zrobi\u0107 zdj\u0119cia.<\/span><\/p>\n<p><span style=\"color: #2f2f5e;\">Ale wtedy \u0142atwo przegapi\u0107 to, co na Andros lubi\u0119 najbardziej.<\/span><\/p>\n<p><span style=\"color: #2f2f5e;\">Ma\u0142e \u015bcie\u017cki.<\/span><\/p>\n<p><span style=\"color: #2f2f5e;\">Kamienne murki.<\/span><\/p>\n<p><span style=\"color: #2f2f5e;\">Stare domy.<\/span><\/p>\n<p><span style=\"color: #2f2f5e;\">Kozy pas\u0105ce si\u0119 gdzie\u015b na zboczu.<\/span><\/p>\n<p><span style=\"color: #2f2f5e;\">Zapach zi\u00f3\u0142 rozgrzanych s\u0142o\u0144cem.<\/span><\/p>\n<p><span style=\"color: #2f2f5e;\">I widok morza pojawiaj\u0105cy si\u0119 nagle pomi\u0119dzy wzg\u00f3rzami.<\/span><\/p>\n<p><span style=\"color: #2f2f5e;\">Podczas mojego pi\u0119ciodniowego pobytu chcia\u0142am zobaczy\u0107 wysp\u0119 z r\u00f3\u017cnych stron, dlatego jednego z dni wybra\u0142am si\u0119 na\u00a0<strong>szlak nr 15<\/strong>.<\/span><\/p>\n<p><span style=\"color: #2f2f5e;\">Trasa zaczyna si\u0119 w Gavrio i prowadzi przez\u00a0<strong>Ano Agios Petros<\/strong>\u00a0do starej wie\u017cy, a nast\u0119pnie schodzi w kierunku\u00a0<strong>pla\u017cy Agios Petros<\/strong>.<\/span><\/p>\n<p><span style=\"color: #2f2f5e;\">Na ko\u0144cu czeka mnie jeszcze spacer wzd\u0142u\u017c morza i powr\u00f3t do Gavrio.<\/span><\/p>\n<p><span style=\"color: #2f2f5e;\">Ca\u0142a p\u0119tla ma oko\u0142o\u00a0<strong>8 kilometr\u00f3w<\/strong>.<\/span><\/p>\n<p><span style=\"color: #2f2f5e;\">Nie jest to wi\u0119c d\u0142uga trasa.<\/span><\/p>\n<p><span style=\"color: #2f2f5e;\">Ale na Andros ju\u017c dawno przesta\u0142am patrze\u0107 na kilometry.<\/span><\/p>\n<p><span style=\"color: #2f2f5e;\">Tutaj wa\u017cniejsze jest to, co znajduje si\u0119 po drodze.<\/span><\/p>\n<figure id=\"attachment_21613\" aria-describedby=\"caption-attachment-21613\" style=\"width: 900px\" class=\"wp-caption aligncenter\"><img fetchpriority=\"high\" decoding=\"async\" class=\"wp-image-21613 size-full\" src=\"https:\/\/bloganki.pl\/wp-content\/uploads\/2026\/09\/20260823_170154.jpg\" alt=\"\" width=\"900\" height=\"675\" srcset=\"https:\/\/bloganki.pl\/wp-content\/uploads\/2026\/09\/20260823_170154.jpg 900w, https:\/\/bloganki.pl\/wp-content\/uploads\/2026\/09\/20260823_170154-300x225.jpg 300w, https:\/\/bloganki.pl\/wp-content\/uploads\/2026\/09\/20260823_170154-768x576.jpg 768w\" sizes=\"(max-width: 900px) 100vw, 900px\" \/><figcaption id=\"caption-attachment-21613\" class=\"wp-caption-text\"><\/span> <span style=\"color: #2f2f5e;\">Gavrio &#8211; na wyspie Andros.<\/span><\/figcaption><\/figure>\n<p>&nbsp;<\/p>\n<figure id=\"attachment_21614\" aria-describedby=\"caption-attachment-21614\" style=\"width: 900px\" class=\"wp-caption aligncenter\"><img decoding=\"async\" class=\"wp-image-21614 size-full\" src=\"https:\/\/bloganki.pl\/wp-content\/uploads\/2026\/09\/20260823_172344.jpg\" alt=\"\" width=\"900\" height=\"675\" srcset=\"https:\/\/bloganki.pl\/wp-content\/uploads\/2026\/09\/20260823_172344.jpg 900w, https:\/\/bloganki.pl\/wp-content\/uploads\/2026\/09\/20260823_172344-300x225.jpg 300w, https:\/\/bloganki.pl\/wp-content\/uploads\/2026\/09\/20260823_172344-768x576.jpg 768w\" sizes=\"(max-width: 900px) 100vw, 900px\" \/><figcaption id=\"caption-attachment-21614\" class=\"wp-caption-text\"><\/span> <span style=\"color: #2f2f5e;\">Gavrio &#8211; na wyspie Andros.<\/span><\/figcaption><\/figure>\n<p><span style=\"color: #2f2f5e;\">\u00a0<\/span><\/p>\n<figure id=\"attachment_21615\" aria-describedby=\"caption-attachment-21615\" style=\"width: 900px\" class=\"wp-caption aligncenter\"><img decoding=\"async\" class=\"wp-image-21615 size-full\" src=\"https:\/\/bloganki.pl\/wp-content\/uploads\/2026\/09\/20260823_172407.jpg\" alt=\"\" width=\"900\" height=\"675\" srcset=\"https:\/\/bloganki.pl\/wp-content\/uploads\/2026\/09\/20260823_172407.jpg 900w, https:\/\/bloganki.pl\/wp-content\/uploads\/2026\/09\/20260823_172407-300x225.jpg 300w, https:\/\/bloganki.pl\/wp-content\/uploads\/2026\/09\/20260823_172407-768x576.jpg 768w\" sizes=\"(max-width: 900px) 100vw, 900px\" \/><figcaption id=\"caption-attachment-21615\" class=\"wp-caption-text\"><\/span> <span style=\"color: #2f2f5e;\">Gavrio &#8211; na wyspie Andros.<\/span><\/figcaption><\/figure>\n<h2><span style=\"color: #2f2f5e;\">Gavrio \u2013 tutaj zaczynam w\u0119dr\u00f3wk\u0119<\/span><\/h2>\n<p><span style=\"color: #2f2f5e;\">Poniewa\u017c przez pi\u0119\u0107 dni mieszkam w\u0142a\u015bnie w Gavrio, tym razem nie musz\u0119 nigdzie doje\u017cd\u017ca\u0107.<\/span><\/p>\n<p><span style=\"color: #2f2f5e;\">Po prostu wychodz\u0119 i ruszam na szlak.<\/span><\/p>\n<p><span style=\"color: #2f2f5e;\">To bardzo lubi\u0119 podczas podr\u00f3\u017cy \u2013 kiedy miejsce, w kt\u00f3rym nocuj\u0119, staje si\u0119 pocz\u0105tkiem kolejnej przygody.<\/span><\/p>\n<p><span style=\"color: #2f2f5e;\">Gavrio znam ju\u017c troch\u0119 lepiej. Wiem, gdzie jest port, gdzie mo\u017cna kupi\u0107 co\u015b do jedzenia i kt\u00f3r\u0119dy prowadz\u0105 drogi w kierunku okolicznych miejscowo\u015bci.<\/span><\/p>\n<p><span style=\"color: #2f2f5e;\">Tego dnia jednak zostawiam za sob\u0105 port i ruszam w kierunku Ano Agios Petros.<\/span><\/p>\n<figure id=\"attachment_21616\" aria-describedby=\"caption-attachment-21616\" style=\"width: 900px\" class=\"wp-caption aligncenter\"><img loading=\"lazy\" decoding=\"async\" class=\"wp-image-21616 size-full\" src=\"https:\/\/bloganki.pl\/wp-content\/uploads\/2026\/09\/20260823_172924.jpg\" alt=\"\" width=\"900\" height=\"675\" srcset=\"https:\/\/bloganki.pl\/wp-content\/uploads\/2026\/09\/20260823_172924.jpg 900w, https:\/\/bloganki.pl\/wp-content\/uploads\/2026\/09\/20260823_172924-300x225.jpg 300w, https:\/\/bloganki.pl\/wp-content\/uploads\/2026\/09\/20260823_172924-768x576.jpg 768w\" sizes=\"(max-width: 900px) 100vw, 900px\" \/><figcaption id=\"caption-attachment-21616\" class=\"wp-caption-text\"><\/span> <span style=\"color: #2f2f5e;\">Kaplica &#8211; szlak numer 15 w okolicach Gavrio (Andros).<\/span><\/figcaption><\/figure>\n<figure id=\"attachment_21617\" aria-describedby=\"caption-attachment-21617\" style=\"width: 900px\" class=\"wp-caption aligncenter\"><img loading=\"lazy\" decoding=\"async\" class=\"wp-image-21617 size-full\" src=\"https:\/\/bloganki.pl\/wp-content\/uploads\/2026\/09\/20260823_173334.jpg\" alt=\"\" width=\"900\" height=\"675\" srcset=\"https:\/\/bloganki.pl\/wp-content\/uploads\/2026\/09\/20260823_173334.jpg 900w, https:\/\/bloganki.pl\/wp-content\/uploads\/2026\/09\/20260823_173334-300x225.jpg 300w, https:\/\/bloganki.pl\/wp-content\/uploads\/2026\/09\/20260823_173334-768x576.jpg 768w\" sizes=\"(max-width: 900px) 100vw, 900px\" \/><figcaption id=\"caption-attachment-21617\" class=\"wp-caption-text\"><\/span> <span style=\"color: #2f2f5e;\">Szlak numer 15 w okolicach Gavrio (Andros).<\/span><\/figcaption><\/figure>\n<p><span style=\"color: #2f2f5e;\">Na pocz\u0105tku trasa prowadzi drog\u0105 w kierunku Ano Gavrio. Po oko\u0142o 1,5 kilometra, przy niewielkiej kaplicy Panagitsa, schodz\u0119 na w\u0142a\u015bciw\u0105 \u015bcie\u017ck\u0119 szlaku nr 15.<\/span><\/p>\n<p><span style=\"color: #2f2f5e;\">I tutaj zaczyna si\u0119 prawdziwa w\u0119dr\u00f3wka.<\/span><\/p>\n<p><span style=\"color: #2f2f5e;\">Przede mn\u0105 podej\u015bcie.<\/span><\/p>\n<p><span style=\"color: #2f2f5e;\">Nie jest mo\u017ce bardzo wymagaj\u0105ce, ale szybko przypominam sobie, \u017ce Andros zdecydowanie nie jest p\u0142ask\u0105 wysp\u0105.<\/span><\/p>\n<p><span style=\"color: #2f2f5e;\">Morze zostaje za mn\u0105, a ja zaczynam zdobywa\u0107 wysoko\u015b\u0107.<\/span><\/p>\n<p><span style=\"color: #2f2f5e;\">Co chwil\u0119 odwracam si\u0119 jednak, \u017ceby spojrze\u0107 za siebie.<\/span><\/p>\n<p><span style=\"color: #2f2f5e;\">I dobrze, \u017ce to robi\u0119.<\/span><\/p>\n<p><span style=\"color: #2f2f5e;\">Im wy\u017cej jestem, tym pi\u0119kniej wida\u0107 Gavrio i morze.<\/span><\/p>\n<figure id=\"attachment_21619\" aria-describedby=\"caption-attachment-21619\" style=\"width: 900px\" class=\"wp-caption aligncenter\"><img loading=\"lazy\" decoding=\"async\" class=\"wp-image-21619 size-full\" src=\"https:\/\/bloganki.pl\/wp-content\/uploads\/2026\/09\/20260823_174651.jpg\" alt=\"\" width=\"900\" height=\"675\" srcset=\"https:\/\/bloganki.pl\/wp-content\/uploads\/2026\/09\/20260823_174651.jpg 900w, https:\/\/bloganki.pl\/wp-content\/uploads\/2026\/09\/20260823_174651-300x225.jpg 300w, https:\/\/bloganki.pl\/wp-content\/uploads\/2026\/09\/20260823_174651-768x576.jpg 768w\" sizes=\"(max-width: 900px) 100vw, 900px\" \/><figcaption id=\"caption-attachment-21619\" class=\"wp-caption-text\"><\/span> <span style=\"color: #2f2f5e;\">Szlak nr 15 na Andros \u2013 z Gavrio przez Ano Agios Petros do pla\u017cy Agios Petros.<\/span><\/figcaption><\/figure>\n<figure id=\"attachment_21620\" aria-describedby=\"caption-attachment-21620\" style=\"width: 900px\" class=\"wp-caption aligncenter\"><img loading=\"lazy\" decoding=\"async\" class=\"wp-image-21620 size-full\" src=\"https:\/\/bloganki.pl\/wp-content\/uploads\/2026\/09\/20260823_175023.jpg\" alt=\"\" width=\"900\" height=\"675\" srcset=\"https:\/\/bloganki.pl\/wp-content\/uploads\/2026\/09\/20260823_175023.jpg 900w, https:\/\/bloganki.pl\/wp-content\/uploads\/2026\/09\/20260823_175023-300x225.jpg 300w, https:\/\/bloganki.pl\/wp-content\/uploads\/2026\/09\/20260823_175023-768x576.jpg 768w\" sizes=\"(max-width: 900px) 100vw, 900px\" \/><figcaption id=\"caption-attachment-21620\" class=\"wp-caption-text\"><\/span> <span style=\"color: #2f2f5e;\">Szlak nr 15 na Andros \u2013 z Gavrio przez Ano Agios Petros do pla\u017cy Agios Petros.<\/span><\/figcaption><\/figure>\n<h2><span style=\"color: #2f2f5e;\">\u015acie\u017cka przez androskie krajobrazy<\/span><\/h2>\n<p><span style=\"color: #2f2f5e;\">Lubi\u0119 takie wyspy.<\/span><\/p>\n<p><span style=\"color: #2f2f5e;\">Nie te, kt\u00f3re pokazuj\u0105 turystom tylko pi\u0119kne pla\u017ce i b\u0142\u0119kitne morze.<\/span><\/p>\n<p><span style=\"color: #2f2f5e;\">Lubi\u0119 miejsca, kt\u00f3re trzeba troch\u0119 odkry\u0107.<\/span><\/p>\n<p><span style=\"color: #2f2f5e;\">Na Andros prowadz\u0105 mnie stare kamienne \u015bcie\u017cki, tak charakterystyczne dla wyspy. Towarzysz\u0105 mi kamienne murki, niska ro\u015blinno\u015b\u0107 i coraz szersze widoki na zachodnie wybrze\u017ce.<\/span><\/p>\n<p><span style=\"color: #2f2f5e;\">W oddali wida\u0107 Gavrionisia \u2013 niewielkie wysepki le\u017c\u0105ce u zachodnich wybrze\u017cy Andros.<\/span><\/p>\n<p><span style=\"color: #2f2f5e;\">Im wy\u017cej jestem, tym bardziej mam wra\u017cenie, \u017ce zostawiam za sob\u0105 portowe Gavrio.<\/span><\/p>\n<p><span style=\"color: #2f2f5e;\">Zaczynam poznawa\u0107 zupe\u0142nie inne oblicze wyspy.<\/span><\/p>\n<p><span style=\"color: #2f2f5e;\">Spokojne.<\/span><\/p>\n<p><span style=\"color: #2f2f5e;\">Troch\u0119 surowe.<\/span><\/p>\n<p><span style=\"color: #2f2f5e;\">I bardzo greckie.<\/span><\/p>\n<figure id=\"attachment_21621\" aria-describedby=\"caption-attachment-21621\" style=\"width: 900px\" class=\"wp-caption aligncenter\"><img loading=\"lazy\" decoding=\"async\" class=\"wp-image-21621 size-full\" src=\"https:\/\/bloganki.pl\/wp-content\/uploads\/2026\/09\/20260823_175454.jpg\" alt=\"\" width=\"900\" height=\"675\" srcset=\"https:\/\/bloganki.pl\/wp-content\/uploads\/2026\/09\/20260823_175454.jpg 900w, https:\/\/bloganki.pl\/wp-content\/uploads\/2026\/09\/20260823_175454-300x225.jpg 300w, https:\/\/bloganki.pl\/wp-content\/uploads\/2026\/09\/20260823_175454-768x576.jpg 768w\" sizes=\"(max-width: 900px) 100vw, 900px\" \/><figcaption id=\"caption-attachment-21621\" class=\"wp-caption-text\"><\/span> <span style=\"color: #2f2f5e;\">Szlak nr 15 na Andros \u2013 z Gavrio przez Ano Agios Petros do pla\u017cy Agios Petros.<\/span><\/figcaption><\/figure>\n<figure id=\"attachment_21622\" aria-describedby=\"caption-attachment-21622\" style=\"width: 900px\" class=\"wp-caption aligncenter\"><img loading=\"lazy\" decoding=\"async\" class=\"wp-image-21622 size-full\" src=\"https:\/\/bloganki.pl\/wp-content\/uploads\/2026\/09\/20260823_175624.jpg\" alt=\"\" width=\"900\" height=\"675\" srcset=\"https:\/\/bloganki.pl\/wp-content\/uploads\/2026\/09\/20260823_175624.jpg 900w, https:\/\/bloganki.pl\/wp-content\/uploads\/2026\/09\/20260823_175624-300x225.jpg 300w, https:\/\/bloganki.pl\/wp-content\/uploads\/2026\/09\/20260823_175624-768x576.jpg 768w\" sizes=\"(max-width: 900px) 100vw, 900px\" \/><figcaption id=\"caption-attachment-21622\" class=\"wp-caption-text\"><\/span> <span style=\"color: #2f2f5e;\">Szlak nr 15 na Andros \u2013 z Gavrio przez Ano Agios Petros do pla\u017cy Agios Petros.<\/span><\/figcaption><\/figure>\n<figure id=\"attachment_21624\" aria-describedby=\"caption-attachment-21624\" style=\"width: 900px\" class=\"wp-caption aligncenter\"><img loading=\"lazy\" decoding=\"async\" class=\"wp-image-21624 size-full\" src=\"https:\/\/bloganki.pl\/wp-content\/uploads\/2026\/09\/20260823_175723.jpg\" alt=\"\" width=\"900\" height=\"675\" srcset=\"https:\/\/bloganki.pl\/wp-content\/uploads\/2026\/09\/20260823_175723.jpg 900w, https:\/\/bloganki.pl\/wp-content\/uploads\/2026\/09\/20260823_175723-300x225.jpg 300w, https:\/\/bloganki.pl\/wp-content\/uploads\/2026\/09\/20260823_175723-768x576.jpg 768w\" sizes=\"(max-width: 900px) 100vw, 900px\" \/><figcaption id=\"caption-attachment-21624\" class=\"wp-caption-text\"><\/span> <span style=\"color: #2f2f5e;\">Szlak nr 15 na Andros \u2013 z Gavrio przez Ano Agios Petros do pla\u017cy Agios Petros.<\/span><\/figcaption><\/figure>\n<h2><span style=\"color: #2f2f5e;\">Ano Agios Petros \u2013 ma\u0142a wie\u015b na wzg\u00f3rzu<\/span><\/h2>\n<figure id=\"attachment_21626\" aria-describedby=\"caption-attachment-21626\" style=\"width: 900px\" class=\"wp-caption aligncenter\"><img loading=\"lazy\" decoding=\"async\" class=\"wp-image-21626 size-full\" src=\"https:\/\/bloganki.pl\/wp-content\/uploads\/2026\/09\/20260823_181009.jpg\" alt=\"\" width=\"900\" height=\"675\" srcset=\"https:\/\/bloganki.pl\/wp-content\/uploads\/2026\/09\/20260823_181009.jpg 900w, https:\/\/bloganki.pl\/wp-content\/uploads\/2026\/09\/20260823_181009-300x225.jpg 300w, https:\/\/bloganki.pl\/wp-content\/uploads\/2026\/09\/20260823_181009-768x576.jpg 768w\" sizes=\"(max-width: 900px) 100vw, 900px\" \/><figcaption id=\"caption-attachment-21626\" class=\"wp-caption-text\"><\/span> <span style=\"color: #2f2f5e;\">Ano Agios Petros \u2013 ma\u0142a wie\u015b na wzg\u00f3rzu &#8211; Andros.<\/span><\/figcaption><\/figure>\n<figure id=\"attachment_21627\" aria-describedby=\"caption-attachment-21627\" style=\"width: 900px\" class=\"wp-caption aligncenter\"><img loading=\"lazy\" decoding=\"async\" class=\"wp-image-21627 size-full\" src=\"https:\/\/bloganki.pl\/wp-content\/uploads\/2026\/09\/20260823_181108.jpg\" alt=\"\" width=\"900\" height=\"675\" srcset=\"https:\/\/bloganki.pl\/wp-content\/uploads\/2026\/09\/20260823_181108.jpg 900w, https:\/\/bloganki.pl\/wp-content\/uploads\/2026\/09\/20260823_181108-300x225.jpg 300w, https:\/\/bloganki.pl\/wp-content\/uploads\/2026\/09\/20260823_181108-768x576.jpg 768w\" sizes=\"(max-width: 900px) 100vw, 900px\" \/><figcaption id=\"caption-attachment-21627\" class=\"wp-caption-text\"><\/span> <span style=\"color: #2f2f5e;\">Ano Agios Petros \u2013 ma\u0142a wie\u015b na wzg\u00f3rzu &#8211; Andros.<\/span><\/figcaption><\/figure>\n<p><span style=\"color: #2f2f5e;\">Po podej\u015bciu docieram do\u00a0<strong>Ano Agios Petros<\/strong>.<\/span><\/p>\n<p><span style=\"color: #2f2f5e;\">To niewielka, malownicza miejscowo\u015b\u0107, w kt\u00f3rej warto zrobi\u0107 sobie chwil\u0119 przerwy.<\/span><\/p>\n<p><span style=\"color: #2f2f5e;\">S\u0105 tutaj domy, niewielkie uliczki, kamienne zabudowania i \u017ar\u00f3de\u0142ko.<\/span><\/p>\n<p><span style=\"color: #2f2f5e;\">Po wysi\u0142ku dobrze jest na chwil\u0119 zwolni\u0107.<\/span><\/p>\n<p><span style=\"color: #2f2f5e;\">Patrz\u0119 na okolic\u0119 i pr\u00f3buj\u0119 sobie wyobrazi\u0107, jak wygl\u0105da\u0142o \u017cycie tutaj kilkadziesi\u0105t czy kilkaset lat temu.<\/span><\/p>\n<p><span style=\"color: #2f2f5e;\">Bo Andros ma bardzo d\u0142ug\u0105 histori\u0119.<\/span><\/p>\n<p><span style=\"color: #2f2f5e;\">I mam wra\u017cenie, \u017ce na tej wyspie historia jest dos\u0142ownie wsz\u0119dzie.<\/span><\/p>\n<p><span style=\"color: #2f2f5e;\">Trzeba tylko nauczy\u0107 si\u0119 j\u0105 zauwa\u017ca\u0107.<\/span><\/p>\n<figure id=\"attachment_21628\" aria-describedby=\"caption-attachment-21628\" style=\"width: 900px\" class=\"wp-caption aligncenter\"><img loading=\"lazy\" decoding=\"async\" class=\"wp-image-21628 size-full\" src=\"https:\/\/bloganki.pl\/wp-content\/uploads\/2026\/09\/20260823_181427.jpg\" alt=\"\" width=\"900\" height=\"675\" srcset=\"https:\/\/bloganki.pl\/wp-content\/uploads\/2026\/09\/20260823_181427.jpg 900w, https:\/\/bloganki.pl\/wp-content\/uploads\/2026\/09\/20260823_181427-300x225.jpg 300w, https:\/\/bloganki.pl\/wp-content\/uploads\/2026\/09\/20260823_181427-768x576.jpg 768w\" sizes=\"(max-width: 900px) 100vw, 900px\" \/><figcaption id=\"caption-attachment-21628\" class=\"wp-caption-text\"><\/span> <span style=\"color: #2f2f5e;\">Ano Agios Petros \u2013 ma\u0142a wie\u015b na wzg\u00f3rzu &#8211; Andros.<\/span><\/figcaption><\/figure>\n<figure id=\"attachment_21629\" aria-describedby=\"caption-attachment-21629\" style=\"width: 900px\" class=\"wp-caption aligncenter\"><img loading=\"lazy\" decoding=\"async\" class=\"wp-image-21629 size-full\" src=\"https:\/\/bloganki.pl\/wp-content\/uploads\/2026\/09\/20260823_181839.jpg\" alt=\"\" width=\"900\" height=\"675\" srcset=\"https:\/\/bloganki.pl\/wp-content\/uploads\/2026\/09\/20260823_181839.jpg 900w, https:\/\/bloganki.pl\/wp-content\/uploads\/2026\/09\/20260823_181839-300x225.jpg 300w, https:\/\/bloganki.pl\/wp-content\/uploads\/2026\/09\/20260823_181839-768x576.jpg 768w\" sizes=\"(max-width: 900px) 100vw, 900px\" \/><figcaption id=\"caption-attachment-21629\" class=\"wp-caption-text\"><\/span> <span style=\"color: #2f2f5e;\">Ano Agios Petros \u2013 ma\u0142a wie\u015b na wzg\u00f3rzu &#8211; Andros.<\/span><\/figcaption><\/figure>\n<figure id=\"attachment_21630\" aria-describedby=\"caption-attachment-21630\" style=\"width: 900px\" class=\"wp-caption aligncenter\"><img loading=\"lazy\" decoding=\"async\" class=\"wp-image-21630 size-full\" src=\"https:\/\/bloganki.pl\/wp-content\/uploads\/2026\/09\/20260823_181848.jpg\" alt=\"\" width=\"900\" height=\"675\" srcset=\"https:\/\/bloganki.pl\/wp-content\/uploads\/2026\/09\/20260823_181848.jpg 900w, https:\/\/bloganki.pl\/wp-content\/uploads\/2026\/09\/20260823_181848-300x225.jpg 300w, https:\/\/bloganki.pl\/wp-content\/uploads\/2026\/09\/20260823_181848-768x576.jpg 768w\" sizes=\"(max-width: 900px) 100vw, 900px\" \/><figcaption id=\"caption-attachment-21630\" class=\"wp-caption-text\"><\/span> <span style=\"color: #2f2f5e;\">Ano Agios Petros \u2013 ma\u0142a wie\u015b na wzg\u00f3rzu &#8211; Andros.<\/span><\/figcaption><\/figure>\n<h2><span style=\"color: #2f2f5e;\">Wie\u017ca Agios Petros \u2013 najwi\u0119ksza atrakcja szlaku<\/span><\/h2>\n<figure id=\"attachment_21632\" aria-describedby=\"caption-attachment-21632\" style=\"width: 900px\" class=\"wp-caption aligncenter\"><img loading=\"lazy\" decoding=\"async\" class=\"wp-image-21632 size-full\" src=\"https:\/\/bloganki.pl\/wp-content\/uploads\/2026\/09\/20260823_182032.jpg\" alt=\"\" width=\"900\" height=\"675\" srcset=\"https:\/\/bloganki.pl\/wp-content\/uploads\/2026\/09\/20260823_182032.jpg 900w, https:\/\/bloganki.pl\/wp-content\/uploads\/2026\/09\/20260823_182032-300x225.jpg 300w, https:\/\/bloganki.pl\/wp-content\/uploads\/2026\/09\/20260823_182032-768x576.jpg 768w\" sizes=\"(max-width: 900px) 100vw, 900px\" \/><figcaption id=\"caption-attachment-21632\" class=\"wp-caption-text\"><\/span> <span style=\"color: #2f2f5e;\">Ano Agios Petros \u2013 ma\u0142a wie\u015b na wzg\u00f3rzu &#8211; Andros.<\/span><\/figcaption><\/figure>\n<figure id=\"attachment_21633\" aria-describedby=\"caption-attachment-21633\" style=\"width: 900px\" class=\"wp-caption aligncenter\"><img loading=\"lazy\" decoding=\"async\" class=\"wp-image-21633 size-full\" src=\"https:\/\/bloganki.pl\/wp-content\/uploads\/2026\/09\/20260823_182202.jpg\" alt=\"\" width=\"900\" height=\"675\" srcset=\"https:\/\/bloganki.pl\/wp-content\/uploads\/2026\/09\/20260823_182202.jpg 900w, https:\/\/bloganki.pl\/wp-content\/uploads\/2026\/09\/20260823_182202-300x225.jpg 300w, https:\/\/bloganki.pl\/wp-content\/uploads\/2026\/09\/20260823_182202-768x576.jpg 768w\" sizes=\"(max-width: 900px) 100vw, 900px\" \/><figcaption id=\"caption-attachment-21633\" class=\"wp-caption-text\"><\/span> <span style=\"color: #2f2f5e;\">Ano Agios Petros \u2013 ma\u0142a wie\u015b na wzg\u00f3rzu &#8211; Andros.<\/span><\/figcaption><\/figure>\n<figure id=\"attachment_21634\" aria-describedby=\"caption-attachment-21634\" style=\"width: 900px\" class=\"wp-caption aligncenter\"><img loading=\"lazy\" decoding=\"async\" class=\"wp-image-21634 size-full\" src=\"https:\/\/bloganki.pl\/wp-content\/uploads\/2026\/09\/20260823_182434.jpg\" alt=\"\" width=\"900\" height=\"675\" srcset=\"https:\/\/bloganki.pl\/wp-content\/uploads\/2026\/09\/20260823_182434.jpg 900w, https:\/\/bloganki.pl\/wp-content\/uploads\/2026\/09\/20260823_182434-300x225.jpg 300w, https:\/\/bloganki.pl\/wp-content\/uploads\/2026\/09\/20260823_182434-768x576.jpg 768w\" sizes=\"(max-width: 900px) 100vw, 900px\" \/><figcaption id=\"caption-attachment-21634\" class=\"wp-caption-text\"><\/span> <span style=\"color: #2f2f5e;\">Wie\u017ca Agios Petros \u2013 najwi\u0119ksza atrakcja szlaku numer 15 na Andros.<\/span><\/figcaption><\/figure>\n<p><span style=\"color: #2f2f5e;\">Z Ano Agios Petros ruszam dalej.<\/span><\/p>\n<p><span style=\"color: #2f2f5e;\">I w\u0142a\u015bnie tutaj czeka na mnie miejsce, dla kt\u00f3rego zdecydowanie warto przej\u015b\u0107 ten szlak.<\/span><\/p>\n<p><span style=\"color: #2f2f5e;\"><strong>Wie\u017ca Agios Petros.<\/strong><\/span><\/p>\n<p><span style=\"color: #2f2f5e;\">Kiedy pierwszy raz j\u0105 zobaczy\u0142am, pomy\u015bla\u0142am, \u017ce wygl\u0105da troch\u0119 nieprawdopodobnie.<\/span><\/p>\n<p><span style=\"color: #2f2f5e;\">Ogromna kamienna budowla stoi samotnie na zboczu, a w tle mam morze.<\/span><\/p>\n<p><span style=\"color: #2f2f5e;\">Nie spodziewa\u0142am si\u0119, \u017ce na tej wyspie zobacz\u0119 co\u015b takiego.<\/span><\/p>\n<p><span style=\"color: #2f2f5e;\">Wie\u017ca pochodzi z okresu hellenistycznego, oko\u0142o IV\u2013III wieku p.n.e. i ma oko\u0142o 20 metr\u00f3w wysoko\u015bci.<\/span><\/p>\n<p><span style=\"color: #2f2f5e;\">Niestety, podczas mojej wizyty trwa\u0142 tutaj\u00a0<strong>remont wie\u017cy<\/strong>, dlatego nie mog\u0142am zobaczy\u0107 jej w pe\u0142ni z bliska ani wej\u015b\u0107 do \u015brodka.<\/span><\/p>\n<p><span style=\"color: #2f2f5e;\">Troch\u0119 szkoda, bo bardzo chcia\u0142am zobaczy\u0107, jak wygl\u0105da wn\u0119trze tej niezwyk\u0142ej budowli.<\/span><\/p>\n<p><span style=\"color: #2f2f5e;\">Mimo remontu wie\u017ca robi ogromne wra\u017cenie.<\/span><\/p>\n<p><span style=\"color: #2f2f5e;\">Zw\u0142aszcza kiedy stoj\u0119 obok niej i pomy\u015bl\u0119, \u017ce zosta\u0142a zbudowana ponad dwa tysi\u0105ce lat temu.<\/span><\/p>\n<p><span style=\"color: #2f2f5e;\">Dooko\u0142a cisza.<\/span><\/p>\n<p><span style=\"color: #2f2f5e;\">Morze.<\/span><\/p>\n<p><span style=\"color: #2f2f5e;\">G\u00f3ry.<\/span><\/p>\n<p><span style=\"color: #2f2f5e;\">I ta ogromna kamienna wie\u017ca.<\/span><\/p>\n<p><span style=\"color: #2f2f5e;\">Nawet je\u015bli podczas mojej wizyty by\u0142a cz\u0119\u015bciowo zabezpieczona i prowadzono przy niej prace, nadal by\u0142a jednym z najciekawszych punkt\u00f3w ca\u0142ej trasy.<\/span><\/p>\n<p><span style=\"color: #2f2f5e;\">To jeden z tych moment\u00f3w podczas w\u0119dr\u00f3wki, kiedy przestaj\u0119 si\u0119 spieszy\u0107.<\/span><\/p>\n<p><span style=\"color: #2f2f5e;\">Robi\u0119 zdj\u0119cia, ale przede wszystkim po prostu patrz\u0119.<\/span><\/p>\n<p><span style=\"color: #2f2f5e;\">Mam nadziej\u0119, \u017ce po zako\u0144czeniu remontu b\u0119d\u0119 mog\u0142a kiedy\u015b wr\u00f3ci\u0107 tutaj ponownie i zobaczy\u0107 wie\u017c\u0119 ju\u017c bez rusztowa\u0144 i prac remontowych.<\/span><\/p>\n<figure id=\"attachment_21635\" aria-describedby=\"caption-attachment-21635\" style=\"width: 900px\" class=\"wp-caption aligncenter\"><img loading=\"lazy\" decoding=\"async\" class=\"wp-image-21635 size-full\" src=\"https:\/\/bloganki.pl\/wp-content\/uploads\/2026\/09\/20260823_182522.jpg\" alt=\"\" width=\"900\" height=\"675\" srcset=\"https:\/\/bloganki.pl\/wp-content\/uploads\/2026\/09\/20260823_182522.jpg 900w, https:\/\/bloganki.pl\/wp-content\/uploads\/2026\/09\/20260823_182522-300x225.jpg 300w, https:\/\/bloganki.pl\/wp-content\/uploads\/2026\/09\/20260823_182522-768x576.jpg 768w\" sizes=\"(max-width: 900px) 100vw, 900px\" \/><figcaption id=\"caption-attachment-21635\" class=\"wp-caption-text\"><\/span> <span style=\"color: #2f2f5e;\">Szlak nr 15 na Andros \u2013 z Gavrio przez Ano Agios Petros do pla\u017cy Agios Petros.<\/span><\/figcaption><\/figure>\n<figure id=\"attachment_21636\" aria-describedby=\"caption-attachment-21636\" style=\"width: 900px\" class=\"wp-caption aligncenter\"><img loading=\"lazy\" decoding=\"async\" class=\"wp-image-21636 size-full\" src=\"https:\/\/bloganki.pl\/wp-content\/uploads\/2026\/09\/20260823_182547.jpg\" alt=\"\" width=\"900\" height=\"675\" srcset=\"https:\/\/bloganki.pl\/wp-content\/uploads\/2026\/09\/20260823_182547.jpg 900w, https:\/\/bloganki.pl\/wp-content\/uploads\/2026\/09\/20260823_182547-300x225.jpg 300w, https:\/\/bloganki.pl\/wp-content\/uploads\/2026\/09\/20260823_182547-768x576.jpg 768w\" sizes=\"(max-width: 900px) 100vw, 900px\" \/><figcaption id=\"caption-attachment-21636\" class=\"wp-caption-text\"><\/span> <span style=\"color: #2f2f5e;\">Szlak nr 15 na Andros \u2013 z Gavrio przez Ano Agios Petros do pla\u017cy Agios Petros.<\/span><\/figcaption><\/figure>\n<h2><span style=\"color: #2f2f5e;\">Z wie\u017cy schodz\u0119 w stron\u0119 morza<\/span><\/h2>\n<figure id=\"attachment_21637\" aria-describedby=\"caption-attachment-21637\" style=\"width: 900px\" class=\"wp-caption aligncenter\"><img loading=\"lazy\" decoding=\"async\" class=\"wp-image-21637 size-full\" src=\"https:\/\/bloganki.pl\/wp-content\/uploads\/2026\/09\/20260823_182601.jpg\" alt=\"\" width=\"900\" height=\"611\" srcset=\"https:\/\/bloganki.pl\/wp-content\/uploads\/2026\/09\/20260823_182601.jpg 900w, https:\/\/bloganki.pl\/wp-content\/uploads\/2026\/09\/20260823_182601-300x204.jpg 300w, https:\/\/bloganki.pl\/wp-content\/uploads\/2026\/09\/20260823_182601-768x521.jpg 768w\" sizes=\"(max-width: 900px) 100vw, 900px\" \/><figcaption id=\"caption-attachment-21637\" class=\"wp-caption-text\"><\/span> <span style=\"color: #2f2f5e;\">Szlak nr 15 na Andros \u2013 z Gavrio przez Ano Agios Petros do pla\u017cy Agios Petros.<\/span><\/figcaption><\/figure>\n<figure id=\"attachment_21638\" aria-describedby=\"caption-attachment-21638\" style=\"width: 900px\" class=\"wp-caption aligncenter\"><img loading=\"lazy\" decoding=\"async\" class=\"wp-image-21638 size-full\" src=\"https:\/\/bloganki.pl\/wp-content\/uploads\/2026\/09\/20260823_182747.jpg\" alt=\"\" width=\"900\" height=\"675\" srcset=\"https:\/\/bloganki.pl\/wp-content\/uploads\/2026\/09\/20260823_182747.jpg 900w, https:\/\/bloganki.pl\/wp-content\/uploads\/2026\/09\/20260823_182747-300x225.jpg 300w, https:\/\/bloganki.pl\/wp-content\/uploads\/2026\/09\/20260823_182747-768x576.jpg 768w\" sizes=\"(max-width: 900px) 100vw, 900px\" \/><figcaption id=\"caption-attachment-21638\" class=\"wp-caption-text\"><\/span> <span style=\"color: #2f2f5e;\">Szlak nr 15 na Andros \u2013 z Gavrio przez Ano Agios Petros do pla\u017cy Agios Petros.<\/span><\/figcaption><\/figure>\n<figure id=\"attachment_21639\" aria-describedby=\"caption-attachment-21639\" style=\"width: 900px\" class=\"wp-caption aligncenter\"><img loading=\"lazy\" decoding=\"async\" class=\"wp-image-21639 size-full\" src=\"https:\/\/bloganki.pl\/wp-content\/uploads\/2026\/09\/20260823_182827.jpg\" alt=\"\" width=\"900\" height=\"675\" srcset=\"https:\/\/bloganki.pl\/wp-content\/uploads\/2026\/09\/20260823_182827.jpg 900w, https:\/\/bloganki.pl\/wp-content\/uploads\/2026\/09\/20260823_182827-300x225.jpg 300w, https:\/\/bloganki.pl\/wp-content\/uploads\/2026\/09\/20260823_182827-768x576.jpg 768w\" sizes=\"(max-width: 900px) 100vw, 900px\" \/><figcaption id=\"caption-attachment-21639\" class=\"wp-caption-text\"><\/span> <span style=\"color: #2f2f5e;\">Szlak nr 15 na Andros \u2013 z Gavrio przez Ano Agios Petros do pla\u017cy Agios Petros.<\/span><\/figcaption><\/figure>\n<p><span style=\"color: #2f2f5e;\">Za wie\u017c\u0105 szlak zaczyna prowadzi\u0107 w d\u00f3\u0142.<\/span><\/p>\n<p><span style=\"color: #2f2f5e;\">I tutaj krajobraz znowu si\u0119 zmienia.<\/span><\/p>\n<p><span style=\"color: #2f2f5e;\">Zostawiam za sob\u0105 Ano Agios Petros i powoli schodz\u0119 w kierunku wybrze\u017ca.<\/span><\/p>\n<p><span style=\"color: #2f2f5e;\">Trasa prowadzi przez dolin\u0119.<\/span><\/p>\n<p><span style=\"color: #2f2f5e;\">Z g\u00f3ry wygl\u0105da to zupe\u0142nie inaczej ni\u017c wtedy, kiedy sz\u0142am pod g\u00f3r\u0119.<\/span><\/p>\n<p><span style=\"color: #2f2f5e;\">Wida\u0107 morze.<\/span><\/p>\n<p><span style=\"color: #2f2f5e;\">Wida\u0107 pla\u017c\u0119.<\/span><\/p>\n<p><span style=\"color: #2f2f5e;\">I wiem ju\u017c, \u017ce przede mn\u0105 najprzyjemniejsza cz\u0119\u015b\u0107 w\u0119dr\u00f3wki.<\/span><\/p>\n<p><span style=\"color: #2f2f5e;\">Bo po ca\u0142ym podej\u015bciu czeka mnie zej\u015bcie.<\/span><\/p>\n<p><span style=\"color: #2f2f5e;\">A na ko\u0144cu \u2013 pla\u017ca.<\/span><\/p>\n<figure id=\"attachment_21640\" aria-describedby=\"caption-attachment-21640\" style=\"width: 900px\" class=\"wp-caption aligncenter\"><img loading=\"lazy\" decoding=\"async\" class=\"wp-image-21640 size-full\" src=\"https:\/\/bloganki.pl\/wp-content\/uploads\/2026\/09\/20260823_1834580.jpg\" alt=\"\" width=\"900\" height=\"675\" srcset=\"https:\/\/bloganki.pl\/wp-content\/uploads\/2026\/09\/20260823_1834580.jpg 900w, https:\/\/bloganki.pl\/wp-content\/uploads\/2026\/09\/20260823_1834580-300x225.jpg 300w, https:\/\/bloganki.pl\/wp-content\/uploads\/2026\/09\/20260823_1834580-768x576.jpg 768w\" sizes=\"(max-width: 900px) 100vw, 900px\" \/><figcaption id=\"caption-attachment-21640\" class=\"wp-caption-text\"><\/span> <span style=\"color: #2f2f5e;\">Szlak nr 15 na Andros \u2013 z Gavrio przez Ano Agios Petros do pla\u017cy Agios Petros.<\/span><\/figcaption><\/figure>\n<figure id=\"attachment_21641\" aria-describedby=\"caption-attachment-21641\" style=\"width: 900px\" class=\"wp-caption aligncenter\"><img loading=\"lazy\" decoding=\"async\" class=\"wp-image-21641 size-full\" src=\"https:\/\/bloganki.pl\/wp-content\/uploads\/2026\/09\/20260823_185011.jpg\" alt=\"\" width=\"900\" height=\"675\" srcset=\"https:\/\/bloganki.pl\/wp-content\/uploads\/2026\/09\/20260823_185011.jpg 900w, https:\/\/bloganki.pl\/wp-content\/uploads\/2026\/09\/20260823_185011-300x225.jpg 300w, https:\/\/bloganki.pl\/wp-content\/uploads\/2026\/09\/20260823_185011-768x576.jpg 768w\" sizes=\"(max-width: 900px) 100vw, 900px\" \/><figcaption id=\"caption-attachment-21641\" class=\"wp-caption-text\"><\/span> <span style=\"color: #2f2f5e;\">Szlak nr 15 na Andros \u2013 z Gavrio przez Ano Agios Petros do pla\u017cy Agios Petros.<\/span><\/figcaption><\/figure>\n<figure id=\"attachment_21642\" aria-describedby=\"caption-attachment-21642\" style=\"width: 900px\" class=\"wp-caption aligncenter\"><img loading=\"lazy\" decoding=\"async\" class=\"wp-image-21642 size-full\" src=\"https:\/\/bloganki.pl\/wp-content\/uploads\/2026\/09\/20260823_185126.jpg\" alt=\"\" width=\"900\" height=\"675\" srcset=\"https:\/\/bloganki.pl\/wp-content\/uploads\/2026\/09\/20260823_185126.jpg 900w, https:\/\/bloganki.pl\/wp-content\/uploads\/2026\/09\/20260823_185126-300x225.jpg 300w, https:\/\/bloganki.pl\/wp-content\/uploads\/2026\/09\/20260823_185126-768x576.jpg 768w\" sizes=\"(max-width: 900px) 100vw, 900px\" \/><figcaption id=\"caption-attachment-21642\" class=\"wp-caption-text\"><\/span> <span style=\"color: #2f2f5e;\">Szlak nr 15 na Andros \u2013 z Gavrio przez Ano Agios Petros do pla\u017cy Agios Petros.<\/span><\/figcaption><\/figure>\n<h2><span style=\"color: #2f2f5e;\">Pla\u017ca Agios Petros<\/span><\/h2>\n<figure id=\"attachment_21643\" aria-describedby=\"caption-attachment-21643\" style=\"width: 900px\" class=\"wp-caption aligncenter\"><img loading=\"lazy\" decoding=\"async\" class=\"wp-image-21643 size-full\" src=\"https:\/\/bloganki.pl\/wp-content\/uploads\/2026\/09\/20260823_193326.jpg\" alt=\"\" width=\"900\" height=\"675\" srcset=\"https:\/\/bloganki.pl\/wp-content\/uploads\/2026\/09\/20260823_193326.jpg 900w, https:\/\/bloganki.pl\/wp-content\/uploads\/2026\/09\/20260823_193326-300x225.jpg 300w, https:\/\/bloganki.pl\/wp-content\/uploads\/2026\/09\/20260823_193326-768x576.jpg 768w\" sizes=\"(max-width: 900px) 100vw, 900px\" \/><figcaption id=\"caption-attachment-21643\" class=\"wp-caption-text\"><\/span> <span style=\"color: #2f2f5e;\">Pla\u017ca Agios Petros &#8211; Andros.<\/span><\/figcaption><\/figure>\n<figure id=\"attachment_21644\" aria-describedby=\"caption-attachment-21644\" style=\"width: 675px\" class=\"wp-caption aligncenter\"><img loading=\"lazy\" decoding=\"async\" class=\"wp-image-21644 size-full\" src=\"https:\/\/bloganki.pl\/wp-content\/uploads\/2026\/09\/20260823_193637.jpg\" alt=\"\" width=\"675\" height=\"900\" srcset=\"https:\/\/bloganki.pl\/wp-content\/uploads\/2026\/09\/20260823_193637.jpg 675w, https:\/\/bloganki.pl\/wp-content\/uploads\/2026\/09\/20260823_193637-225x300.jpg 225w\" sizes=\"(max-width: 675px) 100vw, 675px\" \/><figcaption id=\"caption-attachment-21644\" class=\"wp-caption-text\"><\/span> <span style=\"color: #2f2f5e;\">Pla\u017ca Agios Petros &#8211; Andros.<\/span><\/figcaption><\/figure>\n<p><span style=\"color: #2f2f5e;\">W ko\u0144cu pojawia si\u0119 przede mn\u0105\u00a0<strong>pla\u017ca Agios Petros<\/strong>.<\/span><\/p>\n<p><span style=\"color: #2f2f5e;\">I trudno o lepsze zako\u0144czenie g\u00f3rskiego spaceru.<\/span><\/p>\n<p><span style=\"color: #2f2f5e;\">Jeszcze chwil\u0119 wcze\u015bniej id\u0119 kamienn\u0105 \u015bcie\u017ck\u0105 wysoko nad morzem, a teraz stoj\u0119 na pla\u017cy.<\/span><\/p>\n<p><span style=\"color: #2f2f5e;\">Piasek.<\/span><\/p>\n<p><span style=\"color: #2f2f5e;\">B\u0142\u0119kitna woda.<\/span><\/p>\n<p><span style=\"color: #2f2f5e;\">S\u0142o\u0144ce.<\/span><\/p>\n<p><span style=\"color: #2f2f5e;\">I \u015bwiadomo\u015b\u0107, \u017ce najtrudniejsza cz\u0119\u015b\u0107 trasy jest ju\u017c za mn\u0105.<\/span><\/p>\n<p><span style=\"color: #2f2f5e;\">Mam ochot\u0119 zosta\u0107 tutaj na d\u0142u\u017cej.<\/span><\/p>\n<p><span style=\"color: #2f2f5e;\">Ale moja trasa jeszcze si\u0119 nie ko\u0144czy.<\/span><\/p>\n<p><span style=\"color: #2f2f5e;\">Nie wracam t\u0105 sam\u0105 drog\u0105.<\/span><\/p>\n<p><span style=\"color: #2f2f5e;\">Wybieram wariant prowadz\u0105cy wzd\u0142u\u017c wybrze\u017ca z powrotem do Gavrio.<\/span><\/p>\n<figure id=\"attachment_21645\" aria-describedby=\"caption-attachment-21645\" style=\"width: 900px\" class=\"wp-caption aligncenter\"><img loading=\"lazy\" decoding=\"async\" class=\"wp-image-21645 size-full\" src=\"https:\/\/bloganki.pl\/wp-content\/uploads\/2026\/09\/20260823_193345.jpg\" alt=\"\" width=\"900\" height=\"675\" srcset=\"https:\/\/bloganki.pl\/wp-content\/uploads\/2026\/09\/20260823_193345.jpg 900w, https:\/\/bloganki.pl\/wp-content\/uploads\/2026\/09\/20260823_193345-300x225.jpg 300w, https:\/\/bloganki.pl\/wp-content\/uploads\/2026\/09\/20260823_193345-768x576.jpg 768w\" sizes=\"(max-width: 900px) 100vw, 900px\" \/><figcaption id=\"caption-attachment-21645\" class=\"wp-caption-text\"><\/span> <span style=\"color: #2f2f5e;\">Pla\u017ca Agios Petros &#8211; Andros.<\/span><\/figcaption><\/figure>\n<figure id=\"attachment_21646\" aria-describedby=\"caption-attachment-21646\" style=\"width: 900px\" class=\"wp-caption aligncenter\"><img loading=\"lazy\" decoding=\"async\" class=\"wp-image-21646 size-full\" src=\"https:\/\/bloganki.pl\/wp-content\/uploads\/2026\/09\/20260823_193751.jpg\" alt=\"\" width=\"900\" height=\"675\" srcset=\"https:\/\/bloganki.pl\/wp-content\/uploads\/2026\/09\/20260823_193751.jpg 900w, https:\/\/bloganki.pl\/wp-content\/uploads\/2026\/09\/20260823_193751-300x225.jpg 300w, https:\/\/bloganki.pl\/wp-content\/uploads\/2026\/09\/20260823_193751-768x576.jpg 768w\" sizes=\"(max-width: 900px) 100vw, 900px\" \/><figcaption id=\"caption-attachment-21646\" class=\"wp-caption-text\"><\/span> <span style=\"color: #2f2f5e;\">Pla\u017ca Agios Petros &#8211; Andros.<\/span><\/figcaption><\/figure>\n<figure id=\"attachment_21647\" aria-describedby=\"caption-attachment-21647\" style=\"width: 900px\" class=\"wp-caption aligncenter\"><img loading=\"lazy\" decoding=\"async\" class=\"wp-image-21647 size-full\" src=\"https:\/\/bloganki.pl\/wp-content\/uploads\/2026\/09\/20260823_195318.jpg\" alt=\"\" width=\"900\" height=\"675\" srcset=\"https:\/\/bloganki.pl\/wp-content\/uploads\/2026\/09\/20260823_195318.jpg 900w, https:\/\/bloganki.pl\/wp-content\/uploads\/2026\/09\/20260823_195318-300x225.jpg 300w, https:\/\/bloganki.pl\/wp-content\/uploads\/2026\/09\/20260823_195318-768x576.jpg 768w\" sizes=\"(max-width: 900px) 100vw, 900px\" \/><figcaption id=\"caption-attachment-21647\" class=\"wp-caption-text\"><\/span> <span style=\"color: #2f2f5e;\">Pla\u017ca Agios Petros &#8211; Andros.<\/span><\/figcaption><\/figure>\n<h2><span style=\"color: #2f2f5e;\">Z pla\u017cy wracam do Gavrio wzd\u0142u\u017c morza<\/span><\/h2>\n<p><span style=\"color: #2f2f5e;\">Po zej\u015bciu na pla\u017c\u0119 ruszam w stron\u0119 Gavrio.<\/span><\/p>\n<p><span style=\"color: #2f2f5e;\">I to jest dla mnie jeden z najprzyjemniejszych fragment\u00f3w ca\u0142ej trasy.<\/span><\/p>\n<p><span style=\"color: #2f2f5e;\">Po wcze\u015bniejszym podej\u015bciu i zej\u015bciu mog\u0119 wreszcie troch\u0119 zwolni\u0107.<\/span><\/p>\n<p><span style=\"color: #2f2f5e;\">Morze jest ca\u0142y czas obok.<\/span><\/p>\n<p><span style=\"color: #2f2f5e;\">Wiatr.<\/span><\/p>\n<p><span style=\"color: #2f2f5e;\">S\u0142o\u0144ce.<\/span><\/p>\n<p><span style=\"color: #2f2f5e;\">Zapach lata.<\/span><\/p>\n<p><span style=\"color: #2f2f5e;\">I ten charakterystyczny dla greckich wysp b\u0142\u0119kit.<\/span><\/p>\n<p><span style=\"color: #2f2f5e;\">Z ka\u017cdym krokiem zbli\u017cam si\u0119 do Gavrio.<\/span><\/p>\n<p><span style=\"color: #2f2f5e;\">W pewnym momencie zaczynam ju\u017c rozpoznawa\u0107 port.<\/span><\/p>\n<p><span style=\"color: #2f2f5e;\">I wiem, \u017ce moja w\u0119dr\u00f3wka powoli si\u0119 ko\u0144czy.<\/span><\/p>\n<p><span style=\"color: #2f2f5e;\">A przecie\u017c jeszcze kilka dni temu przyp\u0142yn\u0119\u0142am tutaj promem i w\u0142a\u015bnie tutaj zaczyna\u0142am swoj\u0105 przygod\u0119 z Andros.<\/span><\/p>\n<p><span style=\"color: #2f2f5e;\">Teraz wracam pieszo.<\/span><\/p>\n<p><span style=\"color: #2f2f5e;\">Troch\u0119 zm\u0119czona, troch\u0119 opalona i przede wszystkim bardzo zadowolona z tego, co zobaczy\u0142am.<\/span><\/p>\n<figure id=\"attachment_21648\" aria-describedby=\"caption-attachment-21648\" style=\"width: 900px\" class=\"wp-caption aligncenter\"><img loading=\"lazy\" decoding=\"async\" class=\"wp-image-21648 size-full\" src=\"https:\/\/bloganki.pl\/wp-content\/uploads\/2026\/09\/20260823_195933.jpg\" alt=\"\" width=\"900\" height=\"675\" srcset=\"https:\/\/bloganki.pl\/wp-content\/uploads\/2026\/09\/20260823_195933.jpg 900w, https:\/\/bloganki.pl\/wp-content\/uploads\/2026\/09\/20260823_195933-300x225.jpg 300w, https:\/\/bloganki.pl\/wp-content\/uploads\/2026\/09\/20260823_195933-768x576.jpg 768w\" sizes=\"(max-width: 900px) 100vw, 900px\" \/><figcaption id=\"caption-attachment-21648\" class=\"wp-caption-text\"><\/span> <span style=\"color: #2f2f5e;\">Szlak z Agios Petros w kierunku Gavrio.<\/span><\/figcaption><\/figure>\n<h2><span style=\"color: #2f2f5e;\">Czy warto przej\u015b\u0107 szlak nr 15?<\/span><\/h2>\n<p><span style=\"color: #2f2f5e;\">Zdecydowanie.<\/span><\/p>\n<p><span style=\"color: #2f2f5e;\">I chyba najbardziej podoba mi si\u0119 w\u0142a\u015bnie jego r\u00f3\u017cnorodno\u015b\u0107.<\/span><\/p>\n<p><span style=\"color: #2f2f5e;\">W ci\u0105gu kilku godzin mam tutaj w\u0142a\u015bciwie wszystko.<\/span><\/p>\n<p><span style=\"color: #2f2f5e;\">Port.<\/span><\/p>\n<p><span style=\"color: #2f2f5e;\">G\u00f3rskie podej\u015bcie.<\/span><\/p>\n<p><span style=\"color: #2f2f5e;\">Ma\u0142\u0105 greck\u0105 wie\u015b.<\/span><\/p>\n<p><span style=\"color: #2f2f5e;\">Kamienne \u015bcie\u017cki.<\/span><\/p>\n<p><span style=\"color: #2f2f5e;\">Widoki na morze.<\/span><\/p>\n<p><span style=\"color: #2f2f5e;\">Staro\u017cytn\u0105 wie\u017c\u0119.<\/span><\/p>\n<p><span style=\"color: #2f2f5e;\">Dolin\u0119.<\/span><\/p>\n<p><span style=\"color: #2f2f5e;\">Pla\u017c\u0119.<\/span><\/p>\n<p><span style=\"color: #2f2f5e;\">I na ko\u0144cu spacer wzd\u0142u\u017c wybrze\u017ca.<\/span><\/p>\n<p><span style=\"color: #2f2f5e;\">To nie jest trasa, na kt\u00f3rej przez ca\u0142y czas mam spektakularne widoki.<\/span><\/p>\n<p><span style=\"color: #2f2f5e;\">I dobrze.<\/span><\/p>\n<p><span style=\"color: #2f2f5e;\">Bo dzi\u0119ki temu mog\u0119 troch\u0119 zwolni\u0107.<\/span><\/p>\n<p><span style=\"color: #2f2f5e;\">Popatrze\u0107 na kamienne murki.<\/span><\/p>\n<p><span style=\"color: #2f2f5e;\">Zajrze\u0107 do starego domu.<\/span><\/p>\n<p><span style=\"color: #2f2f5e;\">Zatrzyma\u0107 si\u0119 przy wie\u017cy.<\/span><\/p>\n<p><span style=\"color: #2f2f5e;\">Pos\u0142ucha\u0107 morza.<\/span><\/p>\n<p><span style=\"color: #2f2f5e;\">I po prostu i\u015b\u0107.<\/span><\/p>\n<p><span style=\"color: #2f2f5e;\">A przecie\u017c w\u0142a\u015bnie za to najbardziej lubi\u0119 piesze w\u0119dr\u00f3wki.<\/span><\/p>\n<p><span style=\"color: #2f2f5e;\">Nie tylko za zdobywanie kolejnych kilometr\u00f3w.<\/span><\/p>\n<p><span style=\"color: #2f2f5e;\">Ale za to, \u017ce pozwalaj\u0105 zobaczy\u0107 miejsce z zupe\u0142nie innej perspektywy.<\/span><\/p>\n<figure id=\"attachment_21649\" aria-describedby=\"caption-attachment-21649\" style=\"width: 900px\" class=\"wp-caption aligncenter\"><img loading=\"lazy\" decoding=\"async\" class=\"wp-image-21649 size-full\" src=\"https:\/\/bloganki.pl\/wp-content\/uploads\/2026\/09\/20260823_200607.jpg\" alt=\"\" width=\"900\" height=\"675\" srcset=\"https:\/\/bloganki.pl\/wp-content\/uploads\/2026\/09\/20260823_200607.jpg 900w, https:\/\/bloganki.pl\/wp-content\/uploads\/2026\/09\/20260823_200607-300x225.jpg 300w, https:\/\/bloganki.pl\/wp-content\/uploads\/2026\/09\/20260823_200607-768x576.jpg 768w\" sizes=\"(max-width: 900px) 100vw, 900px\" \/><figcaption id=\"caption-attachment-21649\" class=\"wp-caption-text\"><\/span> <span style=\"color: #2f2f5e;\">Szlak z Agios Petros w kierunku Gavrio.<\/span><\/figcaption><\/figure>\n<h2><span style=\"color: #2f2f5e;\">Szlak nr 15 na Andros \u2013 informacje praktyczne<\/span><\/h2>\n<p><span style=\"color: #2f2f5e;\"><strong>Trasa:<\/strong>\u00a0Gavrio \u2013 Ano Agios Petros \u2013 Wie\u017ca Agios Petros \u2013 pla\u017ca Agios Petros \u2013 Gavrio<\/span><\/p>\n<p><span style=\"color: #2f2f5e;\"><strong>D\u0142ugo\u015b\u0107:<\/strong>\u00a0oko\u0142o 8 km<\/span><\/p>\n<p><span style=\"color: #2f2f5e;\"><strong>Czas:<\/strong>\u00a0oko\u0142o 4 godzin z przerwami<\/span><\/p>\n<p><span style=\"color: #2f2f5e;\"><strong>Trudno\u015b\u0107:<\/strong>\u00a0\u015brednia<\/span><\/p>\n<p><span style=\"color: #2f2f5e;\"><strong>R\u00f3\u017cnica wysoko\u015bci:<\/strong>\u00a0oko\u0142o 285 m<\/span><\/p>\n<p><span style=\"color: #2f2f5e;\"><strong>Oznakowanie:<\/strong>\u00a0szlak nr 15<\/span><\/p>\n<p><span style=\"color: #2f2f5e;\"><strong>Pocz\u0105tek:<\/strong>\u00a0Gavrio<\/span><\/p>\n<p><span style=\"color: #2f2f5e;\"><strong>Najwa\u017cniejsze atrakcje:<\/strong>\u00a0Ano Agios Petros, Wie\u017ca Agios Petros, widoki na zachodnie wybrze\u017ce Andros, Gavrionisia, pla\u017ca Agios Petros<\/span><\/p>\n<p><span style=\"color: #2f2f5e;\">Na podstawowym odcinku Gavrio \u2013 Ano Agios Petros \u2013 wie\u017ca \u2013 pla\u017ca trasa ma oko\u0142o 5 km i oko\u0142o 2 godziny 15 minut marszu. Wersja z powrotem wzd\u0142u\u017c wybrze\u017ca do Gavrio wyd\u0142u\u017ca ca\u0142\u0105 wycieczk\u0119 do oko\u0142o 8 km.<\/span><\/p>\n<p><span style=\"color: #2f2f5e;\">Warto zabra\u0107 ze sob\u0105 wod\u0119, nakrycie g\u0142owy i wygodne buty. Na trasie s\u0105 podej\u015bcia, a greckie s\u0142o\u0144ce potrafi by\u0107 naprawd\u0119 mocne.<\/span><\/p>\n<h2><span style=\"color: #2f2f5e;\">Moje wra\u017cenia<\/span><\/h2>\n<p><span style=\"color: #2f2f5e;\">Podczas tych pi\u0119ciu dni na Andros chcia\u0142am zobaczy\u0107 jak najwi\u0119cej, ale bez ci\u0105g\u0142ego po\u015bpiechu.<\/span><\/p>\n<p><span style=\"color: #2f2f5e;\">Szlak nr 15 by\u0142 w\u0142a\u015bnie tak\u0105 wycieczk\u0105.<\/span><\/p>\n<p><span style=\"color: #2f2f5e;\">Nie za d\u0142ug\u0105.<\/span><\/p>\n<p><span style=\"color: #2f2f5e;\">Nie za trudn\u0105.<\/span><\/p>\n<p><span style=\"color: #2f2f5e;\">Ale pe\u0142n\u0105 r\u00f3\u017cnych krajobraz\u00f3w.<\/span><\/p>\n<p><span style=\"color: #2f2f5e;\">Najpierw Gavrio i g\u00f3ry.<\/span><\/p>\n<p><span style=\"color: #2f2f5e;\">P\u00f3\u017aniej Ano Agios Petros.<\/span><\/p>\n<p><span style=\"color: #2f2f5e;\">Staro\u017cytna wie\u017ca.<\/span><\/p>\n<p><span style=\"color: #2f2f5e;\">A na ko\u0144cu morze i pla\u017ca.<\/span><\/p>\n<p><span style=\"color: #2f2f5e;\">I chyba w\u0142a\u015bnie takie po\u0142\u0105czenia lubi\u0119 najbardziej.<\/span><\/p>\n<p><span style=\"color: #2f2f5e;\">Bo tego dnia Andros pokaza\u0142o mi kilka swoich twarzy.<\/span><\/p>\n<p><span style=\"color: #2f2f5e;\">Najpierw g\u00f3rsk\u0105.<\/span><\/p>\n<p><span style=\"color: #2f2f5e;\">Potem historyczn\u0105.<\/span><\/p>\n<p><span style=\"color: #2f2f5e;\">A na ko\u0144cu t\u0119 najbardziej wakacyjn\u0105 \u2013 z pla\u017c\u0105 i morzem.<\/span><\/p>\n<p><span style=\"color: #2f2f5e;\">Przez pi\u0119\u0107 dni Gavrio by\u0142o moj\u0105 baz\u0105.<\/span><\/p>\n<p><span style=\"color: #2f2f5e;\">A dzi\u0119ki takim szlakom mog\u0142am przekona\u0107 si\u0119, \u017ce Andros to zdecydowanie co\u015b wi\u0119cej ni\u017c pi\u0119kne pla\u017ce.<\/span><\/p>\n<p><span style=\"color: #2f2f5e;\">To wyspa, kt\u00f3r\u0105 warto\u00a0<strong>przej\u015b\u0107<\/strong>, a nie tylko objecha\u0107.<\/span><\/p>\n<figure id=\"attachment_21650\" aria-describedby=\"caption-attachment-21650\" style=\"width: 900px\" class=\"wp-caption aligncenter\"><img loading=\"lazy\" decoding=\"async\" class=\"wp-image-21650 size-full\" src=\"https:\/\/bloganki.pl\/wp-content\/uploads\/2026\/09\/20260823_195810.jpg\" alt=\"\" width=\"900\" height=\"675\" srcset=\"https:\/\/bloganki.pl\/wp-content\/uploads\/2026\/09\/20260823_195810.jpg 900w, https:\/\/bloganki.pl\/wp-content\/uploads\/2026\/09\/20260823_195810-300x225.jpg 300w, https:\/\/bloganki.pl\/wp-content\/uploads\/2026\/09\/20260823_195810-768x576.jpg 768w\" sizes=\"(max-width: 900px) 100vw, 900px\" \/><figcaption id=\"caption-attachment-21650\" class=\"wp-caption-text\"><\/span> <span style=\"color: #2f2f5e;\">Szlak z Agios Petros w kierunku Gavrio.<\/span><\/figcaption><\/figure>\n<h2><span style=\"color: #2f2f5e;\">FAQ \u2013 szlak nr 15 na Andros<\/span><\/h2>\n<h3><span style=\"color: #2f2f5e;\">Ile kilometr\u00f3w ma szlak nr 15 na Andros?<\/span><\/h3>\n<p><span style=\"color: #2f2f5e;\">Podstawowy szlak nr 15 z Gavrio przez Ano Agios Petros, Wie\u017c\u0119 Agios Petros i dalej do pla\u017cy Agios Petros ma oko\u0142o 5 km.<\/span><\/p>\n<p><span style=\"color: #2f2f5e;\">Ja wybra\u0142am wariant z powrotem wzd\u0142u\u017c wybrze\u017ca do Gavrio, dzi\u0119ki czemu ca\u0142a moja trasa mia\u0142a oko\u0142o 8 km.<\/span><\/p>\n<h3><span style=\"color: #2f2f5e;\">Ile trwa przej\u015bcie szlaku nr 15 na Andros?<\/span><\/h3>\n<p><span style=\"color: #2f2f5e;\">Sam odcinek z Gavrio do pla\u017cy Agios Petros mo\u017cna przej\u015b\u0107 w oko\u0142o 2\u20132,5 godziny.<\/span><\/p>\n<p><span style=\"color: #2f2f5e;\">Na ca\u0142\u0105 p\u0119tl\u0119 z powrotem do Gavrio warto przeznaczy\u0107 oko\u0142o 4 godzin, szczeg\u00f3lnie je\u015bli chcecie zatrzyma\u0107 si\u0119 przy wie\u017cy, zrobi\u0107 zdj\u0119cia i odpocz\u0105\u0107 na pla\u017cy.<\/span><\/p>\n<h3><span style=\"color: #2f2f5e;\">Sk\u0105d zaczyna si\u0119 szlak nr 15?<\/span><\/h3>\n<p><span style=\"color: #2f2f5e;\">Szlak nr 15 zaczyna si\u0119 w Gavrio, czyli w miejscowo\u015bci, do kt\u00f3rej przyp\u0142ywaj\u0105 promy na Andros.<\/span><\/p>\n<p><span style=\"color: #2f2f5e;\">Ja przez pi\u0119\u0107 dni zatrzyma\u0142am si\u0119 w\u0142a\u015bnie w Gavrio, dlatego ten szlak by\u0142 dla mnie wyj\u0105tkowo wygodny \u2013 mog\u0142am rozpocz\u0105\u0107 w\u0119dr\u00f3wk\u0119 praktycznie spod miejsca noclegu.<\/span><\/p>\n<h3><span style=\"color: #2f2f5e;\">Dok\u0105d prowadzi szlak nr 15?<\/span><\/h3>\n<p><span style=\"color: #2f2f5e;\">Trasa prowadzi z Gavrio przez Ano Agios Petros do Wie\u017cy Agios Petros, a nast\u0119pnie schodzi do pla\u017cy Agios Petros.<\/span><\/p>\n<p><span style=\"color: #2f2f5e;\">Ja nie zako\u0144czy\u0142am w\u0119dr\u00f3wki na pla\u017cy. Wr\u00f3ci\u0142am do Gavrio wzd\u0142u\u017c wybrze\u017ca, tworz\u0105c w ten spos\u00f3b p\u0119tl\u0119 o d\u0142ugo\u015bci oko\u0142o 8 km.<\/span><\/p>\n<h3><span style=\"color: #2f2f5e;\">Czy szlak nr 15 jest trudny?<\/span><\/h3>\n<p><span style=\"color: #2f2f5e;\">Okre\u015bli\u0142abym go jako \u015brednio trudny.<\/span><\/p>\n<p><span style=\"color: #2f2f5e;\">Najbardziej odczuwalne jest pocz\u0105tkowe podej\u015bcie z Gavrio w kierunku Ano Agios Petros. P\u00f3\u017aniej czeka mnie zej\u015bcie w stron\u0119 pla\u017cy.<\/span><\/p>\n<p><span style=\"color: #2f2f5e;\">Nie jest to jednak trasa wymagaj\u0105ca du\u017cego do\u015bwiadczenia g\u00f3rskiego.<\/span><\/p>\n<h3><span style=\"color: #2f2f5e;\">Co zobacz\u0119 podczas w\u0119dr\u00f3wki szlakiem nr 15?<\/span><\/h3>\n<p><span style=\"color: #2f2f5e;\">Po drodze zobaczy\u0142am kilka bardzo r\u00f3\u017cnych miejsc.<\/span><\/p>\n<p><span style=\"color: #2f2f5e;\">S\u0105 tutaj ma\u0142e greckie miejscowo\u015bci, kamienne \u015bcie\u017cki i murki, widoki na morze, Ano Agios Petros, staro\u017cytna Wie\u017ca Agios Petros oraz pla\u017ca Agios Petros.<\/span><\/p>\n<p><span style=\"color: #2f2f5e;\">Najwi\u0119ksze wra\u017cenie zrobi\u0142a na mnie w\u0142a\u015bnie wie\u017ca.<\/span><\/p>\n<h3><span style=\"color: #2f2f5e;\">Czym jest Wie\u017ca Agios Petros?<\/span><\/h3>\n<p><span style=\"color: #2f2f5e;\">Wie\u017ca Agios Petros jest jedn\u0105 z najwa\u017cniejszych staro\u017cytnych budowli na Andros. Pochodzi z okresu hellenistycznego i ma oko\u0142o 20 metr\u00f3w wysoko\u015bci.<\/span><\/p>\n<p><span style=\"color: #2f2f5e;\">Dla mnie by\u0142a najwi\u0119ksz\u0105 niespodziank\u0105 tego szlaku.<\/span><\/p>\n<p><span style=\"color: #2f2f5e;\">Trudno przej\u015b\u0107 obok niej oboj\u0119tnie, szczeg\u00f3lnie kiedy obok znajduje si\u0119 morze i g\u00f3rski krajobraz.<\/span><\/p>\n<h3><span style=\"color: #2f2f5e;\">Czy warto przej\u015b\u0107 szlak nr 15 tylko do pla\u017cy?<\/span><\/h3>\n<p><span style=\"color: #2f2f5e;\">Tak.<\/span><\/p>\n<p><span style=\"color: #2f2f5e;\">Je\u017celi macie mniej czasu, mo\u017cecie przej\u015b\u0107 podstawowy wariant szlaku z Gavrio do pla\u017cy Agios Petros.<\/span><\/p>\n<p><span style=\"color: #2f2f5e;\">Ja zdecydowa\u0142am si\u0119 jednak na d\u0142u\u017csz\u0105 wersj\u0119 z powrotem do Gavrio. Dzi\u0119ki temu zobaczy\u0142am wi\u0119cej wybrze\u017ca i nie musia\u0142am wraca\u0107 t\u0105 sam\u0105 drog\u0105.<\/span><\/p>\n<h3><span style=\"color: #2f2f5e;\">Czy na szlaku nr 15 s\u0105 widoki na morze?<\/span><\/h3>\n<p><span style=\"color: #2f2f5e;\">Tak.<\/span><\/p>\n<p><span style=\"color: #2f2f5e;\">W kilku miejscach pojawiaj\u0105 si\u0119 bardzo \u0142adne widoki na zachodnie wybrze\u017ce Andros oraz morze.<\/span><\/p>\n<p><span style=\"color: #2f2f5e;\">Szczeg\u00f3lnie podoba\u0142y mi si\u0119 momenty, kiedy po przej\u015bciu przez bardziej g\u00f3rski fragment nagle przede mn\u0105 pojawia\u0142o si\u0119 b\u0142\u0119kitne morze.<\/span><\/p>\n<h3><span style=\"color: #2f2f5e;\">Czy na trasie mo\u017cna odpocz\u0105\u0107 na pla\u017cy?<\/span><\/h3>\n<p><span style=\"color: #2f2f5e;\">Tak.<\/span><\/p>\n<p><span style=\"color: #2f2f5e;\">Pla\u017ca Agios Petros jest naturalnym miejscem na odpoczynek po przej\u015bciu pierwszej cz\u0119\u015bci trasy.<\/span><\/p>\n<p><span style=\"color: #2f2f5e;\">Ja w\u0142a\u015bnie tutaj mog\u0142abym sp\u0119dzi\u0107 znacznie wi\u0119cej czasu, ale poniewa\u017c mia\u0142am jeszcze przed sob\u0105 powr\u00f3t do Gavrio, ruszy\u0142am dalej.<\/span><\/p>\n<h3><span style=\"color: #2f2f5e;\">Czy mo\u017cna wr\u00f3ci\u0107 z pla\u017cy Agios Petros do Gavrio?<\/span><\/h3>\n<p><span style=\"color: #2f2f5e;\">Tak.<\/span><\/p>\n<p><span style=\"color: #2f2f5e;\">To w\u0142a\u015bnie ten wariant wybra\u0142am.<\/span><\/p>\n<p><span style=\"color: #2f2f5e;\">Z pla\u017cy skierowa\u0142am si\u0119 w stron\u0119 Gavrio, wracaj\u0105c wzd\u0142u\u017c wybrze\u017ca. Dzi\u0119ki temu ca\u0142a wycieczka sta\u0142a si\u0119 p\u0119tl\u0105 i mia\u0142a oko\u0142o 8 km.<\/span><\/p>\n<h3><span style=\"color: #2f2f5e;\">Czy warto zatrzyma\u0107 si\u0119 w Gavrio na kilka dni?<\/span><\/h3>\n<p><span style=\"color: #2f2f5e;\">Moim zdaniem tak.<\/span><\/p>\n<p><span style=\"color: #2f2f5e;\">Ja zatrzyma\u0142am si\u0119 w Gavrio na pi\u0119\u0107 dni i bardzo dobrze wspominam ten wyb\u00f3r.<\/span><\/p>\n<p><span style=\"color: #2f2f5e;\">Dzi\u0119ki temu nie musia\u0142am codziennie zmienia\u0107 miejsca noclegu, a jednocze\u015bnie mog\u0142am spokojnie odkrywa\u0107 r\u00f3\u017cne cz\u0119\u015bci wyspy.<\/span><\/p>\n<p><span style=\"color: #2f2f5e;\">Gavrio okaza\u0142o si\u0119 dla mnie nie tylko miejscem, do kt\u00f3rego przyp\u0142yn\u0119\u0142am promem, ale r\u00f3wnie\u017c dobr\u0105 baz\u0105 do pieszych wycieczek.<\/span><\/p>\n<h3><span style=\"color: #2f2f5e;\">Kiedy najlepiej przej\u015b\u0107 szlak nr 15?<\/span><\/h3>\n<p><span style=\"color: #2f2f5e;\">Najlepiej wybra\u0107 dzie\u0144 z dobr\u0105 pogod\u0105.<\/span><\/p>\n<p><span style=\"color: #2f2f5e;\">Trasa jest mocno zwi\u0105zana z otwartym krajobrazem, a na Andros s\u0142o\u0144ce potrafi by\u0107 bardzo intensywne.<\/span><\/p>\n<p><span style=\"color: #2f2f5e;\">Ja zdecydowanie zabra\u0142abym ze sob\u0105 wod\u0119, nakrycie g\u0142owy i krem z filtrem.<\/span><\/p>\n<h3><span style=\"color: #2f2f5e;\">Czy na szlak nr 15 potrzebne s\u0105 specjalne buty?<\/span><\/h3>\n<p><span style=\"color: #2f2f5e;\">Nie s\u0105 potrzebne specjalistyczne buty g\u00f3rskie, ale zdecydowanie polecam wygodne obuwie z dobr\u0105 podeszw\u0105.<\/span><\/p>\n<p><span style=\"color: #2f2f5e;\">Na trasie s\u0105 kamieniste fragmenty i podej\u015bcia, dlatego zwyk\u0142e miejskie sanda\u0142y nie by\u0142yby moim pierwszym wyborem.<\/span><\/p>\n<h3><span style=\"color: #2f2f5e;\">Czy szlak nr 15 jest dobry dla pocz\u0105tkuj\u0105cych?<\/span><\/h3>\n<p><span style=\"color: #2f2f5e;\">Je\u017celi kto\u015b ma podstawow\u0105 kondycj\u0119 i lubi piesze wycieczki, powinien sobie poradzi\u0107.<\/span><\/p>\n<p><span style=\"color: #2f2f5e;\">Trasa nie jest bardzo d\u0142uga, ale trzeba pami\u0119ta\u0107 o podej\u015bciu i r\u00f3\u017cnicy wysoko\u015bci.<\/span><\/p>\n<p><span style=\"color: #2f2f5e;\">Ja potraktowa\u0142am j\u0105 jako przyjemn\u0105 ca\u0142odzienn\u0105 wycieczk\u0119 z czasem na zdj\u0119cia, zwiedzanie wie\u017cy i odpoczynek przy morzu.<\/span><\/p>\n<h3><span style=\"color: #2f2f5e;\">Czy warto przej\u015b\u0107 szlak nr 15 na Andros?<\/span><\/h3>\n<p><span style=\"color: #2f2f5e;\">Zdecydowanie.<\/span><\/p>\n<p><span style=\"color: #2f2f5e;\">To jedna z tych tras, kt\u00f3re pokazuj\u0105, \u017ce Andros to nie tylko pla\u017ce.<\/span><\/p>\n<p><span style=\"color: #2f2f5e;\">Podczas jednej w\u0119dr\u00f3wki mam tutaj g\u00f3ry, kamienne \u015bcie\u017cki, ma\u0142\u0105 greck\u0105 wie\u015b, staro\u017cytn\u0105 wie\u017c\u0119 i morze.<\/span><\/p>\n<p><span style=\"color: #2f2f5e;\">A kiedy na ko\u0144cu wracam do Gavrio, mam poczucie, \u017ce zobaczy\u0142am kawa\u0142ek prawdziwego Andros \u2013 tego, kt\u00f3rego nie da si\u0119 zobaczy\u0107 zza szyby samochodu.<\/span><\/p>\n<figure id=\"attachment_21652\" aria-describedby=\"caption-attachment-21652\" style=\"width: 900px\" class=\"wp-caption aligncenter\"><img loading=\"lazy\" decoding=\"async\" class=\"wp-image-21652 size-full\" src=\"https:\/\/bloganki.pl\/wp-content\/uploads\/2026\/09\/20260823_201525.jpg\" alt=\"\" width=\"900\" height=\"675\" srcset=\"https:\/\/bloganki.pl\/wp-content\/uploads\/2026\/09\/20260823_201525.jpg 900w, https:\/\/bloganki.pl\/wp-content\/uploads\/2026\/09\/20260823_201525-300x225.jpg 300w, https:\/\/bloganki.pl\/wp-content\/uploads\/2026\/09\/20260823_201525-768x576.jpg 768w\" sizes=\"(max-width: 900px) 100vw, 900px\" \/><figcaption id=\"caption-attachment-21652\" class=\"wp-caption-text\"><\/span> <span style=\"color: #2f2f5e;\">Gavrio &#8211; Andros.<\/span><\/figcaption><\/figure>\n<h2 class=\"PDq2pG_selectionAnchorContainer\" style=\"text-align: left;\" data-section-id=\"1x0259s\" data-start=\"21424\" data-end=\"21454\"><span style=\"color: #2f2f5e;\">Podoba Ci si\u0119 to, co robi\u0119?<\/span><\/h2>\n<p style=\"text-align: left;\" data-start=\"21456\" data-end=\"21603\"><span style=\"color: #2f2f5e;\">Je\u015bli lubisz moje opowie\u015bci o Grecji i wsp\u00f3lne odkrywanie jej pi\u0119knych, czasem mniej oczywistych zak\u0105tk\u00f3w, mo\u017cesz <strong data-start=\"21570\" data-end=\"21600\">postawi\u0107 mi wirtualn\u0105 kaw\u0119<\/strong>. \u2615<\/span><\/p>\n<p style=\"text-align: left;\" data-start=\"21605\" data-end=\"21835\"><span style=\"color: #2f2f5e;\">W ten prosty spos\u00f3b wesprzesz moj\u0105 tw\u00f3rczo\u015b\u0107 i zmotywujesz mnie do tworzenia kolejnych historii \u2013 o greckich wyspach, ma\u0142ych miejscowo\u015bciach, lokalnych tradycjach i miejscach, kt\u00f3re warto zobaczy\u0107 nie tylko z przewodnikiem w r\u0119ku.<\/span><\/p>\n<p style=\"text-align: left;\" data-start=\"21837\" data-end=\"21867\"><span style=\"color: #2f2f5e;\"><strong data-start=\"21837\" data-end=\"21867\">Dzi\u0119kuj\u0119, \u017ce tu jeste\u015b. \u2764\ufe0f<\/strong><\/span><\/p>\n<p style=\"text-align: left;\" data-start=\"21869\" data-end=\"22024\"><span style=\"color: #2f2f5e;\">To w\u0142a\u015bnie dzi\u0119ki Tobie mog\u0119 dalej odkrywa\u0107 Grecj\u0119, poznawa\u0107 jej miejsca i historie oraz dzieli\u0107 si\u0119 z Tob\u0105 ma\u0142ymi skarbami, kt\u00f3re mo\u017cna znale\u017a\u0107 po drodze.<\/span><\/p>\n<p><span style=\"color: #2f2f5e;\"><a style=\"color: #2f2f5e;\" href=\"https:\/\/buycoffee.to\/bloganki\"><img loading=\"lazy\" decoding=\"async\" class=\"alignnone wp-image-16653 size-medium\" src=\"https:\/\/bloganki.pl\/wp-content\/uploads\/2023\/09\/GIF-1-300x84.gif\" alt=\"\" width=\"300\" height=\"84\" \/><\/a><\/span><\/p>\n","protected":false},"excerpt":{"rendered":"<p>Moja podr\u00f3\u017c na Andros zacz\u0119\u0142a si\u0119 od op\u00f3\u017anienia promu. Prom z Aten, a dok\u0142adniej z portu w Rafinie, mia\u0142 wyp\u0142yn\u0105\u0107 o godzinie 14:00. Ostatecznie jednak odp\u0142yn\u0105\u0142 dopiero po 15:00,\u00a0z ponad godzinnym op\u00f3\u017anieniem. Niby niewiele, ale kiedy ma si\u0119 ju\u017c plan na pierwszy dzie\u0144 na wyspie, ka\u017cda minuta zaczyna mie\u0107 znaczenie. Od razu zacz\u0119\u0142am si\u0119 zastanawia\u0107, czy przez to op\u00f3\u017anienie nie strac\u0119 ca\u0142ego popo\u0142udnia. Bardzo chcia\u0142am jeszcze tego samego dnia wyj\u015b\u0107 na szlak. Nie mia\u0142am ochoty sp\u0119dzi\u0107 pierwszego dnia na Andros tylko na doje\u017adzie do noclegu i rozpakowywaniu rzeczy. Na szcz\u0119\u015bcie wszystko potoczy\u0142o si\u0119 po mojej my\u015bli. W ko\u0144cu dop\u0142yn\u0119\u0142am na Andros i mog\u0142am rozpocz\u0105\u0107 m\u00f3j pi\u0119ciodniowy pobyt na wyspie. Gavrio \u2013 moja baza na pi\u0119\u0107 dni Na Andros zatrzyma\u0142am si\u0119 na pi\u0119\u0107 dni, a moj\u0105 baz\u0105 by\u0142o\u00a0Gavrio. To w\u0142a\u015bnie tutaj przyp\u0142ywa prom i dla wielu os\u00f3b jest to pierwsze miejsce, kt\u00f3re widz\u0105 po przybyciu na wysp\u0119. Dla mnie Gavrio sta\u0142o si\u0119 jednak czym\u015b wi\u0119cej ni\u017c tylko portem. Przez kilka dni mog\u0142am spokojnie poznawa\u0107 okolic\u0119, zagl\u0105da\u0107 do ma\u0142ych miejscowo\u015bci, odkrywa\u0107 pla\u017ce i oczywi\u015bcie chodzi\u0107 po szlakach. Bo Andros najlepiej poznaje mi si\u0119 w\u0142a\u015bnie pieszo. Mo\u017cna oczywi\u015bcie wynaj\u0105\u0107 samoch\u00f3d, objecha\u0107 najwa\u017cniejsze miejsca, zatrzyma\u0107 si\u0119 na kilku pla\u017cach i zrobi\u0107 zdj\u0119cia. Ale wtedy \u0142atwo przegapi\u0107 to, co na Andros lubi\u0119 najbardziej. Ma\u0142e \u015bcie\u017cki. Kamienne murki. Stare domy. Kozy pas\u0105ce si\u0119 gdzie\u015b na zboczu. Zapach zi\u00f3\u0142 rozgrzanych s\u0142o\u0144cem. I widok morza pojawiaj\u0105cy si\u0119 nagle pomi\u0119dzy wzg\u00f3rzami. Podczas mojego pi\u0119ciodniowego pobytu chcia\u0142am zobaczy\u0107 wysp\u0119 z r\u00f3\u017cnych stron, dlatego jednego z dni wybra\u0142am si\u0119 na\u00a0szlak nr 15. Trasa zaczyna si\u0119 w Gavrio i prowadzi przez\u00a0Ano Agios Petros\u00a0do starej wie\u017cy, a nast\u0119pnie schodzi w kierunku\u00a0pla\u017cy Agios Petros. Na ko\u0144cu czeka mnie jeszcze spacer wzd\u0142u\u017c morza i powr\u00f3t do Gavrio. Ca\u0142a p\u0119tla ma oko\u0142o\u00a08 kilometr\u00f3w. Nie jest to wi\u0119c d\u0142uga trasa. Ale na Andros ju\u017c dawno przesta\u0142am patrze\u0107 na kilometry. Tutaj wa\u017cniejsze jest to, co znajduje si\u0119 po drodze. &nbsp; \u00a0 Gavrio \u2013 tutaj zaczynam w\u0119dr\u00f3wk\u0119 Poniewa\u017c przez pi\u0119\u0107 dni mieszkam w\u0142a\u015bnie w Gavrio, tym razem nie musz\u0119 nigdzie doje\u017cd\u017ca\u0107. Po prostu wychodz\u0119 i ruszam na szlak. To bardzo lubi\u0119 podczas podr\u00f3\u017cy \u2013 kiedy miejsce, w kt\u00f3rym nocuj\u0119, staje si\u0119 pocz\u0105tkiem kolejnej przygody. Gavrio znam ju\u017c troch\u0119 lepiej. Wiem, gdzie jest port, gdzie mo\u017cna kupi\u0107 co\u015b do jedzenia i kt\u00f3r\u0119dy prowadz\u0105 drogi w kierunku okolicznych miejscowo\u015bci. Tego dnia jednak zostawiam za sob\u0105 port i ruszam w kierunku Ano Agios Petros. Na pocz\u0105tku trasa prowadzi drog\u0105 w kierunku Ano Gavrio. Po oko\u0142o 1,5 kilometra, przy niewielkiej kaplicy Panagitsa, schodz\u0119 na w\u0142a\u015bciw\u0105 \u015bcie\u017ck\u0119 szlaku nr 15. I tutaj zaczyna si\u0119 prawdziwa w\u0119dr\u00f3wka. Przede mn\u0105 podej\u015bcie. Nie jest mo\u017ce bardzo wymagaj\u0105ce, ale szybko przypominam sobie, \u017ce Andros zdecydowanie nie jest p\u0142ask\u0105 wysp\u0105. Morze zostaje za mn\u0105, a ja zaczynam zdobywa\u0107 wysoko\u015b\u0107. Co chwil\u0119 odwracam si\u0119 jednak, \u017ceby spojrze\u0107 za siebie. I dobrze, \u017ce to robi\u0119. Im wy\u017cej jestem, tym pi\u0119kniej wida\u0107 Gavrio i morze. \u015acie\u017cka przez androskie krajobrazy Lubi\u0119 takie wyspy. Nie te, kt\u00f3re pokazuj\u0105 turystom tylko pi\u0119kne pla\u017ce i b\u0142\u0119kitne morze. Lubi\u0119 miejsca, kt\u00f3re trzeba troch\u0119 odkry\u0107. Na Andros prowadz\u0105 mnie stare kamienne \u015bcie\u017cki, tak charakterystyczne dla wyspy. Towarzysz\u0105 mi kamienne murki, niska ro\u015blinno\u015b\u0107 i coraz szersze widoki na zachodnie wybrze\u017ce. W oddali wida\u0107 Gavrionisia \u2013 niewielkie wysepki le\u017c\u0105ce u zachodnich wybrze\u017cy Andros. Im wy\u017cej jestem, tym bardziej mam wra\u017cenie, \u017ce zostawiam za sob\u0105 portowe Gavrio. Zaczynam poznawa\u0107 zupe\u0142nie inne oblicze wyspy. Spokojne. Troch\u0119 surowe. I bardzo greckie. Ano Agios Petros \u2013 ma\u0142a wie\u015b na wzg\u00f3rzu Po podej\u015bciu docieram do\u00a0Ano Agios Petros. To niewielka, malownicza miejscowo\u015b\u0107, w kt\u00f3rej warto zrobi\u0107 sobie chwil\u0119 przerwy. S\u0105 tutaj domy, niewielkie uliczki, kamienne zabudowania i \u017ar\u00f3de\u0142ko. Po wysi\u0142ku dobrze jest na chwil\u0119 zwolni\u0107. Patrz\u0119 na okolic\u0119 i pr\u00f3buj\u0119 sobie wyobrazi\u0107, jak wygl\u0105da\u0142o \u017cycie tutaj kilkadziesi\u0105t czy kilkaset lat temu. Bo Andros ma bardzo d\u0142ug\u0105 histori\u0119. I mam wra\u017cenie, \u017ce na tej wyspie historia jest dos\u0142ownie wsz\u0119dzie. Trzeba tylko nauczy\u0107 si\u0119 j\u0105 zauwa\u017ca\u0107. Wie\u017ca Agios Petros \u2013 najwi\u0119ksza atrakcja szlaku Z Ano Agios Petros ruszam dalej. I w\u0142a\u015bnie tutaj czeka na mnie miejsce, dla kt\u00f3rego zdecydowanie warto przej\u015b\u0107 ten szlak. Wie\u017ca Agios Petros. Kiedy pierwszy raz j\u0105 zobaczy\u0142am, pomy\u015bla\u0142am, \u017ce wygl\u0105da troch\u0119 nieprawdopodobnie. Ogromna kamienna budowla stoi samotnie na zboczu, a w tle mam morze. Nie spodziewa\u0142am si\u0119, \u017ce na tej wyspie zobacz\u0119 co\u015b takiego. Wie\u017ca pochodzi z okresu hellenistycznego, oko\u0142o IV\u2013III wieku p.n.e. i ma oko\u0142o 20 metr\u00f3w wysoko\u015bci. Niestety, podczas mojej wizyty trwa\u0142 tutaj\u00a0remont wie\u017cy, dlatego nie mog\u0142am zobaczy\u0107 jej w pe\u0142ni z bliska ani wej\u015b\u0107 do \u015brodka. Troch\u0119 szkoda, bo bardzo chcia\u0142am zobaczy\u0107, jak wygl\u0105da wn\u0119trze tej niezwyk\u0142ej budowli. Mimo remontu wie\u017ca robi ogromne wra\u017cenie. Zw\u0142aszcza kiedy stoj\u0119 obok niej i pomy\u015bl\u0119, \u017ce zosta\u0142a zbudowana ponad dwa tysi\u0105ce lat temu. Dooko\u0142a cisza. Morze. G\u00f3ry. I ta ogromna kamienna wie\u017ca. Nawet je\u015bli podczas mojej wizyty by\u0142a cz\u0119\u015bciowo zabezpieczona i prowadzono przy niej prace, nadal by\u0142a jednym z najciekawszych punkt\u00f3w ca\u0142ej trasy. To jeden z tych moment\u00f3w podczas w\u0119dr\u00f3wki, kiedy przestaj\u0119 si\u0119 spieszy\u0107. Robi\u0119 zdj\u0119cia, ale przede wszystkim po prostu patrz\u0119. Mam nadziej\u0119, \u017ce po zako\u0144czeniu remontu b\u0119d\u0119 mog\u0142a kiedy\u015b wr\u00f3ci\u0107 tutaj ponownie i zobaczy\u0107 wie\u017c\u0119 ju\u017c bez rusztowa\u0144 i prac remontowych. Z wie\u017cy schodz\u0119 w stron\u0119 morza Za wie\u017c\u0105 szlak zaczyna prowadzi\u0107 w d\u00f3\u0142. I tutaj krajobraz znowu si\u0119 zmienia. Zostawiam za sob\u0105 Ano Agios Petros i powoli schodz\u0119 w kierunku wybrze\u017ca. Trasa prowadzi przez dolin\u0119. Z g\u00f3ry wygl\u0105da to zupe\u0142nie inaczej ni\u017c wtedy, kiedy sz\u0142am pod g\u00f3r\u0119. Wida\u0107 morze. Wida\u0107 pla\u017c\u0119. I wiem ju\u017c, \u017ce przede mn\u0105 najprzyjemniejsza cz\u0119\u015b\u0107 w\u0119dr\u00f3wki. Bo po ca\u0142ym podej\u015bciu czeka mnie zej\u015bcie. A na ko\u0144cu \u2013 pla\u017ca. Pla\u017ca Agios Petros W ko\u0144cu pojawia si\u0119 przede mn\u0105\u00a0pla\u017ca Agios Petros. I trudno o lepsze zako\u0144czenie g\u00f3rskiego spaceru. Jeszcze chwil\u0119 wcze\u015bniej id\u0119 kamienn\u0105 \u015bcie\u017ck\u0105 wysoko nad morzem, a teraz stoj\u0119 na pla\u017cy. Piasek. B\u0142\u0119kitna woda. S\u0142o\u0144ce. I \u015bwiadomo\u015b\u0107, \u017ce najtrudniejsza cz\u0119\u015b\u0107 trasy jest ju\u017c za mn\u0105. Mam ochot\u0119 zosta\u0107 tutaj na d\u0142u\u017cej. Ale moja trasa jeszcze si\u0119 nie ko\u0144czy. Nie wracam t\u0105 sam\u0105 drog\u0105. Wybieram wariant prowadz\u0105cy wzd\u0142u\u017c wybrze\u017ca z powrotem do Gavrio. Z pla\u017cy wracam do Gavrio wzd\u0142u\u017c morza Po zej\u015bciu na pla\u017c\u0119 ruszam w stron\u0119 Gavrio. I to jest dla mnie jeden z najprzyjemniejszych fragment\u00f3w ca\u0142ej trasy. Po wcze\u015bniejszym podej\u015bciu i zej\u015bciu mog\u0119 wreszcie troch\u0119 zwolni\u0107. Morze jest ca\u0142y czas obok. Wiatr. S\u0142o\u0144ce. Zapach lata. I ten charakterystyczny dla greckich wysp b\u0142\u0119kit. Z ka\u017cdym krokiem zbli\u017cam si\u0119 do Gavrio. W pewnym momencie zaczynam ju\u017c rozpoznawa\u0107 port. I wiem, \u017ce moja w\u0119dr\u00f3wka powoli si\u0119 ko\u0144czy. A przecie\u017c jeszcze kilka dni temu przyp\u0142yn\u0119\u0142am tutaj promem i w\u0142a\u015bnie tutaj zaczyna\u0142am swoj\u0105 przygod\u0119 z Andros. Teraz wracam pieszo. Troch\u0119 zm\u0119czona, troch\u0119 opalona i przede wszystkim bardzo zadowolona z tego, co zobaczy\u0142am. Czy warto przej\u015b\u0107 szlak nr 15? Zdecydowanie. I chyba najbardziej podoba mi si\u0119 w\u0142a\u015bnie jego r\u00f3\u017cnorodno\u015b\u0107. W ci\u0105gu kilku godzin mam tutaj w\u0142a\u015bciwie wszystko. Port. G\u00f3rskie podej\u015bcie. Ma\u0142\u0105 greck\u0105 wie\u015b. Kamienne \u015bcie\u017cki. Widoki na morze. Staro\u017cytn\u0105 wie\u017c\u0119. Dolin\u0119. Pla\u017c\u0119. I na ko\u0144cu spacer wzd\u0142u\u017c wybrze\u017ca. To nie jest trasa, na kt\u00f3rej przez ca\u0142y czas mam spektakularne widoki. I dobrze. Bo dzi\u0119ki temu mog\u0119 troch\u0119 zwolni\u0107. Popatrze\u0107 na kamienne murki. Zajrze\u0107 do starego domu. Zatrzyma\u0107 si\u0119 przy wie\u017cy. Pos\u0142ucha\u0107 morza. I po prostu i\u015b\u0107. A przecie\u017c w\u0142a\u015bnie za to najbardziej lubi\u0119 piesze w\u0119dr\u00f3wki. Nie tylko za zdobywanie kolejnych kilometr\u00f3w. Ale za to, \u017ce pozwalaj\u0105 zobaczy\u0107 miejsce z zupe\u0142nie innej perspektywy. Szlak nr 15 na Andros \u2013 informacje praktyczne Trasa:\u00a0Gavrio \u2013 Ano Agios Petros \u2013 Wie\u017ca Agios Petros \u2013 pla\u017ca Agios Petros \u2013 Gavrio D\u0142ugo\u015b\u0107:\u00a0oko\u0142o 8 km Czas:\u00a0oko\u0142o 4 godzin z przerwami Trudno\u015b\u0107:\u00a0\u015brednia R\u00f3\u017cnica wysoko\u015bci:\u00a0oko\u0142o 285 m Oznakowanie:\u00a0szlak nr 15 Pocz\u0105tek:\u00a0Gavrio Najwa\u017cniejsze atrakcje:\u00a0Ano Agios Petros, Wie\u017ca Agios Petros, widoki na zachodnie wybrze\u017ce Andros, Gavrionisia, pla\u017ca Agios Petros Na podstawowym odcinku Gavrio \u2013 Ano Agios Petros \u2013 wie\u017ca \u2013 pla\u017ca trasa ma oko\u0142o 5 km i oko\u0142o 2 godziny 15 minut marszu. Wersja z powrotem wzd\u0142u\u017c wybrze\u017ca do Gavrio wyd\u0142u\u017ca ca\u0142\u0105 wycieczk\u0119 do oko\u0142o 8 km. Warto zabra\u0107 ze sob\u0105 wod\u0119, nakrycie g\u0142owy i wygodne buty. Na trasie s\u0105 podej\u015bcia, a greckie s\u0142o\u0144ce potrafi by\u0107 naprawd\u0119 mocne. Moje wra\u017cenia Podczas tych pi\u0119ciu dni na Andros chcia\u0142am zobaczy\u0107 jak najwi\u0119cej, ale bez ci\u0105g\u0142ego po\u015bpiechu. Szlak nr 15 by\u0142 w\u0142a\u015bnie tak\u0105 wycieczk\u0105. Nie za d\u0142ug\u0105. Nie za trudn\u0105. Ale pe\u0142n\u0105 r\u00f3\u017cnych krajobraz\u00f3w. Najpierw Gavrio i g\u00f3ry. P\u00f3\u017aniej Ano Agios Petros. Staro\u017cytna wie\u017ca. A na ko\u0144cu morze i pla\u017ca. I chyba w\u0142a\u015bnie takie po\u0142\u0105czenia lubi\u0119 najbardziej. Bo tego dnia Andros pokaza\u0142o mi kilka swoich twarzy. Najpierw g\u00f3rsk\u0105. Potem historyczn\u0105. A na ko\u0144cu t\u0119 najbardziej wakacyjn\u0105 \u2013 z pla\u017c\u0105 i morzem. Przez pi\u0119\u0107 dni Gavrio by\u0142o moj\u0105 baz\u0105. A dzi\u0119ki takim szlakom mog\u0142am przekona\u0107 si\u0119, \u017ce Andros to zdecydowanie co\u015b wi\u0119cej ni\u017c pi\u0119kne pla\u017ce. To wyspa, kt\u00f3r\u0105 warto\u00a0przej\u015b\u0107, a nie tylko objecha\u0107. FAQ \u2013 szlak nr 15 na Andros Ile kilometr\u00f3w ma szlak nr 15 na Andros? Podstawowy szlak nr 15 z Gavrio przez Ano Agios Petros, Wie\u017c\u0119 Agios Petros i dalej do pla\u017cy Agios Petros ma oko\u0142o 5 km. Ja wybra\u0142am wariant z powrotem wzd\u0142u\u017c wybrze\u017ca do Gavrio, dzi\u0119ki czemu ca\u0142a moja trasa mia\u0142a oko\u0142o 8 km. Ile trwa przej\u015bcie szlaku nr 15 na Andros? Sam odcinek z Gavrio do pla\u017cy Agios Petros mo\u017cna przej\u015b\u0107 w oko\u0142o 2\u20132,5 godziny. Na ca\u0142\u0105 p\u0119tl\u0119 z powrotem do Gavrio warto przeznaczy\u0107 oko\u0142o 4 godzin, szczeg\u00f3lnie je\u015bli chcecie zatrzyma\u0107 si\u0119 przy wie\u017cy, zrobi\u0107 zdj\u0119cia i odpocz\u0105\u0107 na pla\u017cy. Sk\u0105d zaczyna si\u0119 szlak nr 15? Szlak nr 15 zaczyna si\u0119 w Gavrio, czyli w miejscowo\u015bci, do kt\u00f3rej przyp\u0142ywaj\u0105 promy na Andros. Ja przez pi\u0119\u0107 dni zatrzyma\u0142am si\u0119 w\u0142a\u015bnie w Gavrio, dlatego ten szlak by\u0142 dla mnie wyj\u0105tkowo wygodny \u2013 mog\u0142am rozpocz\u0105\u0107 w\u0119dr\u00f3wk\u0119 praktycznie spod miejsca noclegu. Dok\u0105d prowadzi szlak nr 15? Trasa prowadzi z Gavrio przez Ano Agios Petros do Wie\u017cy Agios Petros, a nast\u0119pnie schodzi do pla\u017cy Agios Petros. Ja nie zako\u0144czy\u0142am w\u0119dr\u00f3wki na pla\u017cy. Wr\u00f3ci\u0142am do Gavrio wzd\u0142u\u017c wybrze\u017ca, tworz\u0105c w ten spos\u00f3b p\u0119tl\u0119 o d\u0142ugo\u015bci oko\u0142o 8 km. Czy szlak nr 15 jest trudny? Okre\u015bli\u0142abym go jako \u015brednio trudny. Najbardziej odczuwalne jest pocz\u0105tkowe podej\u015bcie z Gavrio w kierunku Ano Agios Petros. P\u00f3\u017aniej czeka mnie zej\u015bcie w stron\u0119 pla\u017cy. Nie jest to jednak trasa wymagaj\u0105ca du\u017cego do\u015bwiadczenia g\u00f3rskiego. Co zobacz\u0119 podczas w\u0119dr\u00f3wki szlakiem nr 15? Po drodze zobaczy\u0142am kilka bardzo r\u00f3\u017cnych miejsc. S\u0105 tutaj ma\u0142e greckie miejscowo\u015bci, kamienne \u015bcie\u017cki i murki, widoki na morze, Ano Agios Petros, staro\u017cytna Wie\u017ca Agios Petros oraz pla\u017ca Agios Petros. Najwi\u0119ksze wra\u017cenie zrobi\u0142a na mnie w\u0142a\u015bnie wie\u017ca. Czym jest Wie\u017ca Agios Petros? Wie\u017ca Agios Petros jest jedn\u0105 z najwa\u017cniejszych staro\u017cytnych budowli na Andros. Pochodzi z okresu hellenistycznego i ma oko\u0142o 20 metr\u00f3w wysoko\u015bci. Dla mnie by\u0142a najwi\u0119ksz\u0105 niespodziank\u0105 tego szlaku. Trudno przej\u015b\u0107 obok niej oboj\u0119tnie, szczeg\u00f3lnie kiedy obok znajduje si\u0119 morze i g\u00f3rski krajobraz. Czy warto przej\u015b\u0107 szlak nr 15 tylko do pla\u017cy? Tak. Je\u017celi macie mniej czasu, mo\u017cecie przej\u015b\u0107 podstawowy wariant szlaku z Gavrio do pla\u017cy Agios Petros. Ja zdecydowa\u0142am si\u0119 jednak na d\u0142u\u017csz\u0105 wersj\u0119 z powrotem do Gavrio. Dzi\u0119ki temu zobaczy\u0142am wi\u0119cej wybrze\u017ca i nie musia\u0142am wraca\u0107 t\u0105 sam\u0105 drog\u0105. Czy na szlaku nr 15 s\u0105 widoki na morze? Tak. W kilku miejscach pojawiaj\u0105 si\u0119 bardzo \u0142adne widoki na zachodnie wybrze\u017ce Andros oraz morze. Szczeg\u00f3lnie podoba\u0142y mi si\u0119 momenty, kiedy po przej\u015bciu przez bardziej g\u00f3rski fragment nagle przede mn\u0105 pojawia\u0142o si\u0119 b\u0142\u0119kitne morze. Czy na trasie mo\u017cna odpocz\u0105\u0107 na pla\u017cy? Tak. Pla\u017ca Agios Petros jest naturalnym miejscem na odpoczynek po przej\u015bciu pierwszej cz\u0119\u015bci trasy. Ja w\u0142a\u015bnie tutaj mog\u0142abym sp\u0119dzi\u0107 znacznie wi\u0119cej czasu, ale poniewa\u017c mia\u0142am jeszcze przed sob\u0105 powr\u00f3t do Gavrio, ruszy\u0142am dalej. Czy mo\u017cna wr\u00f3ci\u0107 z pla\u017cy Agios Petros do Gavrio? Tak. To w\u0142a\u015bnie ten wariant wybra\u0142am. Z pla\u017cy skierowa\u0142am si\u0119 w stron\u0119 Gavrio, wracaj\u0105c wzd\u0142u\u017c wybrze\u017ca. Dzi\u0119ki temu ca\u0142a wycieczka sta\u0142a si\u0119 p\u0119tl\u0105 i mia\u0142a oko\u0142o 8 km. Czy warto zatrzyma\u0107 si\u0119 w Gavrio na kilka dni? Moim zdaniem tak. Ja zatrzyma\u0142am si\u0119 w Gavrio na pi\u0119\u0107 dni i bardzo dobrze wspominam ten wyb\u00f3r. Dzi\u0119ki temu nie musia\u0142am codziennie zmienia\u0107 miejsca noclegu, a jednocze\u015bnie mog\u0142am spokojnie odkrywa\u0107 r\u00f3\u017cne cz\u0119\u015bci wyspy. Gavrio okaza\u0142o si\u0119 dla mnie nie tylko miejscem, do kt\u00f3rego przyp\u0142yn\u0119\u0142am promem, ale r\u00f3wnie\u017c dobr\u0105 baz\u0105 do pieszych wycieczek. Kiedy najlepiej przej\u015b\u0107 szlak nr 15? Najlepiej wybra\u0107 dzie\u0144 z dobr\u0105 pogod\u0105. Trasa jest mocno zwi\u0105zana z otwartym krajobrazem, a na Andros&#8230;<\/p>\n","protected":false},"author":3,"featured_media":21609,"comment_status":"open","ping_status":"open","sticky":false,"template":"","format":"standard","meta":{"_monsterinsights_skip_tracking":false,"footnotes":""},"categories":[19,1123],"tags":[1472,1468,1474,1477,1471,1469,1470,1475,1476,1473],"class_list":["post-21608","post","type-post","status-publish","format-standard","has-post-thumbnail","hentry","category-grecja-europa","category-pozostale-wyspy","tag-agios-petros","tag-andros","tag-andros-routes","tag-cyklady","tag-gavrio","tag-szlak-nr-15-andros","tag-szlaki-na-andros","tag-szlaki-piesze-w-grecji","tag-trekking-andros","tag-wieza-agios-petros"],"aioseo_notices":[],"aioseo_head":"\n\t\t<!-- All in One SEO 5.0.1.1 - aioseo.com -->\n\t<meta name=\"description\" content=\"Szlak nr 15 na Andros z Gavrio przez Ano Agios Petros i staro\u017cytn\u0105 wie\u017c\u0119 do pla\u017cy Agios Petros. Oko\u0142o 8 km pi\u0119knej trasy z widokiem na morze.\" \/>\n\t<meta name=\"robots\" content=\"max-image-preview:large\" \/>\n\t<meta name=\"author\" content=\"Ania\"\/>\n\t<link rel=\"canonical\" href=\"https:\/\/bloganki.pl\/index.php\/2026\/09\/05\/szlak-nr-15-na-andros-z-gavrio-przez-ano-agios-petros-do-plazy-agios-petros\/\" \/>\n\t<meta name=\"generator\" content=\"All in One SEO (AIOSEO) 5.0.1.1\" \/>\n\t\t<meta property=\"og:locale\" content=\"pl_PL\" \/>\n\t\t<meta property=\"og:site_name\" content=\"blogAnki - Zanim znikn\u0105 \u2013 historie ludzi i miejsc. O Puszczy Kampinoskiej, Podlasiu, Grecji i miejscach, kt\u00f3re maj\u0105 wi\u0119cej do opowiedzenia, ni\u017c wida\u0107 na pierwszy rzut oka.\" \/>\n\t\t<meta property=\"og:type\" content=\"article\" \/>\n\t\t<meta property=\"og:title\" content=\"Szlak nr 15 na Andros \u2013 z Gavrio przez Ano Agios Petros do pla\u017cy Agios Petros. - blogAnki\" \/>\n\t\t<meta property=\"og:description\" content=\"Szlak nr 15 na Andros z Gavrio przez Ano Agios Petros i staro\u017cytn\u0105 wie\u017c\u0119 do pla\u017cy Agios Petros. Oko\u0142o 8 km pi\u0119knej trasy z widokiem na morze.\" \/>\n\t\t<meta property=\"og:url\" content=\"https:\/\/bloganki.pl\/index.php\/2026\/09\/05\/szlak-nr-15-na-andros-z-gavrio-przez-ano-agios-petros-do-plazy-agios-petros\/\" \/>\n\t\t<meta property=\"article:published_time\" content=\"2026-09-05T18:00:32+00:00\" \/>\n\t\t<meta property=\"article:modified_time\" content=\"2026-09-05T18:01:27+00:00\" \/>\n\t\t<meta name=\"twitter:card\" content=\"summary_large_image\" \/>\n\t\t<meta name=\"twitter:title\" content=\"Szlak nr 15 na Andros \u2013 z Gavrio przez Ano Agios Petros do pla\u017cy Agios Petros. - blogAnki\" \/>\n\t\t<meta name=\"twitter:description\" content=\"Szlak nr 15 na Andros z Gavrio przez Ano Agios Petros i staro\u017cytn\u0105 wie\u017c\u0119 do pla\u017cy Agios Petros. Oko\u0142o 8 km pi\u0119knej trasy z widokiem na morze.\" \/>\n\t\t<script type=\"application\/ld+json\" class=\"aioseo-schema\">\n\t\t\t{\"@context\":\"https:\\\/\\\/schema.org\",\"@graph\":[{\"@type\":\"BlogPosting\",\"@id\":\"https:\\\/\\\/bloganki.pl\\\/index.php\\\/2026\\\/09\\\/05\\\/szlak-nr-15-na-andros-z-gavrio-przez-ano-agios-petros-do-plazy-agios-petros\\\/#blogposting\",\"name\":\"Szlak nr 15 na Andros \\u2013 z Gavrio przez Ano Agios Petros do pla\\u017cy Agios Petros. - blogAnki\",\"headline\":\"Szlak nr 15 na Andros \\u2013 z Gavrio przez Ano Agios Petros do pla\\u017cy Agios Petros.\",\"author\":{\"@id\":\"https:\\\/\\\/bloganki.pl\\\/index.php\\\/author\\\/admin-2\\\/#author\"},\"publisher\":{\"@id\":\"https:\\\/\\\/bloganki.pl\\\/#organization\"},\"image\":{\"@type\":\"ImageObject\",\"url\":\"https:\\\/\\\/bloganki.pl\\\/wp-content\\\/uploads\\\/2026\\\/09\\\/20260823_172820.jpg\",\"width\":900,\"height\":675},\"datePublished\":\"2026-09-05T20:00:32+02:00\",\"dateModified\":\"2026-09-05T20:01:27+02:00\",\"inLanguage\":\"pl-PL\",\"mainEntityOfPage\":{\"@id\":\"https:\\\/\\\/bloganki.pl\\\/index.php\\\/2026\\\/09\\\/05\\\/szlak-nr-15-na-andros-z-gavrio-przez-ano-agios-petros-do-plazy-agios-petros\\\/#webpage\"},\"isPartOf\":{\"@id\":\"https:\\\/\\\/bloganki.pl\\\/index.php\\\/2026\\\/09\\\/05\\\/szlak-nr-15-na-andros-z-gavrio-przez-ano-agios-petros-do-plazy-agios-petros\\\/#webpage\"},\"articleSection\":\"Grecja, Pozosta\\u0142e wyspy, Agios Petros, Andros, Andros Routes, Cyklady, Gavrio, szlak nr 15 Andros, szlaki na Andros, szlaki piesze w Grecji, trekking Andros, Wie\\u017ca Agios Petros\"},{\"@type\":\"BreadcrumbList\",\"@id\":\"https:\\\/\\\/bloganki.pl\\\/index.php\\\/2026\\\/09\\\/05\\\/szlak-nr-15-na-andros-z-gavrio-przez-ano-agios-petros-do-plazy-agios-petros\\\/#breadcrumblist\",\"itemListElement\":[{\"@type\":\"ListItem\",\"@id\":\"https:\\\/\\\/bloganki.pl#listItem\",\"position\":1,\"name\":\"Home\",\"item\":\"https:\\\/\\\/bloganki.pl\",\"nextItem\":{\"@type\":\"ListItem\",\"@id\":\"https:\\\/\\\/bloganki.pl\\\/index.php\\\/category\\\/bez-kategorii\\\/#listItem\",\"name\":\"Bez kategorii\"}},{\"@type\":\"ListItem\",\"@id\":\"https:\\\/\\\/bloganki.pl\\\/index.php\\\/category\\\/bez-kategorii\\\/#listItem\",\"position\":2,\"name\":\"Bez kategorii\",\"item\":\"https:\\\/\\\/bloganki.pl\\\/index.php\\\/category\\\/bez-kategorii\\\/\",\"nextItem\":{\"@type\":\"ListItem\",\"@id\":\"https:\\\/\\\/bloganki.pl\\\/index.php\\\/category\\\/bez-kategorii\\\/grecja-europa\\\/#listItem\",\"name\":\"Grecja\"},\"previousItem\":{\"@type\":\"ListItem\",\"@id\":\"https:\\\/\\\/bloganki.pl#listItem\",\"name\":\"Home\"}},{\"@type\":\"ListItem\",\"@id\":\"https:\\\/\\\/bloganki.pl\\\/index.php\\\/category\\\/bez-kategorii\\\/grecja-europa\\\/#listItem\",\"position\":3,\"name\":\"Grecja\",\"item\":\"https:\\\/\\\/bloganki.pl\\\/index.php\\\/category\\\/bez-kategorii\\\/grecja-europa\\\/\",\"nextItem\":{\"@type\":\"ListItem\",\"@id\":\"https:\\\/\\\/bloganki.pl\\\/index.php\\\/category\\\/bez-kategorii\\\/grecja-europa\\\/pozostale-wyspy\\\/#listItem\",\"name\":\"Pozosta\\u0142e wyspy\"},\"previousItem\":{\"@type\":\"ListItem\",\"@id\":\"https:\\\/\\\/bloganki.pl\\\/index.php\\\/category\\\/bez-kategorii\\\/#listItem\",\"name\":\"Bez kategorii\"}},{\"@type\":\"ListItem\",\"@id\":\"https:\\\/\\\/bloganki.pl\\\/index.php\\\/category\\\/bez-kategorii\\\/grecja-europa\\\/pozostale-wyspy\\\/#listItem\",\"position\":4,\"name\":\"Pozosta\\u0142e wyspy\",\"item\":\"https:\\\/\\\/bloganki.pl\\\/index.php\\\/category\\\/bez-kategorii\\\/grecja-europa\\\/pozostale-wyspy\\\/\",\"nextItem\":{\"@type\":\"ListItem\",\"@id\":\"https:\\\/\\\/bloganki.pl\\\/index.php\\\/2026\\\/09\\\/05\\\/szlak-nr-15-na-andros-z-gavrio-przez-ano-agios-petros-do-plazy-agios-petros\\\/#listItem\",\"name\":\"Szlak nr 15 na Andros \\u2013 z Gavrio przez Ano Agios Petros do pla\\u017cy Agios Petros.\"},\"previousItem\":{\"@type\":\"ListItem\",\"@id\":\"https:\\\/\\\/bloganki.pl\\\/index.php\\\/category\\\/bez-kategorii\\\/grecja-europa\\\/#listItem\",\"name\":\"Grecja\"}},{\"@type\":\"ListItem\",\"@id\":\"https:\\\/\\\/bloganki.pl\\\/index.php\\\/2026\\\/09\\\/05\\\/szlak-nr-15-na-andros-z-gavrio-przez-ano-agios-petros-do-plazy-agios-petros\\\/#listItem\",\"position\":5,\"name\":\"Szlak nr 15 na Andros \\u2013 z Gavrio przez Ano Agios Petros do pla\\u017cy Agios Petros.\",\"previousItem\":{\"@type\":\"ListItem\",\"@id\":\"https:\\\/\\\/bloganki.pl\\\/index.php\\\/category\\\/bez-kategorii\\\/grecja-europa\\\/pozostale-wyspy\\\/#listItem\",\"name\":\"Pozosta\\u0142e wyspy\"}}]},{\"@type\":\"Organization\",\"@id\":\"https:\\\/\\\/bloganki.pl\\\/#organization\",\"name\":\"bloganki\",\"description\":\"Zanim znikn\\u0105 \\u2013 historie ludzi i miejsc. O Puszczy Kampinoskiej, Podlasiu, Grecji i miejscach, kt\\u00f3re maj\\u0105 wi\\u0119cej do opowiedzenia, ni\\u017c wida\\u0107 na pierwszy rzut oka.\",\"url\":\"https:\\\/\\\/bloganki.pl\\\/\",\"logo\":{\"@type\":\"ImageObject\",\"url\":\"https:\\\/\\\/bloganki.pl\\\/wp-content\\\/uploads\\\/2024\\\/03\\\/cropped-Anna_Matela-Lubanska_Kwiecien_Zawilce.jpg\",\"@id\":\"https:\\\/\\\/bloganki.pl\\\/index.php\\\/2026\\\/09\\\/05\\\/szlak-nr-15-na-andros-z-gavrio-przez-ano-agios-petros-do-plazy-agios-petros\\\/#organizationLogo\",\"width\":900,\"height\":345},\"image\":{\"@id\":\"https:\\\/\\\/bloganki.pl\\\/index.php\\\/2026\\\/09\\\/05\\\/szlak-nr-15-na-andros-z-gavrio-przez-ano-agios-petros-do-plazy-agios-petros\\\/#organizationLogo\"}},{\"@type\":\"Person\",\"@id\":\"https:\\\/\\\/bloganki.pl\\\/index.php\\\/author\\\/admin-2\\\/#author\",\"url\":\"https:\\\/\\\/bloganki.pl\\\/index.php\\\/author\\\/admin-2\\\/\",\"name\":\"Ania\",\"image\":{\"@type\":\"ImageObject\",\"@id\":\"https:\\\/\\\/bloganki.pl\\\/index.php\\\/2026\\\/09\\\/05\\\/szlak-nr-15-na-andros-z-gavrio-przez-ano-agios-petros-do-plazy-agios-petros\\\/#authorImage\",\"url\":\"https:\\\/\\\/secure.gravatar.com\\\/avatar\\\/b8aa08fbf2bab600d705869b5f8b83727a0486762f5f824217337056bf89a560?s=96&d=mm&r=g\",\"width\":96,\"height\":96,\"caption\":\"Ania\"}},{\"@type\":\"WebPage\",\"@id\":\"https:\\\/\\\/bloganki.pl\\\/index.php\\\/2026\\\/09\\\/05\\\/szlak-nr-15-na-andros-z-gavrio-przez-ano-agios-petros-do-plazy-agios-petros\\\/#webpage\",\"url\":\"https:\\\/\\\/bloganki.pl\\\/index.php\\\/2026\\\/09\\\/05\\\/szlak-nr-15-na-andros-z-gavrio-przez-ano-agios-petros-do-plazy-agios-petros\\\/\",\"name\":\"Szlak nr 15 na Andros \\u2013 z Gavrio przez Ano Agios Petros do pla\\u017cy Agios Petros. - blogAnki\",\"description\":\"Szlak nr 15 na Andros z Gavrio przez Ano Agios Petros i staro\\u017cytn\\u0105 wie\\u017c\\u0119 do pla\\u017cy Agios Petros. Oko\\u0142o 8 km pi\\u0119knej trasy z widokiem na morze.\",\"inLanguage\":\"pl-PL\",\"isPartOf\":{\"@id\":\"https:\\\/\\\/bloganki.pl\\\/#website\"},\"breadcrumb\":{\"@id\":\"https:\\\/\\\/bloganki.pl\\\/index.php\\\/2026\\\/09\\\/05\\\/szlak-nr-15-na-andros-z-gavrio-przez-ano-agios-petros-do-plazy-agios-petros\\\/#breadcrumblist\"},\"author\":{\"@id\":\"https:\\\/\\\/bloganki.pl\\\/index.php\\\/author\\\/admin-2\\\/#author\"},\"creator\":{\"@id\":\"https:\\\/\\\/bloganki.pl\\\/index.php\\\/author\\\/admin-2\\\/#author\"},\"image\":{\"@type\":\"ImageObject\",\"url\":\"https:\\\/\\\/bloganki.pl\\\/wp-content\\\/uploads\\\/2026\\\/09\\\/20260823_172820.jpg\",\"@id\":\"https:\\\/\\\/bloganki.pl\\\/index.php\\\/2026\\\/09\\\/05\\\/szlak-nr-15-na-andros-z-gavrio-przez-ano-agios-petros-do-plazy-agios-petros\\\/#mainImage\",\"width\":900,\"height\":675},\"primaryImageOfPage\":{\"@id\":\"https:\\\/\\\/bloganki.pl\\\/index.php\\\/2026\\\/09\\\/05\\\/szlak-nr-15-na-andros-z-gavrio-przez-ano-agios-petros-do-plazy-agios-petros\\\/#mainImage\"},\"datePublished\":\"2026-09-05T20:00:32+02:00\",\"dateModified\":\"2026-09-05T20:01:27+02:00\"},{\"@type\":\"WebSite\",\"@id\":\"https:\\\/\\\/bloganki.pl\\\/#website\",\"url\":\"https:\\\/\\\/bloganki.pl\\\/\",\"name\":\"bloganki\",\"description\":\"Zanim znikn\\u0105 \\u2013 historie ludzi i miejsc. O Puszczy Kampinoskiej, Podlasiu, Grecji i miejscach, kt\\u00f3re maj\\u0105 wi\\u0119cej do opowiedzenia, ni\\u017c wida\\u0107 na pierwszy rzut oka.\",\"inLanguage\":\"pl-PL\",\"publisher\":{\"@id\":\"https:\\\/\\\/bloganki.pl\\\/#organization\"}}]}\n\t\t<\/script>\n\t\t<!-- All in One SEO -->\n\n","aioseo_head_json":{"title":"Szlak nr 15 na Andros \u2013 z Gavrio przez Ano Agios Petros do pla\u017cy Agios Petros. - blogAnki","description":"Szlak nr 15 na Andros z Gavrio przez Ano Agios Petros i staro\u017cytn\u0105 wie\u017c\u0119 do pla\u017cy Agios Petros. Oko\u0142o 8 km pi\u0119knej trasy z widokiem na morze.","canonical_url":"https:\/\/bloganki.pl\/index.php\/2026\/09\/05\/szlak-nr-15-na-andros-z-gavrio-przez-ano-agios-petros-do-plazy-agios-petros\/","robots":"max-image-preview:large","keywords":"","webmasterTools":{"miscellaneous":""},"schema":{"@context":"https:\/\/schema.org","@graph":[{"@type":"BlogPosting","@id":"https:\/\/bloganki.pl\/index.php\/2026\/09\/05\/szlak-nr-15-na-andros-z-gavrio-przez-ano-agios-petros-do-plazy-agios-petros\/#blogposting","name":"Szlak nr 15 na Andros \u2013 z Gavrio przez Ano Agios Petros do pla\u017cy Agios Petros. - blogAnki","headline":"Szlak nr 15 na Andros \u2013 z Gavrio przez Ano Agios Petros do pla\u017cy Agios Petros.","author":{"@id":"https:\/\/bloganki.pl\/index.php\/author\/admin-2\/#author"},"publisher":{"@id":"https:\/\/bloganki.pl\/#organization"},"image":{"@type":"ImageObject","url":"https:\/\/bloganki.pl\/wp-content\/uploads\/2026\/09\/20260823_172820.jpg","width":900,"height":675},"datePublished":"2026-09-05T20:00:32+02:00","dateModified":"2026-09-05T20:01:27+02:00","inLanguage":"pl-PL","mainEntityOfPage":{"@id":"https:\/\/bloganki.pl\/index.php\/2026\/09\/05\/szlak-nr-15-na-andros-z-gavrio-przez-ano-agios-petros-do-plazy-agios-petros\/#webpage"},"isPartOf":{"@id":"https:\/\/bloganki.pl\/index.php\/2026\/09\/05\/szlak-nr-15-na-andros-z-gavrio-przez-ano-agios-petros-do-plazy-agios-petros\/#webpage"},"articleSection":"Grecja, Pozosta\u0142e wyspy, Agios Petros, Andros, Andros Routes, Cyklady, Gavrio, szlak nr 15 Andros, szlaki na Andros, szlaki piesze w Grecji, trekking Andros, Wie\u017ca Agios Petros"},{"@type":"BreadcrumbList","@id":"https:\/\/bloganki.pl\/index.php\/2026\/09\/05\/szlak-nr-15-na-andros-z-gavrio-przez-ano-agios-petros-do-plazy-agios-petros\/#breadcrumblist","itemListElement":[{"@type":"ListItem","@id":"https:\/\/bloganki.pl#listItem","position":1,"name":"Home","item":"https:\/\/bloganki.pl","nextItem":{"@type":"ListItem","@id":"https:\/\/bloganki.pl\/index.php\/category\/bez-kategorii\/#listItem","name":"Bez kategorii"}},{"@type":"ListItem","@id":"https:\/\/bloganki.pl\/index.php\/category\/bez-kategorii\/#listItem","position":2,"name":"Bez kategorii","item":"https:\/\/bloganki.pl\/index.php\/category\/bez-kategorii\/","nextItem":{"@type":"ListItem","@id":"https:\/\/bloganki.pl\/index.php\/category\/bez-kategorii\/grecja-europa\/#listItem","name":"Grecja"},"previousItem":{"@type":"ListItem","@id":"https:\/\/bloganki.pl#listItem","name":"Home"}},{"@type":"ListItem","@id":"https:\/\/bloganki.pl\/index.php\/category\/bez-kategorii\/grecja-europa\/#listItem","position":3,"name":"Grecja","item":"https:\/\/bloganki.pl\/index.php\/category\/bez-kategorii\/grecja-europa\/","nextItem":{"@type":"ListItem","@id":"https:\/\/bloganki.pl\/index.php\/category\/bez-kategorii\/grecja-europa\/pozostale-wyspy\/#listItem","name":"Pozosta\u0142e wyspy"},"previousItem":{"@type":"ListItem","@id":"https:\/\/bloganki.pl\/index.php\/category\/bez-kategorii\/#listItem","name":"Bez kategorii"}},{"@type":"ListItem","@id":"https:\/\/bloganki.pl\/index.php\/category\/bez-kategorii\/grecja-europa\/pozostale-wyspy\/#listItem","position":4,"name":"Pozosta\u0142e wyspy","item":"https:\/\/bloganki.pl\/index.php\/category\/bez-kategorii\/grecja-europa\/pozostale-wyspy\/","nextItem":{"@type":"ListItem","@id":"https:\/\/bloganki.pl\/index.php\/2026\/09\/05\/szlak-nr-15-na-andros-z-gavrio-przez-ano-agios-petros-do-plazy-agios-petros\/#listItem","name":"Szlak nr 15 na Andros \u2013 z Gavrio przez Ano Agios Petros do pla\u017cy Agios Petros."},"previousItem":{"@type":"ListItem","@id":"https:\/\/bloganki.pl\/index.php\/category\/bez-kategorii\/grecja-europa\/#listItem","name":"Grecja"}},{"@type":"ListItem","@id":"https:\/\/bloganki.pl\/index.php\/2026\/09\/05\/szlak-nr-15-na-andros-z-gavrio-przez-ano-agios-petros-do-plazy-agios-petros\/#listItem","position":5,"name":"Szlak nr 15 na Andros \u2013 z Gavrio przez Ano Agios Petros do pla\u017cy Agios Petros.","previousItem":{"@type":"ListItem","@id":"https:\/\/bloganki.pl\/index.php\/category\/bez-kategorii\/grecja-europa\/pozostale-wyspy\/#listItem","name":"Pozosta\u0142e wyspy"}}]},{"@type":"Organization","@id":"https:\/\/bloganki.pl\/#organization","name":"bloganki","description":"Zanim znikn\u0105 \u2013 historie ludzi i miejsc. O Puszczy Kampinoskiej, Podlasiu, Grecji i miejscach, kt\u00f3re maj\u0105 wi\u0119cej do opowiedzenia, ni\u017c wida\u0107 na pierwszy rzut oka.","url":"https:\/\/bloganki.pl\/","logo":{"@type":"ImageObject","url":"https:\/\/bloganki.pl\/wp-content\/uploads\/2024\/03\/cropped-Anna_Matela-Lubanska_Kwiecien_Zawilce.jpg","@id":"https:\/\/bloganki.pl\/index.php\/2026\/09\/05\/szlak-nr-15-na-andros-z-gavrio-przez-ano-agios-petros-do-plazy-agios-petros\/#organizationLogo","width":900,"height":345},"image":{"@id":"https:\/\/bloganki.pl\/index.php\/2026\/09\/05\/szlak-nr-15-na-andros-z-gavrio-przez-ano-agios-petros-do-plazy-agios-petros\/#organizationLogo"}},{"@type":"Person","@id":"https:\/\/bloganki.pl\/index.php\/author\/admin-2\/#author","url":"https:\/\/bloganki.pl\/index.php\/author\/admin-2\/","name":"Ania","image":{"@type":"ImageObject","@id":"https:\/\/bloganki.pl\/index.php\/2026\/09\/05\/szlak-nr-15-na-andros-z-gavrio-przez-ano-agios-petros-do-plazy-agios-petros\/#authorImage","url":"https:\/\/secure.gravatar.com\/avatar\/b8aa08fbf2bab600d705869b5f8b83727a0486762f5f824217337056bf89a560?s=96&d=mm&r=g","width":96,"height":96,"caption":"Ania"}},{"@type":"WebPage","@id":"https:\/\/bloganki.pl\/index.php\/2026\/09\/05\/szlak-nr-15-na-andros-z-gavrio-przez-ano-agios-petros-do-plazy-agios-petros\/#webpage","url":"https:\/\/bloganki.pl\/index.php\/2026\/09\/05\/szlak-nr-15-na-andros-z-gavrio-przez-ano-agios-petros-do-plazy-agios-petros\/","name":"Szlak nr 15 na Andros \u2013 z Gavrio przez Ano Agios Petros do pla\u017cy Agios Petros. - blogAnki","description":"Szlak nr 15 na Andros z Gavrio przez Ano Agios Petros i staro\u017cytn\u0105 wie\u017c\u0119 do pla\u017cy Agios Petros. Oko\u0142o 8 km pi\u0119knej trasy z widokiem na morze.","inLanguage":"pl-PL","isPartOf":{"@id":"https:\/\/bloganki.pl\/#website"},"breadcrumb":{"@id":"https:\/\/bloganki.pl\/index.php\/2026\/09\/05\/szlak-nr-15-na-andros-z-gavrio-przez-ano-agios-petros-do-plazy-agios-petros\/#breadcrumblist"},"author":{"@id":"https:\/\/bloganki.pl\/index.php\/author\/admin-2\/#author"},"creator":{"@id":"https:\/\/bloganki.pl\/index.php\/author\/admin-2\/#author"},"image":{"@type":"ImageObject","url":"https:\/\/bloganki.pl\/wp-content\/uploads\/2026\/09\/20260823_172820.jpg","@id":"https:\/\/bloganki.pl\/index.php\/2026\/09\/05\/szlak-nr-15-na-andros-z-gavrio-przez-ano-agios-petros-do-plazy-agios-petros\/#mainImage","width":900,"height":675},"primaryImageOfPage":{"@id":"https:\/\/bloganki.pl\/index.php\/2026\/09\/05\/szlak-nr-15-na-andros-z-gavrio-przez-ano-agios-petros-do-plazy-agios-petros\/#mainImage"},"datePublished":"2026-09-05T20:00:32+02:00","dateModified":"2026-09-05T20:01:27+02:00"},{"@type":"WebSite","@id":"https:\/\/bloganki.pl\/#website","url":"https:\/\/bloganki.pl\/","name":"bloganki","description":"Zanim znikn\u0105 \u2013 historie ludzi i miejsc. O Puszczy Kampinoskiej, Podlasiu, Grecji i miejscach, kt\u00f3re maj\u0105 wi\u0119cej do opowiedzenia, ni\u017c wida\u0107 na pierwszy rzut oka.","inLanguage":"pl-PL","publisher":{"@id":"https:\/\/bloganki.pl\/#organization"}}]},"og:locale":"pl_PL","og:site_name":"blogAnki - Zanim znikn\u0105 \u2013 historie ludzi i miejsc. O Puszczy Kampinoskiej, Podlasiu, Grecji i miejscach, kt\u00f3re maj\u0105 wi\u0119cej do opowiedzenia, ni\u017c wida\u0107 na pierwszy rzut oka.","og:type":"article","og:title":"Szlak nr 15 na Andros \u2013 z Gavrio przez Ano Agios Petros do pla\u017cy Agios Petros. - blogAnki","og:description":"Szlak nr 15 na Andros z Gavrio przez Ano Agios Petros i staro\u017cytn\u0105 wie\u017c\u0119 do pla\u017cy Agios Petros. Oko\u0142o 8 km pi\u0119knej trasy z widokiem na morze.","og:url":"https:\/\/bloganki.pl\/index.php\/2026\/09\/05\/szlak-nr-15-na-andros-z-gavrio-przez-ano-agios-petros-do-plazy-agios-petros\/","article:published_time":"2026-09-05T18:00:32+00:00","article:modified_time":"2026-09-05T18:01:27+00:00","twitter:card":"summary_large_image","twitter:title":"Szlak nr 15 na Andros \u2013 z Gavrio przez Ano Agios Petros do pla\u017cy Agios Petros. - blogAnki","twitter:description":"Szlak nr 15 na Andros z Gavrio przez Ano Agios Petros i staro\u017cytn\u0105 wie\u017c\u0119 do pla\u017cy Agios Petros. Oko\u0142o 8 km pi\u0119knej trasy z widokiem na morze."},"aioseo_meta_data":{"post_id":"21608","title":null,"description":"Szlak nr 15 na Andros z Gavrio przez Ano Agios Petros i staro\u017cytn\u0105 wie\u017c\u0119 do pla\u017cy Agios Petros. Oko\u0142o 8 km pi\u0119knej trasy z widokiem na morze.","keywords":null,"keyphrases":{"focus":{"keyphrase":"","score":0,"analysis":{"keyphraseInTitle":{"score":0,"maxScore":9,"error":1}}},"additional":[]},"primary_term":null,"canonical_url":null,"og_title":null,"og_description":null,"og_object_type":"default","og_image_type":"default","og_image_url":null,"og_image_width":null,"og_image_height":null,"og_image_custom_url":null,"og_image_custom_fields":null,"og_video":"","og_custom_url":null,"og_article_section":null,"og_article_tags":null,"twitter_use_og":false,"twitter_card":"default","twitter_image_type":"default","twitter_image_url":null,"twitter_image_custom_url":null,"twitter_image_custom_fields":null,"twitter_title":null,"twitter_description":null,"schema":{"blockGraphs":[],"customGraphs":[],"default":{"data":{"Article":[],"Course":[],"Dataset":[],"FAQPage":[],"Movie":[],"Person":[],"Product":[],"ProductReview":[],"Car":[],"Recipe":[],"Service":[],"SoftwareApplication":[],"WebPage":[]},"graphName":"BlogPosting","isEnabled":true},"graphs":[]},"schema_type":"default","schema_type_options":null,"pillar_content":false,"robots_default":true,"robots_noindex":false,"robots_noarchive":false,"robots_nosnippet":false,"robots_nofollow":false,"robots_noimageindex":false,"robots_noodp":false,"robots_notranslate":false,"robots_max_snippet":"-1","robots_max_videopreview":"-1","robots_max_imagepreview":"large","priority":null,"frequency":"default","local_seo":null,"breadcrumb_settings":null,"limit_modified_date":false,"ai":{"faqs":[],"keyPoints":[],"schemas":[],"titles":[],"descriptions":[],"socialPosts":{"email":{"subject":"","preview":"","content":""},"linkedin":[],"twitter":[],"facebook":[],"instagram":[]}},"created":"2026-09-05 16:14:22","updated":"2026-09-05 18:02:33","seo_analyzer_scan_date":null,"focus_keyword":null,"additional_keywords":null,"truseo_locale":null},"aioseo_breadcrumb":"<div class=\"aioseo-breadcrumbs\"><span class=\"aioseo-breadcrumb\">\n\t\t\t<a href=\"https:\/\/bloganki.pl\" title=\"Home\">Home<\/a>\n\t\t<\/span><span class=\"aioseo-breadcrumb-separator\">&raquo;<\/span><span class=\"aioseo-breadcrumb\">\n\t\t\t<a href=\"https:\/\/bloganki.pl\/index.php\/category\/bez-kategorii\/\" title=\"Bez kategorii\">Bez kategorii<\/a>\n\t\t<\/span><span class=\"aioseo-breadcrumb-separator\">&raquo;<\/span><span class=\"aioseo-breadcrumb\">\n\t\t\t<a href=\"https:\/\/bloganki.pl\/index.php\/category\/bez-kategorii\/grecja-europa\/\" title=\"Grecja\">Grecja<\/a>\n\t\t<\/span><span class=\"aioseo-breadcrumb-separator\">&raquo;<\/span><span class=\"aioseo-breadcrumb\">\n\t\t\t<a href=\"https:\/\/bloganki.pl\/index.php\/category\/bez-kategorii\/grecja-europa\/pozostale-wyspy\/\" title=\"Pozosta\u0142e wyspy\">Pozosta\u0142e wyspy<\/a>\n\t\t<\/span><span class=\"aioseo-breadcrumb-separator\">&raquo;<\/span><span class=\"aioseo-breadcrumb\">\n\t\t\tSzlak nr 15 na Andros \u2013 z Gavrio przez Ano Agios Petros do pla\u017cy Agios Petros.\n\t\t<\/span><\/div>","aioseo_breadcrumb_json":[{"label":"Home","link":"https:\/\/bloganki.pl"},{"label":"Bez kategorii","link":"https:\/\/bloganki.pl\/index.php\/category\/bez-kategorii\/"},{"label":"Grecja","link":"https:\/\/bloganki.pl\/index.php\/category\/bez-kategorii\/grecja-europa\/"},{"label":"Pozosta\u0142e wyspy","link":"https:\/\/bloganki.pl\/index.php\/category\/bez-kategorii\/grecja-europa\/pozostale-wyspy\/"},{"label":"Szlak nr 15 na Andros \u2013 z Gavrio przez Ano Agios Petros do pla\u017cy Agios Petros.","link":"https:\/\/bloganki.pl\/index.php\/2026\/09\/05\/szlak-nr-15-na-andros-z-gavrio-przez-ano-agios-petros-do-plazy-agios-petros\/"}],"acf":[],"_links":{"self":[{"href":"https:\/\/bloganki.pl\/index.php\/wp-json\/wp\/v2\/posts\/21608","targetHints":{"allow":["GET"]}}],"collection":[{"href":"https:\/\/bloganki.pl\/index.php\/wp-json\/wp\/v2\/posts"}],"about":[{"href":"https:\/\/bloganki.pl\/index.php\/wp-json\/wp\/v2\/types\/post"}],"author":[{"embeddable":true,"href":"https:\/\/bloganki.pl\/index.php\/wp-json\/wp\/v2\/users\/3"}],"replies":[{"embeddable":true,"href":"https:\/\/bloganki.pl\/index.php\/wp-json\/wp\/v2\/comments?post=21608"}],"version-history":[{"count":8,"href":"https:\/\/bloganki.pl\/index.php\/wp-json\/wp\/v2\/posts\/21608\/revisions"}],"predecessor-version":[{"id":21656,"href":"https:\/\/bloganki.pl\/index.php\/wp-json\/wp\/v2\/posts\/21608\/revisions\/21656"}],"wp:featuredmedia":[{"embeddable":true,"href":"https:\/\/bloganki.pl\/index.php\/wp-json\/wp\/v2\/media\/21609"}],"wp:attachment":[{"href":"https:\/\/bloganki.pl\/index.php\/wp-json\/wp\/v2\/media?parent=21608"}],"wp:term":[{"taxonomy":"category","embeddable":true,"href":"https:\/\/bloganki.pl\/index.php\/wp-json\/wp\/v2\/categories?post=21608"},{"taxonomy":"post_tag","embeddable":true,"href":"https:\/\/bloganki.pl\/index.php\/wp-json\/wp\/v2\/tags?post=21608"}],"curies":[{"name":"wp","href":"https:\/\/api.w.org\/{rel}","templated":true}]}}