{"id":220,"date":"2019-11-23T12:57:42","date_gmt":"2019-11-23T11:57:42","guid":{"rendered":"http:\/\/bloganki.pl\/?p=220"},"modified":"2023-09-09T20:21:43","modified_gmt":"2023-09-09T18:21:43","slug":"sladami-opuszczonych-wiosek-w-poszukiwaniu-grobu-tereski","status":"publish","type":"post","link":"https:\/\/bloganki.pl\/index.php\/2019\/11\/23\/sladami-opuszczonych-wiosek-w-poszukiwaniu-grobu-tereski\/","title":{"rendered":"\u015aladami opuszczonych wiosek, w poszukiwaniu grobu Tereski."},"content":{"rendered":"\r\n<p style=\"font-size: 17px;\">\u0141apiemy ostatnie promienie s\u0142o\u0144ca. Ma\u0142a wyprawa w nieznane ( tym razem nie szlakami tylko Traktem Napoleo\u0144skim)<\/p>\r\n\r\n\r\n\r\n<p style=\"font-size: 17px;\"><strong>Trasa: Leszno \u2013 Posada \u0141ubiec -Nowe Budy \u2013 G\u00f3rki Kampinoskie \u2013 Zamo\u015b\u0107.( ok 20 km)<\/strong><\/p>\r\n\r\n\r\n\r\n<p style=\"font-size: 17px;\">Pi\u0119kna z\u0142ota jesie\u0144. By\u0142 las, by\u0142y \u0142\u0105ki, by\u0142a woda i by\u0142y spi\u017carki.<\/p>\r\n\r\n\r\n\r\n<p>Wertuj\u0105c Internet, w poszukiwaniu ciekawych miejsc natkn\u0119\u0142am si\u0119 na zdj\u0119cie symbolicznego grobu upami\u0119tniaj\u0105cego zamordowan\u0105 w tym miejscu w 1962 roku czternastoletni\u0105 Teresk\u0119. Spakowa\u0142am plecak, zabra\u0142am termos gor\u0105cej kawy (smakuje najlepiej w lesie) wyci\u0105gn\u0119\u0142am rowery i postanowi\u0142am tam dotrze\u0107.<\/p>\r\n\r\n\r\n\r\n<p>Wyruszyli\u015bmy z Leszna \u017c\u00f3\u0142tym szlakiem w kierunku miejscowo\u015bci \u0141ubiec (odleg\u0142o\u015b\u0107 ok 5 km) Po prawej stronie mijamy ogrodzenie dawnej zimowej bazy cyrkowej w Julinku. By\u0142a tu kiedy\u015b szko\u0142a cyrkowa i muzeum sztuki cyrkowej teraz mie\u015bci si\u0119 tam Park Rozrywki.<\/p>\r\n\r\n\r\n\r\n<figure class=\"wp-block-image size-full\">\r\n<figure id=\"attachment_12625\" aria-describedby=\"caption-attachment-12625\" style=\"width: 900px\" class=\"wp-caption alignnone\"><img fetchpriority=\"high\" decoding=\"async\" class=\"wp-image-12625\" src=\"https:\/\/bloganki.pl\/wp-content\/uploads\/2022\/02\/DSC01308.jpg\" alt=\"\" width=\"900\" height=\"600\" srcset=\"https:\/\/bloganki.pl\/wp-content\/uploads\/2022\/02\/DSC01308.jpg 900w, https:\/\/bloganki.pl\/wp-content\/uploads\/2022\/02\/DSC01308-300x200.jpg 300w, https:\/\/bloganki.pl\/wp-content\/uploads\/2022\/02\/DSC01308-768x512.jpg 768w\" sizes=\"(max-width: 900px) 100vw, 900px\" \/><figcaption id=\"caption-attachment-12625\" class=\"wp-caption-text\">Przydro\u017cny Krzy\u017c w miejscowo\u015bci \u0141ubiec.<\/figcaption><\/figure>\r\n\r\n<\/figure>\r\n\r\n\r\n\r\n<p style=\"font-size: 17px;\">Dotarli\u015bmy do krzy\u017c\u00f3wki w miejscowo\u015bci \u0141ubiec ,mijamy krzy\u017c i jedziemy dalej prosto Traktem Napoleo\u0144skim.<\/p>\r\n\r\n\r\n\r\n<figure class=\"wp-block-image size-full\">\r\n<figure id=\"attachment_12626\" aria-describedby=\"caption-attachment-12626\" style=\"width: 900px\" class=\"wp-caption alignnone\"><img decoding=\"async\" class=\"wp-image-12626\" src=\"https:\/\/bloganki.pl\/wp-content\/uploads\/2022\/02\/DSC01312.jpg\" alt=\"\" width=\"900\" height=\"600\" srcset=\"https:\/\/bloganki.pl\/wp-content\/uploads\/2022\/02\/DSC01312.jpg 900w, https:\/\/bloganki.pl\/wp-content\/uploads\/2022\/02\/DSC01312-300x200.jpg 300w, https:\/\/bloganki.pl\/wp-content\/uploads\/2022\/02\/DSC01312-768x512.jpg 768w\" sizes=\"(max-width: 900px) 100vw, 900px\" \/><figcaption id=\"caption-attachment-12626\" class=\"wp-caption-text\">Mogi\u0142a polskiego \u017co\u0142nierza poleg\u0142ego 17 wrze\u015bnia 1939 r. w walce o wie\u015b \u0141ubiec.<\/figcaption><\/figure>\r\n\r\n<\/figure>\r\n\r\n\r\n\r\n<p style=\"font-size: 17px;\">W miejscowo\u015bci \u0141ubiec (przy czerwonym szlaku) znajduje si\u0119 mogi\u0142a polskiego \u017co\u0142nierza poleg\u0142ego 17 wrze\u015bnia 1939 r.<\/p>\r\n\r\n\r\n\r\n<figure class=\"wp-block-image size-full\">\r\n<figure id=\"attachment_12628\" aria-describedby=\"caption-attachment-12628\" style=\"width: 900px\" class=\"wp-caption alignnone\"><img decoding=\"async\" class=\"wp-image-12628\" src=\"https:\/\/bloganki.pl\/wp-content\/uploads\/2022\/02\/DSC01320.jpg\" alt=\"\" width=\"900\" height=\"600\" srcset=\"https:\/\/bloganki.pl\/wp-content\/uploads\/2022\/02\/DSC01320.jpg 900w, https:\/\/bloganki.pl\/wp-content\/uploads\/2022\/02\/DSC01320-300x200.jpg 300w, https:\/\/bloganki.pl\/wp-content\/uploads\/2022\/02\/DSC01320-768x512.jpg 768w\" sizes=\"(max-width: 900px) 100vw, 900px\" \/><figcaption id=\"caption-attachment-12628\" class=\"wp-caption-text\">Puszcza Kampinoska.<\/figcaption><\/figure>\r\n\r\n<\/figure>\r\n\r\n\r\n\r\n<p style=\"font-size: 17px;\">Uwielbiam takie ma\u0142o ucz\u0119szczane szlaki. Mam wtedy wra\u017cenie, \u017ce \u015bwiat zatrzymuje si\u0119 specjalnie dla mnie na chwil\u0119 i ju\u017c tak nie gna.<\/p>\r\n\r\n\r\n\r\n<p>O ka\u017cdej porze roku las wygl\u0105da inaczej. W tym roku wyj\u0105tkowo mamy pi\u0119kn\u0105 z\u0142ot\u0105 jesie\u0144, istny festiwal kolor\u00f3w.<\/p>\r\n\r\n\r\n\r\n<p style=\"font-size: 17px;\">Li\u015bcie si\u0119 z\u0142oc\u0105, suche trzeszcz\u0105 pod stopami, czu\u0107 promyki s\u0142o\u0144ca na twarzy. Ostatnie tchnienie gor\u0105cego lata.<\/p>\r\n\r\n\r\n\r\n<figure class=\"wp-block-image size-full\">\r\n<figure id=\"attachment_12629\" aria-describedby=\"caption-attachment-12629\" style=\"width: 900px\" class=\"wp-caption alignnone\"><img loading=\"lazy\" decoding=\"async\" class=\"wp-image-12629\" src=\"https:\/\/bloganki.pl\/wp-content\/uploads\/2022\/02\/DSC01326.jpg\" alt=\"\" width=\"900\" height=\"600\" srcset=\"https:\/\/bloganki.pl\/wp-content\/uploads\/2022\/02\/DSC01326.jpg 900w, https:\/\/bloganki.pl\/wp-content\/uploads\/2022\/02\/DSC01326-300x200.jpg 300w, https:\/\/bloganki.pl\/wp-content\/uploads\/2022\/02\/DSC01326-768x512.jpg 768w\" sizes=\"(max-width: 900px) 100vw, 900px\" \/><figcaption id=\"caption-attachment-12629\" class=\"wp-caption-text\">Drewniany Krzy\u017c \u2013 Trakt Napoleo\u0144ski niedaleko miejscowo\u015bci Nowe Budy.<\/figcaption><\/figure>\r\n\r\n<\/figure>\r\n\r\n\r\n\r\n<figure class=\"wp-block-image size-full\">\r\n<figure id=\"attachment_12630\" aria-describedby=\"caption-attachment-12630\" style=\"width: 900px\" class=\"wp-caption alignnone\"><img loading=\"lazy\" decoding=\"async\" class=\"wp-image-12630\" src=\"https:\/\/bloganki.pl\/wp-content\/uploads\/2022\/02\/DSC01338.jpg\" alt=\"\" width=\"900\" height=\"600\" srcset=\"https:\/\/bloganki.pl\/wp-content\/uploads\/2022\/02\/DSC01338.jpg 900w, https:\/\/bloganki.pl\/wp-content\/uploads\/2022\/02\/DSC01338-300x200.jpg 300w, https:\/\/bloganki.pl\/wp-content\/uploads\/2022\/02\/DSC01338-768x512.jpg 768w\" sizes=\"(max-width: 900px) 100vw, 900px\" \/><figcaption id=\"caption-attachment-12630\" class=\"wp-caption-text\">Puszcza Kampinoska.<\/figcaption><\/figure>\r\n\r\n<\/figure>\r\n\r\n\r\n\r\n<p>Trakt Napoleo\u0144ski biegnie przez tereny bagienne.<\/p>\r\n\r\n\r\n\r\n<figure class=\"wp-block-image size-full\">\r\n<figure id=\"attachment_12631\" aria-describedby=\"caption-attachment-12631\" style=\"width: 900px\" class=\"wp-caption alignnone\"><img loading=\"lazy\" decoding=\"async\" class=\"wp-image-12631\" src=\"https:\/\/bloganki.pl\/wp-content\/uploads\/2022\/02\/DSC01340.jpg\" alt=\"\" width=\"900\" height=\"600\" srcset=\"https:\/\/bloganki.pl\/wp-content\/uploads\/2022\/02\/DSC01340.jpg 900w, https:\/\/bloganki.pl\/wp-content\/uploads\/2022\/02\/DSC01340-300x200.jpg 300w, https:\/\/bloganki.pl\/wp-content\/uploads\/2022\/02\/DSC01340-768x512.jpg 768w\" sizes=\"(max-width: 900px) 100vw, 900px\" \/><figcaption id=\"caption-attachment-12631\" class=\"wp-caption-text\">\u017belazny krzy\u017c w miejscowo\u015bci Nowe Budy.<\/figcaption><\/figure>\r\n\r\n<\/figure>\r\n\r\n\r\n\r\n<figure class=\"wp-block-image size-full\">\r\n<figure id=\"attachment_12632\" aria-describedby=\"caption-attachment-12632\" style=\"width: 900px\" class=\"wp-caption alignnone\"><img loading=\"lazy\" decoding=\"async\" class=\"wp-image-12632\" src=\"https:\/\/bloganki.pl\/wp-content\/uploads\/2022\/02\/DSC01343.jpg\" alt=\"\" width=\"900\" height=\"600\" srcset=\"https:\/\/bloganki.pl\/wp-content\/uploads\/2022\/02\/DSC01343.jpg 900w, https:\/\/bloganki.pl\/wp-content\/uploads\/2022\/02\/DSC01343-300x200.jpg 300w, https:\/\/bloganki.pl\/wp-content\/uploads\/2022\/02\/DSC01343-768x512.jpg 768w\" sizes=\"(max-width: 900px) 100vw, 900px\" \/><figcaption id=\"caption-attachment-12632\" class=\"wp-caption-text\">Ziemianki w miejscowo\u015bci Nowe Budy.<\/figcaption><\/figure>\r\n\r\n<\/figure>\r\n\r\n\r\n\r\n<p>W okolicach miejscowo\u015bci Nowe Budy natrafiamy na pozosta\u0142o\u015bci po dawnych mieszka\u0144cach. Osta\u0142y si\u0119 g\u0142\u00f3wnie piwnice \u2013 ziemianki. Przez mojego Syna nazwane spi\u017carkami. Kiedy\u015b mieszkali tu ludzie a teraz piwnice s\u0142u\u017c\u0105 za zimowisko dla nietoperzy. Gdzieniegdzie ro\u015bnie bez, na wiosn\u0119 na pewno jest tu pi\u0119knie. Uwielbiam zapach bzu, na dzia\u0142ce mam par\u0119 odmian. Bez zawsze przypomina mi zapachy dzieci\u0144stwa i kojarzy mi si\u0119 z wiosn\u0105 Zatrzymujemy si\u0119 na chwil\u0119, \u017ceby odpocz\u0105\u0107. My\u015bl\u0119 o ludziach, kt\u00f3rzy tu mieszkali, o tym jak \u017cyli, jak radzili sobie z dala od sklep\u00f3w.<\/p>\r\n\r\n\r\n\r\n<figure class=\"wp-block-image size-full\">\r\n<figure id=\"attachment_12633\" aria-describedby=\"caption-attachment-12633\" style=\"width: 900px\" class=\"wp-caption alignnone\"><img loading=\"lazy\" decoding=\"async\" class=\"wp-image-12633\" src=\"https:\/\/bloganki.pl\/wp-content\/uploads\/2022\/02\/DSC01350.jpg\" alt=\"\" width=\"900\" height=\"600\" srcset=\"https:\/\/bloganki.pl\/wp-content\/uploads\/2022\/02\/DSC01350.jpg 900w, https:\/\/bloganki.pl\/wp-content\/uploads\/2022\/02\/DSC01350-300x200.jpg 300w, https:\/\/bloganki.pl\/wp-content\/uploads\/2022\/02\/DSC01350-768x512.jpg 768w\" sizes=\"(max-width: 900px) 100vw, 900px\" \/><figcaption id=\"caption-attachment-12633\" class=\"wp-caption-text\">Zimowisko nietoperzy.<\/figcaption><\/figure>\r\n\r\n<\/figure>\r\n\r\n\r\n\r\n<figure class=\"wp-block-image size-full\">\r\n<figure id=\"attachment_12634\" aria-describedby=\"caption-attachment-12634\" style=\"width: 900px\" class=\"wp-caption alignnone\"><img loading=\"lazy\" decoding=\"async\" class=\"wp-image-12634\" src=\"https:\/\/bloganki.pl\/wp-content\/uploads\/2022\/02\/DSC01361.jpg\" alt=\"\" width=\"900\" height=\"600\" srcset=\"https:\/\/bloganki.pl\/wp-content\/uploads\/2022\/02\/DSC01361.jpg 900w, https:\/\/bloganki.pl\/wp-content\/uploads\/2022\/02\/DSC01361-300x200.jpg 300w, https:\/\/bloganki.pl\/wp-content\/uploads\/2022\/02\/DSC01361-768x512.jpg 768w\" sizes=\"(max-width: 900px) 100vw, 900px\" \/><figcaption id=\"caption-attachment-12634\" class=\"wp-caption-text\">Kana\u0142 \u0141asica \u2013 Nowe Budy.<\/figcaption><\/figure>\r\n\r\n<\/figure>\r\n\r\n\r\n\r\n<figure class=\"wp-block-image size-full\">\r\n<figure id=\"attachment_12635\" aria-describedby=\"caption-attachment-12635\" style=\"width: 900px\" class=\"wp-caption alignnone\"><img loading=\"lazy\" decoding=\"async\" class=\"wp-image-12635\" src=\"https:\/\/bloganki.pl\/wp-content\/uploads\/2022\/02\/DSC01380.jpg\" alt=\"\" width=\"900\" height=\"600\" srcset=\"https:\/\/bloganki.pl\/wp-content\/uploads\/2022\/02\/DSC01380.jpg 900w, https:\/\/bloganki.pl\/wp-content\/uploads\/2022\/02\/DSC01380-300x200.jpg 300w, https:\/\/bloganki.pl\/wp-content\/uploads\/2022\/02\/DSC01380-768x512.jpg 768w\" sizes=\"(max-width: 900px) 100vw, 900px\" \/><figcaption id=\"caption-attachment-12635\" class=\"wp-caption-text\">Kana\u0142 \u0141asica \u2013 Nowe Budy.<\/figcaption><\/figure>\r\n\r\n<\/figure>\r\n\r\n\r\n\r\n<figure class=\"wp-block-image size-full\">\r\n<figure id=\"attachment_12636\" aria-describedby=\"caption-attachment-12636\" style=\"width: 900px\" class=\"wp-caption alignnone\"><img loading=\"lazy\" decoding=\"async\" class=\"wp-image-12636\" src=\"https:\/\/bloganki.pl\/wp-content\/uploads\/2022\/02\/DSC01383.jpg\" alt=\"\" width=\"900\" height=\"600\" srcset=\"https:\/\/bloganki.pl\/wp-content\/uploads\/2022\/02\/DSC01383.jpg 900w, https:\/\/bloganki.pl\/wp-content\/uploads\/2022\/02\/DSC01383-300x200.jpg 300w, https:\/\/bloganki.pl\/wp-content\/uploads\/2022\/02\/DSC01383-768x512.jpg 768w\" sizes=\"(max-width: 900px) 100vw, 900px\" \/><figcaption id=\"caption-attachment-12636\" class=\"wp-caption-text\">Kana\u0142 \u0141asica \u2013 Nowe Budy.<\/figcaption><\/figure>\r\n\r\n<\/figure>\r\n\r\n\r\n\r\n<figure class=\"wp-block-image size-full\">\r\n<figure id=\"attachment_12637\" aria-describedby=\"caption-attachment-12637\" style=\"width: 900px\" class=\"wp-caption alignnone\"><img loading=\"lazy\" decoding=\"async\" class=\"wp-image-12637\" src=\"https:\/\/bloganki.pl\/wp-content\/uploads\/2022\/02\/DSC01389.jpg\" alt=\"\" width=\"900\" height=\"600\" srcset=\"https:\/\/bloganki.pl\/wp-content\/uploads\/2022\/02\/DSC01389.jpg 900w, https:\/\/bloganki.pl\/wp-content\/uploads\/2022\/02\/DSC01389-300x200.jpg 300w, https:\/\/bloganki.pl\/wp-content\/uploads\/2022\/02\/DSC01389-768x512.jpg 768w\" sizes=\"(max-width: 900px) 100vw, 900px\" \/><figcaption id=\"caption-attachment-12637\" class=\"wp-caption-text\">Przydro\u017cny Krzy\u017c w Nowych Budach.<\/figcaption><\/figure>\r\n\r\n<\/figure>\r\n\r\n\r\n\r\n<p style=\"font-size: 17px;\">Za Kana\u0142em \u0141asica, przy drewnianym krzy\u017cu skr\u0119camy w lewo i kierujmy si\u0119 do miejscowo\u015bci G\u00f3rki Kampinoskie.<\/p>\r\n\r\n\r\n\r\n<figure class=\"wp-block-image size-full\">\r\n<figure id=\"attachment_12638\" aria-describedby=\"caption-attachment-12638\" style=\"width: 900px\" class=\"wp-caption alignnone\"><img loading=\"lazy\" decoding=\"async\" class=\"wp-image-12638\" src=\"https:\/\/bloganki.pl\/wp-content\/uploads\/2022\/02\/DSC01391.jpg\" alt=\"\" width=\"900\" height=\"600\" srcset=\"https:\/\/bloganki.pl\/wp-content\/uploads\/2022\/02\/DSC01391.jpg 900w, https:\/\/bloganki.pl\/wp-content\/uploads\/2022\/02\/DSC01391-300x200.jpg 300w, https:\/\/bloganki.pl\/wp-content\/uploads\/2022\/02\/DSC01391-768x512.jpg 768w\" sizes=\"(max-width: 900px) 100vw, 900px\" \/><figcaption id=\"caption-attachment-12638\" class=\"wp-caption-text\">Puszcza Kampinoska.<\/figcaption><\/figure>\r\n\r\n<\/figure>\r\n\r\n\r\n\r\n<figure class=\"wp-block-image size-full\">\r\n<figure id=\"attachment_12639\" aria-describedby=\"caption-attachment-12639\" style=\"width: 900px\" class=\"wp-caption alignnone\"><img loading=\"lazy\" decoding=\"async\" class=\"wp-image-12639\" src=\"https:\/\/bloganki.pl\/wp-content\/uploads\/2022\/02\/DSC01392.jpg\" alt=\"\" width=\"900\" height=\"600\" srcset=\"https:\/\/bloganki.pl\/wp-content\/uploads\/2022\/02\/DSC01392.jpg 900w, https:\/\/bloganki.pl\/wp-content\/uploads\/2022\/02\/DSC01392-300x200.jpg 300w, https:\/\/bloganki.pl\/wp-content\/uploads\/2022\/02\/DSC01392-768x512.jpg 768w\" sizes=\"(max-width: 900px) 100vw, 900px\" \/><figcaption id=\"caption-attachment-12639\" class=\"wp-caption-text\">Puszcza Kampinoska.<\/figcaption><\/figure>\r\n\r\n<\/figure>\r\n\r\n\r\n\r\n<figure class=\"wp-block-image size-full\">\r\n<figure id=\"attachment_12640\" aria-describedby=\"caption-attachment-12640\" style=\"width: 900px\" class=\"wp-caption alignnone\"><img loading=\"lazy\" decoding=\"async\" class=\"wp-image-12640\" src=\"https:\/\/bloganki.pl\/wp-content\/uploads\/2022\/02\/DSC01394.jpg\" alt=\"\" width=\"900\" height=\"600\" srcset=\"https:\/\/bloganki.pl\/wp-content\/uploads\/2022\/02\/DSC01394.jpg 900w, https:\/\/bloganki.pl\/wp-content\/uploads\/2022\/02\/DSC01394-300x200.jpg 300w, https:\/\/bloganki.pl\/wp-content\/uploads\/2022\/02\/DSC01394-768x512.jpg 768w\" sizes=\"(max-width: 900px) 100vw, 900px\" \/><figcaption id=\"caption-attachment-12640\" class=\"wp-caption-text\">\u0141\u0105ki w okolicach G\u00f3rek Kampinoskich.<\/figcaption><\/figure>\r\n\r\n<figure id=\"attachment_12641\" aria-describedby=\"caption-attachment-12641\" style=\"width: 842px\" class=\"wp-caption alignnone\"><img loading=\"lazy\" decoding=\"async\" class=\"wp-image-12641\" src=\"https:\/\/bloganki.pl\/wp-content\/uploads\/2022\/02\/DSC01404.jpg\" alt=\"\" width=\"842\" height=\"561\" srcset=\"https:\/\/bloganki.pl\/wp-content\/uploads\/2022\/02\/DSC01404.jpg 900w, https:\/\/bloganki.pl\/wp-content\/uploads\/2022\/02\/DSC01404-300x200.jpg 300w, https:\/\/bloganki.pl\/wp-content\/uploads\/2022\/02\/DSC01404-768x512.jpg 768w\" sizes=\"(max-width: 842px) 100vw, 842px\" \/><figcaption id=\"caption-attachment-12641\" class=\"wp-caption-text\">Ko\u015bci\u00f3\u0142 w G\u00f3rkach Kampinoskich.<\/figcaption><\/figure>\r\n<\/figure>\r\n<figure class=\"wp-block-image size-full is-resized\">\r\n<figcaption><\/figcaption>\r\n<\/figure>\r\n\r\n\r\n\r\n<p>W centrum wsi znajduje si\u0119 murowany ko\u015bci\u00f3\u0142 wzniesiony w 2000 r. na miejscu spalonej poprzedniej \u015bwi\u0105tyni. Jej historia si\u0119ga lat 60-tych XX w., kiedy to ks. Zdzis\u0142aw Krzymowski odprawia\u0142 msze przy kapliczkach. Wobec wielokrotnej odmowy zgody na budow\u0119 \u015bwi\u0105tyni, mieszka\u0144cy wznie\u015bli j\u0105 jak w czasach carskich, pod os\u0142on\u0105 nocy, przygotowuj\u0105c wcze\u015bniej elementy konstrukcji w prywatnych stodo\u0142ach. 10 kwietnia 1976 r. ko\u015bci\u00f3\u0142 zmontowano, nast\u0105pi\u0142a jednak natychmiastowa akcja milicyjna, podczas kt\u00f3rej ko\u015bci\u00f3\u0142 rozebrano. Dosz\u0142o do profanacji Naj\u015bwi\u0119tszego Sakramentu, kilkadziesi\u0105t os\u00f3b aresztowano a ks. J\u00f3zef Borek zosta\u0142 dotkliwie pobity. Po wydarzeniach w Radomiu i Ursusie w\u0142adze z\u0142agodzi\u0142y swoje stanowisko i wreszcie wyrazi\u0142y zgod\u0119. W roku 1978 zbudowano \u015bwi\u0105tyni\u0119 wg proj. Micha\u0142a Sandowicza, drewnian\u0105, wspart\u0105 na stalowym szkielecie. Ca\u0142e wyposa\u017cenie nawi\u0105zywa\u0142o do puszcza\u0144skiego otoczenia. Uwag\u0119 zwraca\u0142 ogromny krucyfiks wykonany z jednego pnia drzewa. Fasada przypomina\u0142a stylizowanego or\u0142a. W 1981 r. erygowano parafi\u0119 z tytu\u0142em Nawiedzenia Naj\u015bwi\u0119tszej Marii Panny. Po po\u017carze w 1999, odbudowano \u015bwi\u0105tyni\u0119 jako murowan\u0105, zachowuj\u0105c jej dawny kszta\u0142t.<\/p>\r\n\r\n\r\n\r\n<p style=\"font-size: 15px;\">[\u0179r\u00f3d\u0142o: Lechos\u0142aw Herz \u201ePuszcza Kampinoska \u2013 przewodnik\u201d, Oficyna Wydawnicza REWASZ, Pruszk\u00f3w 2012]<\/p>\r\n\r\n\r\n\r\n<figure class=\"wp-block-image size-full is-resized\">\r\n<figure id=\"attachment_12642\" aria-describedby=\"caption-attachment-12642\" style=\"width: 840px\" class=\"wp-caption alignnone\"><img loading=\"lazy\" decoding=\"async\" class=\"wp-image-12642\" src=\"https:\/\/bloganki.pl\/wp-content\/uploads\/2022\/02\/DSC01405.jpg\" alt=\"\" width=\"840\" height=\"1260\" srcset=\"https:\/\/bloganki.pl\/wp-content\/uploads\/2022\/02\/DSC01405.jpg 600w, https:\/\/bloganki.pl\/wp-content\/uploads\/2022\/02\/DSC01405-200x300.jpg 200w\" sizes=\"(max-width: 840px) 100vw, 840px\" \/><figcaption id=\"caption-attachment-12642\" class=\"wp-caption-text\">Rze\u017aba przy ko\u015bciele pw. Nawiedzenia Naj\u015bwi\u0119tszej Marii Panny.<\/figcaption><\/figure>\r\n\r\n<\/figure>\r\n\r\n\r\n\r\n<figure class=\"wp-block-image size-full\">\r\n<figure id=\"attachment_12643\" aria-describedby=\"caption-attachment-12643\" style=\"width: 900px\" class=\"wp-caption alignnone\"><img loading=\"lazy\" decoding=\"async\" class=\"wp-image-12643\" src=\"https:\/\/bloganki.pl\/wp-content\/uploads\/2022\/02\/DSC01413.jpg\" alt=\"\" width=\"900\" height=\"600\" srcset=\"https:\/\/bloganki.pl\/wp-content\/uploads\/2022\/02\/DSC01413.jpg 900w, https:\/\/bloganki.pl\/wp-content\/uploads\/2022\/02\/DSC01413-300x200.jpg 300w, https:\/\/bloganki.pl\/wp-content\/uploads\/2022\/02\/DSC01413-768x512.jpg 768w\" sizes=\"(max-width: 900px) 100vw, 900px\" \/><figcaption id=\"caption-attachment-12643\" class=\"wp-caption-text\">Pomnik upami\u0119tniaj\u0105cy ofiary II Wojny \u015awiatowej w G\u00f3rkach.<\/figcaption><\/figure>\r\n\r\n<\/figure>\r\n\r\n\r\n\r\n<figure class=\"wp-block-image size-full\">\r\n<figure id=\"attachment_12644\" aria-describedby=\"caption-attachment-12644\" style=\"width: 900px\" class=\"wp-caption alignnone\"><img loading=\"lazy\" decoding=\"async\" class=\"wp-image-12644\" src=\"https:\/\/bloganki.pl\/wp-content\/uploads\/2022\/02\/DSC01416.jpg\" alt=\"\" width=\"900\" height=\"600\" srcset=\"https:\/\/bloganki.pl\/wp-content\/uploads\/2022\/02\/DSC01416.jpg 900w, https:\/\/bloganki.pl\/wp-content\/uploads\/2022\/02\/DSC01416-300x200.jpg 300w, https:\/\/bloganki.pl\/wp-content\/uploads\/2022\/02\/DSC01416-768x512.jpg 768w\" sizes=\"(max-width: 900px) 100vw, 900px\" \/><figcaption id=\"caption-attachment-12644\" class=\"wp-caption-text\">Ko\u015bci\u00f3\u0142 w G\u00f3rkach Kampinoskich.<\/figcaption><\/figure>\r\n\r\n<\/figure>\r\n\r\n\r\n\r\n<p style=\"font-size: 17px;\">Pami\u0119tam jak przez mg\u0142\u0119 histori\u0119 tego ko\u015bcio\u0142a, opowiedzia\u0142 mi j\u0105 Pan Adam jak by\u0142am jeszcze dzieckiem.<\/p>\r\n\r\n\r\n\r\n<figure class=\"wp-block-image size-full\">\r\n<figure id=\"attachment_12645\" aria-describedby=\"caption-attachment-12645\" style=\"width: 900px\" class=\"wp-caption alignnone\"><img loading=\"lazy\" decoding=\"async\" class=\"wp-image-12645\" src=\"https:\/\/bloganki.pl\/wp-content\/uploads\/2022\/02\/DSC01417.jpg\" alt=\"\" width=\"900\" height=\"600\" srcset=\"https:\/\/bloganki.pl\/wp-content\/uploads\/2022\/02\/DSC01417.jpg 900w, https:\/\/bloganki.pl\/wp-content\/uploads\/2022\/02\/DSC01417-300x200.jpg 300w, https:\/\/bloganki.pl\/wp-content\/uploads\/2022\/02\/DSC01417-768x512.jpg 768w\" sizes=\"(max-width: 900px) 100vw, 900px\" \/><figcaption id=\"caption-attachment-12645\" class=\"wp-caption-text\">Zamo\u015b\u0107 &#8211; Puszcza Kampinoska.<\/figcaption><\/figure>\r\n\r\n<\/figure>\r\n\r\n\r\n\r\n<p style=\"font-size: 17px;\">Zamo\u015b\u0107 \u2013 kolejna wysiedlona wioska w Puszczy Kampinoskiej. Kiedy\u015b to miejsce t\u0119tni\u0142o \u017cyciem, teraz wkrada si\u0119 tu puszcza.<\/p>\r\n\r\n\r\n\r\n<p style=\"font-size: 17px;\">Takich opuszczonych wsi w Puszczy Kampinoskiej jest wi\u0119cej. Kiedy w 1959 r. zak\u0142adano park narodowy, w jego granicach znalaz\u0142o si\u0119 71 wiosek zamieszkanych przez 16 tys. os\u00f3b. Dzi\u015b mieszka ich tu najwy\u017cej 2 tys.<\/p>\r\n\r\n\r\n\r\n<figure class=\"wp-block-image size-full\">\r\n<figure id=\"attachment_12646\" aria-describedby=\"caption-attachment-12646\" style=\"width: 900px\" class=\"wp-caption alignnone\"><img loading=\"lazy\" decoding=\"async\" class=\"wp-image-12646\" src=\"https:\/\/bloganki.pl\/wp-content\/uploads\/2022\/02\/DSC01419.jpg\" alt=\"\" width=\"900\" height=\"600\" srcset=\"https:\/\/bloganki.pl\/wp-content\/uploads\/2022\/02\/DSC01419.jpg 900w, https:\/\/bloganki.pl\/wp-content\/uploads\/2022\/02\/DSC01419-300x200.jpg 300w, https:\/\/bloganki.pl\/wp-content\/uploads\/2022\/02\/DSC01419-768x512.jpg 768w\" sizes=\"(max-width: 900px) 100vw, 900px\" \/><figcaption id=\"caption-attachment-12646\" class=\"wp-caption-text\">Domostwa w miejscowo\u015bci Zamo\u015b\u0107.<\/figcaption><\/figure>\r\n\r\n<\/figure>\r\n\r\n\r\n\r\n<figure class=\"wp-block-image size-full\">\r\n<figure id=\"attachment_12647\" aria-describedby=\"caption-attachment-12647\" style=\"width: 900px\" class=\"wp-caption alignnone\"><img loading=\"lazy\" decoding=\"async\" class=\"wp-image-12647\" src=\"https:\/\/bloganki.pl\/wp-content\/uploads\/2022\/02\/DSC01423.jpg\" alt=\"\" width=\"900\" height=\"600\" srcset=\"https:\/\/bloganki.pl\/wp-content\/uploads\/2022\/02\/DSC01423.jpg 900w, https:\/\/bloganki.pl\/wp-content\/uploads\/2022\/02\/DSC01423-300x200.jpg 300w, https:\/\/bloganki.pl\/wp-content\/uploads\/2022\/02\/DSC01423-768x512.jpg 768w\" sizes=\"(max-width: 900px) 100vw, 900px\" \/><figcaption id=\"caption-attachment-12647\" class=\"wp-caption-text\">Zamo\u015b\u0107 &#8211; Puszcza Kampinoska.<\/figcaption><\/figure>\r\n\r\n<\/figure>\r\n\r\n\r\n\r\n<figure class=\"wp-block-image size-full\">\r\n<figure id=\"attachment_12648\" aria-describedby=\"caption-attachment-12648\" style=\"width: 900px\" class=\"wp-caption alignnone\"><img loading=\"lazy\" decoding=\"async\" class=\"wp-image-12648\" src=\"https:\/\/bloganki.pl\/wp-content\/uploads\/2022\/02\/DSC01424.jpg\" alt=\"\" width=\"900\" height=\"600\" srcset=\"https:\/\/bloganki.pl\/wp-content\/uploads\/2022\/02\/DSC01424.jpg 900w, https:\/\/bloganki.pl\/wp-content\/uploads\/2022\/02\/DSC01424-300x200.jpg 300w, https:\/\/bloganki.pl\/wp-content\/uploads\/2022\/02\/DSC01424-768x512.jpg 768w\" sizes=\"(max-width: 900px) 100vw, 900px\" \/><figcaption id=\"caption-attachment-12648\" class=\"wp-caption-text\">Kana\u0142 \u0141asica \u2013 Zamo\u015b\u0107.<\/figcaption><\/figure>\r\n\r\n<\/figure>\r\n\r\n\r\n\r\n<figure class=\"wp-block-image size-full\">\r\n<figure id=\"attachment_12649\" aria-describedby=\"caption-attachment-12649\" style=\"width: 900px\" class=\"wp-caption alignnone\"><img loading=\"lazy\" decoding=\"async\" class=\"wp-image-12649\" src=\"https:\/\/bloganki.pl\/wp-content\/uploads\/2022\/02\/DSC01431.jpg\" alt=\"\" width=\"900\" height=\"600\" srcset=\"https:\/\/bloganki.pl\/wp-content\/uploads\/2022\/02\/DSC01431.jpg 900w, https:\/\/bloganki.pl\/wp-content\/uploads\/2022\/02\/DSC01431-300x200.jpg 300w, https:\/\/bloganki.pl\/wp-content\/uploads\/2022\/02\/DSC01431-768x512.jpg 768w\" sizes=\"(max-width: 900px) 100vw, 900px\" \/><figcaption id=\"caption-attachment-12649\" class=\"wp-caption-text\">Zamo\u015b\u0107 &#8211; Puszcza Kampinoska.<\/figcaption><\/figure>\r\n\r\n<\/figure>\r\n\r\n\r\n\r\n<figure class=\"wp-block-image size-full\">\r\n<figure id=\"attachment_12650\" aria-describedby=\"caption-attachment-12650\" style=\"width: 900px\" class=\"wp-caption alignnone\"><img loading=\"lazy\" decoding=\"async\" class=\"wp-image-12650\" src=\"https:\/\/bloganki.pl\/wp-content\/uploads\/2022\/02\/DSC01433.jpg\" alt=\"\" width=\"900\" height=\"600\" srcset=\"https:\/\/bloganki.pl\/wp-content\/uploads\/2022\/02\/DSC01433.jpg 900w, https:\/\/bloganki.pl\/wp-content\/uploads\/2022\/02\/DSC01433-300x200.jpg 300w, https:\/\/bloganki.pl\/wp-content\/uploads\/2022\/02\/DSC01433-768x512.jpg 768w\" sizes=\"(max-width: 900px) 100vw, 900px\" \/><figcaption id=\"caption-attachment-12650\" class=\"wp-caption-text\">Kana\u0142 \u0141asica \u2013 Zamo\u015b\u0107.<\/figcaption><\/figure>\r\n\r\n<\/figure>\r\n\r\n\r\n\r\n<figure class=\"wp-block-image size-full\">\r\n<figure id=\"attachment_12651\" aria-describedby=\"caption-attachment-12651\" style=\"width: 900px\" class=\"wp-caption alignnone\"><img loading=\"lazy\" decoding=\"async\" class=\"wp-image-12651\" src=\"https:\/\/bloganki.pl\/wp-content\/uploads\/2022\/02\/DSC01438.jpg\" alt=\"\" width=\"900\" height=\"600\" srcset=\"https:\/\/bloganki.pl\/wp-content\/uploads\/2022\/02\/DSC01438.jpg 900w, https:\/\/bloganki.pl\/wp-content\/uploads\/2022\/02\/DSC01438-300x200.jpg 300w, https:\/\/bloganki.pl\/wp-content\/uploads\/2022\/02\/DSC01438-768x512.jpg 768w\" sizes=\"(max-width: 900px) 100vw, 900px\" \/><figcaption id=\"caption-attachment-12651\" class=\"wp-caption-text\">Opuszczone domostwa w miejscowo\u015bci Zamo\u015b\u0107.<\/figcaption><\/figure>\r\n\r\n<\/figure>\r\n\r\n\r\n\r\n<figure class=\"wp-block-image size-full\">\r\n<figure id=\"attachment_12652\" aria-describedby=\"caption-attachment-12652\" style=\"width: 900px\" class=\"wp-caption alignnone\"><img loading=\"lazy\" decoding=\"async\" class=\"wp-image-12652\" src=\"https:\/\/bloganki.pl\/wp-content\/uploads\/2022\/02\/DSC01441.jpg\" alt=\"\" width=\"900\" height=\"600\" srcset=\"https:\/\/bloganki.pl\/wp-content\/uploads\/2022\/02\/DSC01441.jpg 900w, https:\/\/bloganki.pl\/wp-content\/uploads\/2022\/02\/DSC01441-300x200.jpg 300w, https:\/\/bloganki.pl\/wp-content\/uploads\/2022\/02\/DSC01441-768x512.jpg 768w\" sizes=\"(max-width: 900px) 100vw, 900px\" \/><figcaption id=\"caption-attachment-12652\" class=\"wp-caption-text\">Przydro\u017cna kapliczka w miejscowo\u015bci Zamo\u015b\u0107.<\/figcaption><\/figure>\r\n\r\n<\/figure>\r\n\r\n\r\n\r\n<figure class=\"wp-block-image size-full\">\r\n<figure id=\"attachment_12653\" aria-describedby=\"caption-attachment-12653\" style=\"width: 900px\" class=\"wp-caption alignnone\"><img loading=\"lazy\" decoding=\"async\" class=\"wp-image-12653\" src=\"https:\/\/bloganki.pl\/wp-content\/uploads\/2022\/02\/DSC01449.jpg\" alt=\"\" width=\"900\" height=\"600\" srcset=\"https:\/\/bloganki.pl\/wp-content\/uploads\/2022\/02\/DSC01449.jpg 900w, https:\/\/bloganki.pl\/wp-content\/uploads\/2022\/02\/DSC01449-300x200.jpg 300w, https:\/\/bloganki.pl\/wp-content\/uploads\/2022\/02\/DSC01449-768x512.jpg 768w\" sizes=\"(max-width: 900px) 100vw, 900px\" \/><figcaption id=\"caption-attachment-12653\" class=\"wp-caption-text\">Przydro\u017cny krzy\u017c w miejscowo\u015bci Zamo\u015b\u0107.<\/figcaption><\/figure>\r\n\r\n<\/figure>\r\n\r\n\r\n\r\n<figure class=\"wp-block-image size-full\">\r\n<figure id=\"attachment_12654\" aria-describedby=\"caption-attachment-12654\" style=\"width: 900px\" class=\"wp-caption alignnone\"><img loading=\"lazy\" decoding=\"async\" class=\"wp-image-12654\" src=\"https:\/\/bloganki.pl\/wp-content\/uploads\/2022\/02\/DSC01453.jpg\" alt=\"\" width=\"900\" height=\"600\" srcset=\"https:\/\/bloganki.pl\/wp-content\/uploads\/2022\/02\/DSC01453.jpg 900w, https:\/\/bloganki.pl\/wp-content\/uploads\/2022\/02\/DSC01453-300x200.jpg 300w, https:\/\/bloganki.pl\/wp-content\/uploads\/2022\/02\/DSC01453-768x512.jpg 768w\" sizes=\"(max-width: 900px) 100vw, 900px\" \/><figcaption id=\"caption-attachment-12654\" class=\"wp-caption-text\">Zamo\u015b\u0107 &#8211; Puszcza Kampinoska.<\/figcaption><\/figure>\r\n\r\n<\/figure>\r\n\r\n\r\n\r\n<p style=\"font-size: 17px;\">Dotarli\u015bmy do ko\u0144ca drogi i \u015blad\u00f3w grobu Tereski nie znalaz\u0142am, jestem troch\u0119 zawiedziona, mo\u017ce uda si\u0119 innym razem. Dni s\u0105 coraz kr\u00f3tsze, trzeba wraca\u0107. Chc\u0119 jeszcze zatrzyma\u0107 si\u0119 przy So\u015bnie Powsta\u0144c\u00f3w z 1863r<\/p>\r\n\r\n\r\n\r\n<figure class=\"wp-block-image size-full\">\r\n<figure id=\"attachment_12655\" aria-describedby=\"caption-attachment-12655\" style=\"width: 900px\" class=\"wp-caption alignnone\"><img loading=\"lazy\" decoding=\"async\" class=\"wp-image-12655\" src=\"https:\/\/bloganki.pl\/wp-content\/uploads\/2022\/02\/DSC01466.jpg\" alt=\"\" width=\"900\" height=\"600\" srcset=\"https:\/\/bloganki.pl\/wp-content\/uploads\/2022\/02\/DSC01466.jpg 900w, https:\/\/bloganki.pl\/wp-content\/uploads\/2022\/02\/DSC01466-300x200.jpg 300w, https:\/\/bloganki.pl\/wp-content\/uploads\/2022\/02\/DSC01466-768x512.jpg 768w\" sizes=\"(max-width: 900px) 100vw, 900px\" \/><figcaption id=\"caption-attachment-12655\" class=\"wp-caption-text\">Kana\u0142 \u0141asica \u2013 G\u00f3rki Kampinoskie.<\/figcaption><\/figure>\r\n\r\n<\/figure>\r\n\r\n\r\n\r\n<figure class=\"wp-block-image size-full\">\r\n<figure id=\"attachment_12656\" aria-describedby=\"caption-attachment-12656\" style=\"width: 900px\" class=\"wp-caption alignnone\"><img loading=\"lazy\" decoding=\"async\" class=\"wp-image-12656\" src=\"https:\/\/bloganki.pl\/wp-content\/uploads\/2022\/02\/DSC01470.jpg\" alt=\"\" width=\"900\" height=\"600\" srcset=\"https:\/\/bloganki.pl\/wp-content\/uploads\/2022\/02\/DSC01470.jpg 900w, https:\/\/bloganki.pl\/wp-content\/uploads\/2022\/02\/DSC01470-300x200.jpg 300w, https:\/\/bloganki.pl\/wp-content\/uploads\/2022\/02\/DSC01470-768x512.jpg 768w\" sizes=\"(max-width: 900px) 100vw, 900px\" \/><figcaption id=\"caption-attachment-12656\" class=\"wp-caption-text\">Sosna Powsta\u0144c\u00f3w 1863 w G\u00f3rkach Kampinoskich.<\/figcaption><\/figure>\r\n\r\n<\/figure>\r\n\r\n\r\n\r\n<p style=\"font-size: 17px;\">Sosna Powsta\u0144c\u00f3w 1863 r ros\u0142a na skraju lasu ma po\u0142udniu wsi, w miejscu zwanym Trzy Krzy\u017ce. Mia\u0142a 350 cm obwodu w pier\u015bcienicy i 22 m wysoko\u015bci, W 1984 w wieku ok 170 lat drzewo run\u0119\u0142o. Sosna jest bardzo wa\u017cnym pomnikiem historii; carscy Kozacy wieszali na jej konarach niedobitk\u00f3w oddzia\u0142u powsta\u0144czego mjr. Walerego Remiszewskiego, kt\u00f3ry stoczy\u0142 walk\u0119 pod Zaborowem Le\u015bnym, Pochowanych w pobli\u017cu ekshumowano p\u00f3\u017aniej na cmentarz w Kampinosie, gdzie jest ich mogi\u0142a. Legenda g\u0142osi\u0142a, \u017ce zwieszaj\u0105ce si\u0119 ku ziemi konary sosny wygi\u0119\u0142y si\u0119 tak od ci\u0119\u017caru powsta\u0144czych cia\u0142.<\/p>\r\n\r\n\r\n\r\n<p style=\"font-size: 15px;\">[\u0179r\u00f3d\u0142o: Lechos\u0142aw Herz \u201ePuszcza Kampinoska \u2013 przewodnik\u201d, Oficyna Wydawnicza REWASZ, Pruszk\u00f3w 2012]<\/p>\r\n\r\n\r\n\r\n<figure class=\"wp-block-image size-full\">\r\n<figure id=\"attachment_12657\" aria-describedby=\"caption-attachment-12657\" style=\"width: 900px\" class=\"wp-caption alignnone\"><img loading=\"lazy\" decoding=\"async\" class=\"wp-image-12657\" src=\"https:\/\/bloganki.pl\/wp-content\/uploads\/2022\/02\/DSC01471.jpg\" alt=\"\" width=\"900\" height=\"600\" srcset=\"https:\/\/bloganki.pl\/wp-content\/uploads\/2022\/02\/DSC01471.jpg 900w, https:\/\/bloganki.pl\/wp-content\/uploads\/2022\/02\/DSC01471-300x200.jpg 300w, https:\/\/bloganki.pl\/wp-content\/uploads\/2022\/02\/DSC01471-768x512.jpg 768w\" sizes=\"(max-width: 900px) 100vw, 900px\" \/><figcaption id=\"caption-attachment-12657\" class=\"wp-caption-text\">Sosna Powsta\u0144c\u00f3w 1863 w G\u00f3rkach Kampinoskich.<\/figcaption><\/figure>\r\n<figcaption>\r\n<p>Lubisz to co robi\u0119?\u00a0 B\u0119dzie mi niezmiernie mi\u0142o je\u015bli wypijemy razem kaw\u0119.<\/p>\r\n<p><a href=\"https:\/\/buycoffee.to\/bloganki\"><img loading=\"lazy\" decoding=\"async\" class=\"alignnone wp-image-16653 size-medium\" src=\"https:\/\/bloganki.pl\/wp-content\/uploads\/2023\/09\/GIF-1-300x84.gif\" alt=\"\" width=\"300\" height=\"84\" \/><\/a><\/p>\r\n<\/figcaption>\r\n<\/figure>\r\n","protected":false},"excerpt":{"rendered":"<p>\u0141apiemy ostatnie promienie s\u0142o\u0144ca. Ma\u0142a wyprawa w nieznane ( tym razem nie szlakami tylko Traktem Napoleo\u0144skim) Trasa: Leszno \u2013 Posada \u0141ubiec -Nowe Budy \u2013 G\u00f3rki Kampinoskie \u2013 Zamo\u015b\u0107.( ok 20 km) Pi\u0119kna z\u0142ota jesie\u0144. By\u0142 las, by\u0142y \u0142\u0105ki, by\u0142a woda i by\u0142y spi\u017carki. Wertuj\u0105c Internet, w poszukiwaniu ciekawych miejsc natkn\u0119\u0142am si\u0119 na zdj\u0119cie symbolicznego grobu upami\u0119tniaj\u0105cego zamordowan\u0105 w tym miejscu w 1962 roku czternastoletni\u0105 Teresk\u0119. Spakowa\u0142am plecak, zabra\u0142am termos gor\u0105cej kawy (smakuje najlepiej w lesie) wyci\u0105gn\u0119\u0142am rowery i postanowi\u0142am tam dotrze\u0107. Wyruszyli\u015bmy z Leszna \u017c\u00f3\u0142tym szlakiem w kierunku miejscowo\u015bci \u0141ubiec (odleg\u0142o\u015b\u0107 ok 5 km) Po prawej stronie mijamy ogrodzenie dawnej zimowej bazy cyrkowej w Julinku. By\u0142a tu kiedy\u015b szko\u0142a cyrkowa i muzeum sztuki cyrkowej teraz mie\u015bci si\u0119 tam Park Rozrywki. Dotarli\u015bmy do krzy\u017c\u00f3wki w miejscowo\u015bci \u0141ubiec ,mijamy krzy\u017c i jedziemy dalej prosto Traktem Napoleo\u0144skim. W miejscowo\u015bci \u0141ubiec (przy czerwonym szlaku) znajduje si\u0119 mogi\u0142a polskiego \u017co\u0142nierza poleg\u0142ego 17 wrze\u015bnia 1939 r. Uwielbiam takie ma\u0142o ucz\u0119szczane szlaki. Mam wtedy wra\u017cenie, \u017ce \u015bwiat zatrzymuje si\u0119 specjalnie dla mnie na chwil\u0119 i ju\u017c tak nie gna. O ka\u017cdej porze roku las wygl\u0105da inaczej. W tym roku wyj\u0105tkowo mamy pi\u0119kn\u0105 z\u0142ot\u0105 jesie\u0144, istny festiwal kolor\u00f3w. Li\u015bcie si\u0119 z\u0142oc\u0105, suche trzeszcz\u0105 pod stopami, czu\u0107 promyki s\u0142o\u0144ca na twarzy. Ostatnie tchnienie gor\u0105cego lata. Trakt Napoleo\u0144ski biegnie przez tereny bagienne. W okolicach miejscowo\u015bci Nowe Budy natrafiamy na pozosta\u0142o\u015bci po dawnych mieszka\u0144cach. Osta\u0142y si\u0119 g\u0142\u00f3wnie piwnice \u2013 ziemianki. Przez mojego Syna nazwane spi\u017carkami. Kiedy\u015b mieszkali tu ludzie a teraz piwnice s\u0142u\u017c\u0105 za zimowisko dla nietoperzy. Gdzieniegdzie ro\u015bnie bez, na wiosn\u0119 na pewno jest tu pi\u0119knie. Uwielbiam zapach bzu, na dzia\u0142ce mam par\u0119 odmian. Bez zawsze przypomina mi zapachy dzieci\u0144stwa i kojarzy mi si\u0119 z wiosn\u0105 Zatrzymujemy si\u0119 na chwil\u0119, \u017ceby odpocz\u0105\u0107. My\u015bl\u0119 o ludziach, kt\u00f3rzy tu mieszkali, o tym jak \u017cyli, jak radzili sobie z dala od sklep\u00f3w. Za Kana\u0142em \u0141asica, przy drewnianym krzy\u017cu skr\u0119camy w lewo i kierujmy si\u0119 do miejscowo\u015bci G\u00f3rki Kampinoskie. W centrum wsi znajduje si\u0119 murowany ko\u015bci\u00f3\u0142 wzniesiony w 2000 r. na miejscu spalonej poprzedniej \u015bwi\u0105tyni. Jej historia si\u0119ga lat 60-tych XX w., kiedy to ks. Zdzis\u0142aw Krzymowski odprawia\u0142 msze przy kapliczkach. Wobec wielokrotnej odmowy zgody na budow\u0119 \u015bwi\u0105tyni, mieszka\u0144cy wznie\u015bli j\u0105 jak w czasach carskich, pod os\u0142on\u0105 nocy, przygotowuj\u0105c wcze\u015bniej elementy konstrukcji w prywatnych stodo\u0142ach. 10 kwietnia 1976 r. ko\u015bci\u00f3\u0142 zmontowano, nast\u0105pi\u0142a jednak natychmiastowa akcja milicyjna, podczas kt\u00f3rej ko\u015bci\u00f3\u0142 rozebrano. Dosz\u0142o do profanacji Naj\u015bwi\u0119tszego Sakramentu, kilkadziesi\u0105t os\u00f3b aresztowano a ks. J\u00f3zef Borek zosta\u0142 dotkliwie pobity. Po wydarzeniach w Radomiu i Ursusie w\u0142adze z\u0142agodzi\u0142y swoje stanowisko i wreszcie wyrazi\u0142y zgod\u0119. W roku 1978 zbudowano \u015bwi\u0105tyni\u0119 wg proj. Micha\u0142a Sandowicza, drewnian\u0105, wspart\u0105 na stalowym szkielecie. Ca\u0142e wyposa\u017cenie nawi\u0105zywa\u0142o do puszcza\u0144skiego otoczenia. Uwag\u0119 zwraca\u0142 ogromny krucyfiks wykonany z jednego pnia drzewa. Fasada przypomina\u0142a stylizowanego or\u0142a. W 1981 r. erygowano parafi\u0119 z tytu\u0142em Nawiedzenia Naj\u015bwi\u0119tszej Marii Panny. Po po\u017carze w 1999, odbudowano \u015bwi\u0105tyni\u0119 jako murowan\u0105, zachowuj\u0105c jej dawny kszta\u0142t. [\u0179r\u00f3d\u0142o: Lechos\u0142aw Herz \u201ePuszcza Kampinoska \u2013 przewodnik\u201d, Oficyna Wydawnicza REWASZ, Pruszk\u00f3w 2012] Pami\u0119tam jak przez mg\u0142\u0119 histori\u0119 tego ko\u015bcio\u0142a, opowiedzia\u0142 mi j\u0105 Pan Adam jak by\u0142am jeszcze dzieckiem. Zamo\u015b\u0107 \u2013 kolejna wysiedlona wioska w Puszczy Kampinoskiej. Kiedy\u015b to miejsce t\u0119tni\u0142o \u017cyciem, teraz wkrada si\u0119 tu puszcza. Takich opuszczonych wsi w Puszczy Kampinoskiej jest wi\u0119cej. Kiedy w 1959 r. zak\u0142adano park narodowy, w jego granicach znalaz\u0142o si\u0119 71 wiosek zamieszkanych przez 16 tys. os\u00f3b. Dzi\u015b mieszka ich tu najwy\u017cej 2 tys. Dotarli\u015bmy do ko\u0144ca drogi i \u015blad\u00f3w grobu Tereski nie znalaz\u0142am, jestem troch\u0119 zawiedziona, mo\u017ce uda si\u0119 innym razem. Dni s\u0105 coraz kr\u00f3tsze, trzeba wraca\u0107. Chc\u0119 jeszcze zatrzyma\u0107 si\u0119 przy So\u015bnie Powsta\u0144c\u00f3w z 1863r Sosna Powsta\u0144c\u00f3w 1863 r ros\u0142a na skraju lasu ma po\u0142udniu wsi, w miejscu zwanym Trzy Krzy\u017ce. Mia\u0142a 350 cm obwodu w pier\u015bcienicy i 22 m wysoko\u015bci, W 1984 w wieku ok 170 lat drzewo run\u0119\u0142o. Sosna jest bardzo wa\u017cnym pomnikiem historii; carscy Kozacy wieszali na jej konarach niedobitk\u00f3w oddzia\u0142u powsta\u0144czego mjr. Walerego Remiszewskiego, kt\u00f3ry stoczy\u0142 walk\u0119 pod Zaborowem Le\u015bnym, Pochowanych w pobli\u017cu ekshumowano p\u00f3\u017aniej na cmentarz w Kampinosie, gdzie jest ich mogi\u0142a. Legenda g\u0142osi\u0142a, \u017ce zwieszaj\u0105ce si\u0119 ku ziemi konary sosny wygi\u0119\u0142y si\u0119 tak od ci\u0119\u017caru powsta\u0144czych cia\u0142. [\u0179r\u00f3d\u0142o: Lechos\u0142aw Herz \u201ePuszcza Kampinoska \u2013 przewodnik\u201d, Oficyna Wydawnicza REWASZ, Pruszk\u00f3w 2012]<\/p>\n","protected":false},"author":3,"featured_media":12633,"comment_status":"open","ping_status":"open","sticky":false,"template":"","format":"standard","meta":{"_monsterinsights_skip_tracking":false,"_monsterinsights_sitenote_active":false,"_monsterinsights_sitenote_note":"","_monsterinsights_sitenote_category":0,"footnotes":""},"categories":[606,21],"tags":[29,23,299,26,27,28,24,377,30,22],"class_list":["post-220","post","type-post","status-publish","format-standard","has-post-thumbnail","hentry","category-polecane-szlaki","category-puszcza-kampinoska","tag-gorki-kampinoskie","tag-grob-tereski","tag-kampinoski-park-narodowy","tag-leszno","tag-lubiec","tag-nowe-budy","tag-puszcza-kampinoska","tag-skarby-mazowsza","tag-trakt-napoleonski","tag-zamosc"],"aioseo_notices":[],"acf":[],"_links":{"self":[{"href":"https:\/\/bloganki.pl\/index.php\/wp-json\/wp\/v2\/posts\/220","targetHints":{"allow":["GET"]}}],"collection":[{"href":"https:\/\/bloganki.pl\/index.php\/wp-json\/wp\/v2\/posts"}],"about":[{"href":"https:\/\/bloganki.pl\/index.php\/wp-json\/wp\/v2\/types\/post"}],"author":[{"embeddable":true,"href":"https:\/\/bloganki.pl\/index.php\/wp-json\/wp\/v2\/users\/3"}],"replies":[{"embeddable":true,"href":"https:\/\/bloganki.pl\/index.php\/wp-json\/wp\/v2\/comments?post=220"}],"version-history":[{"count":12,"href":"https:\/\/bloganki.pl\/index.php\/wp-json\/wp\/v2\/posts\/220\/revisions"}],"predecessor-version":[{"id":17089,"href":"https:\/\/bloganki.pl\/index.php\/wp-json\/wp\/v2\/posts\/220\/revisions\/17089"}],"wp:featuredmedia":[{"embeddable":true,"href":"https:\/\/bloganki.pl\/index.php\/wp-json\/wp\/v2\/media\/12633"}],"wp:attachment":[{"href":"https:\/\/bloganki.pl\/index.php\/wp-json\/wp\/v2\/media?parent=220"}],"wp:term":[{"taxonomy":"category","embeddable":true,"href":"https:\/\/bloganki.pl\/index.php\/wp-json\/wp\/v2\/categories?post=220"},{"taxonomy":"post_tag","embeddable":true,"href":"https:\/\/bloganki.pl\/index.php\/wp-json\/wp\/v2\/tags?post=220"}],"curies":[{"name":"wp","href":"https:\/\/api.w.org\/{rel}","templated":true}]}}