{"id":3558,"date":"2020-08-18T12:58:12","date_gmt":"2020-08-18T10:58:12","guid":{"rendered":"https:\/\/bloganki.pl\/?p=3558"},"modified":"2024-05-02T13:21:49","modified_gmt":"2024-05-02T11:21:49","slug":"swieto-matki-boskiej-zielnej-w-skansenie-ziemi-lowickiej-w-maurzycach","status":"publish","type":"post","link":"https:\/\/bloganki.pl\/index.php\/2020\/08\/18\/swieto-matki-boskiej-zielnej-w-skansenie-ziemi-lowickiej-w-maurzycach\/","title":{"rendered":"\u015awi\u0119to Matki Boskiej Zielnej w Skansenie Ziemi \u0141owickiej w Maurzycach."},"content":{"rendered":"\r\n<p style=\"font-size: 17px;\">Chyba ka\u017cda dziewczynka uwielbia ple\u015b\u0107 wianki. Pami\u0119tam jako dziecko najcz\u0119\u015bciej robi\u0142am wianki z kwiat\u00f3w mleczy, wygl\u0105da\u0142y cudownie, ale strasznie barwi\u0142y r\u0119ce, ci\u0119\u017cko je by\u0142o p\u00f3\u017aniej domy\u0107. Jak przekwit\u0142y mlecze, to plot\u0142y\u015bmy wianki z kwiat\u00f3w koniczyny i z chabr\u00f3w.<\/p>\r\n\r\n\r\n\r\n<p style=\"font-size: 17px;\">15 sierpnia w Maurzycach poczu\u0142am si\u0119 znowu jak ma\u0142a dziewczynka. Plot\u0142am wianki, robi\u0142am kwiaty z krepiny. Fajnie si\u0119 tak czasem cofn\u0105\u0107 do czas\u00f3w Naszych Dziadk\u00f3w. Mieszkam zaledwie 60 km od \u0141owicza, wiec meble, naczynia podobne do tych jakie widzia\u0142am w skansenie mia\u0142a moja Babcia.<\/p>\r\n\r\n\r\n\r\n<p style=\"font-size: 17px;\">Po szkole bieg\u0142am zawsze do Babci Zosi, na kuchni piek\u0142y\u015bmy plasterki ziemniak\u00f3w, m\u00f3wi\u0142y\u015bmy na nie <strong>&#8222;talarki&#8221;<\/strong>. Babcia by\u0142a prawdziw\u0105 czarodziejk\u0105, zawsze potrafi\u0142a wyczarowa\u0107 z niczego najwspanialsze dania. Na obiad cz\u0119sto robi\u0142a <strong>&#8222;sine kluski<\/strong>&#8221; &#8211; <strong>&#8222;przecieraki&#8221;<\/strong> czasem okrasza\u0142a je samymi skawreczkami albo bia\u0142ym serem &#8211; najlepsze danie pod s\u0142o\u0144cem. Takie wykwintne danie to przysmak lokalny ziemi \u0142owickiej.<\/p>\r\n\r\n\r\n\r\n<p style=\"font-size: 17px;\">W skansenie w Maurzycach mo\u017cna posmakowa\u0107 lokalnej kuchni, ja jad\u0142am przepyszn\u0105 zalewajk\u0119, na \u015bwie\u017cym powietrzu smakuje najlepiej. W powietrzu roznosi\u0142 si\u0119 wtedy zapach dzikiej r\u00f3\u017cy, zapach lata.<\/p>\r\n\r\n\r\n\r\n<figure class=\"wp-block-image size-large\"><img fetchpriority=\"high\" decoding=\"async\" width=\"1024\" height=\"683\" class=\"wp-image-8440\" src=\"https:\/\/bloganki.pl\/wp-content\/uploads\/2021\/03\/DSC04169-1024x683.jpg\" alt=\"\" srcset=\"https:\/\/bloganki.pl\/wp-content\/uploads\/2021\/03\/DSC04169-1024x683.jpg 1024w, https:\/\/bloganki.pl\/wp-content\/uploads\/2021\/03\/DSC04169-300x200.jpg 300w, https:\/\/bloganki.pl\/wp-content\/uploads\/2021\/03\/DSC04169-768x512.jpg 768w, https:\/\/bloganki.pl\/wp-content\/uploads\/2021\/03\/DSC04169-1140x760.jpg 1140w, https:\/\/bloganki.pl\/wp-content\/uploads\/2021\/03\/DSC04169.jpg 1290w\" sizes=\"(max-width: 1024px) 100vw, 1024px\" \/>\r\n<figcaption>Skansen Wsi \u0141owickiej w Maurzycach.<\/figcaption>\r\n<\/figure>\r\n\r\n\r\n\r\n<p>&nbsp;<\/p>\r\n\r\n\r\n\r\n<h2 class=\"has-text-align-center wp-block-heading\">Moc bukiet\u00f3w &#8211; czyli troch\u0119 o \u015bwi\u0119ceniu wiank\u00f3w.<\/h2>\r\n\r\n\r\n\r\n<p>&nbsp;<\/p>\r\n\r\n\r\n\r\n<p style=\"font-size: 17px;\">\u015awi\u0119to Matki Boskiej Zielnej w skansenie w Maurzycach obchodzone by\u0142o bardzo uroczy\u015bcie, jedn\u0105 z atrakcji by\u0142o plecenie wiank\u00f3w i robienie bukiet\u00f3w. Na uroczystej mszy \u015bwi\u0119tej, w przepi\u0119knym drewnianym ko\u015bci\u00f3\u0142ku przeniesionym z Wysokienic ( na terenie skansenu) ksi\u0105dz p\u00f3\u017aniej \u015bwi\u0119ci\u0142 przepi\u0119kne bukiety i kolorowe wianki.<\/p>\r\n\r\n\r\n\r\n<p style=\"font-size: 17px;\">\u015awi\u0119cenie wiank\u00f3w na Matki Boskiej Zielnej wywodzi si\u0119 ze starej chrze\u015bcija\u0144skiej legendy &#8211; <strong>apokryfu<\/strong> &#8211; czyli pobo\u017cnych opowie\u015bci, kt\u00f3re w prosty spos\u00f3b t\u0142umacz\u0105 prawdy wiary. W jednym z tych apokryf\u00f3w jest pi\u0119kna opowie\u015b\u0107 o \u015bmierci i wniebowzi\u0119ciu Maryi.<\/p>\r\n\r\n\r\n\r\n<p style=\"font-size: 17px;\">Gdy Matka Bo\u017ca umar\u0142a, aposto\u0142owie chcieli j\u0105 pochowa\u0107. Z\u0142o\u017cyli cia\u0142o w trumnie, ale musieli poczeka\u0107, bo \u015bw. Tomasz zwany niedowiarkiem &#8211; ten sam, kt\u00f3ry nie uwierzy\u0142 w zmartwychwstanie, dop\u00f3ki nie dotkn\u0105\u0142 rany Chrystusa &#8211; sp\u00f3\u017ani\u0142 si\u0119. Gdy ju\u017c wreszcie dotar\u0142, chcia\u0142 zobaczy\u0107 cia\u0142o Naj\u015bwi\u0119tszej Marii Panny. Po otwarciu trumny, nie by\u0142o w niej cia\u0142a Maryi, a jedynie pi\u0119kne, pachn\u0105ce lilie i inne kwiaty i zio\u0142a.<\/p>\r\n\r\n\r\n\r\n<p style=\"font-size: 17px;\">Nazwa Matki Bo\u017cej Zielnej ma te\u017c zwi\u0105zek z porami roku. Po\u0142owa sierpnia to czas zbior\u00f3w, pierwszych do\u017cynek. Dlatego w tym dniu \u015bwi\u0119ci si\u0119 kwiaty, zbo\u017ca, zio\u0142a i warzywa.<\/p>\r\n\r\n\r\n\r\n<p style=\"font-size: 17px;\">Co do bukietu: najwa\u017cniejsze s\u0105 zio\u0142a, zw\u0142aszcza lecznicze: pio\u0142un, dziurawiec, macierzank\u0119, krwawnik, babk\u0119, ale i trzewiczki (pantofelki) Matki Boskiej (tojad &#8211; truj\u0105ce ziele). Wed\u0142ug tradycji bukiet powinien si\u0119 sk\u0142ada\u0107 z 7 lub 77 r\u00f3\u017cnych zi\u00f3\u0142, zb\u00f3\u017c i kwiat\u00f3w. <strong>Si\u00f3demka ju\u017c w Starym Testamencie jest bowiem symbolem doskona\u0142o\u015bci. Do 7 podstawowych zi\u00f3\u0142 zalicza si\u0119: rumianek, mi\u0119t\u0119, melis\u0119, bazyli\u0119, rozmaryn, lubczyk i nasturcj\u0119.\u00a0<\/strong><\/p>\r\n\r\n\r\n\r\n<p style=\"font-size: 17px;\">Po\u015bwi\u0119cone zio\u0142a, z okazji \u015bwi\u0119ta Matki Boskiej Zielnej co do bukietu zosta\u0142y w\u0142o\u017cone, maj\u0105 bowiem ogromn\u0105 moc lecznicz\u0105. Te truj\u0105ce \u2013 trzymaj\u0105 z dala od domu robactwo i choroby. Te lecznicze \u2013 b\u0119d\u0105 zaparzane i gotowane, trafi\u0105 do karmy zwierz\u0105t w gospodarstwie i b\u0119d\u0105 wspiera\u0107 domownik\u00f3w w chorobie.<\/p>\r\n\r\n\r\n\r\n<p style=\"font-size: 15px;\">[*\u0179r\u00f3d\u0142o: <a href=\"https:\/\/bialykruk.pl\/wydarzenia\/matki-boskiej-zielnej-czyli-wniebowziecie-najswietszej-marii-panny-co-oznaczaja-te-swieta\">https:\/\/bialykruk.pl\/wydarzenia\/matki-boskiej-zielnej-czyli-wniebowziecie-najswietszej-marii-panny-co-oznaczaja-te-swieta<\/a> ]<\/p>\r\n\r\n\r\n\r\n<p>&nbsp;<\/p>\r\n\r\n\r\n\r\n<h2 class=\"has-text-align-center wp-block-heading\">Maurzyce &#8211; niebieski skansen.<\/h2>\r\n\r\n\r\n\r\n<p>&nbsp;<\/p>\r\n\r\n\r\n\r\n<p style=\"font-size: 17px;\">\u0141owicki Park Etnograficzny w\u00a0Maurzycach po\u0142o\u017cony jest w\u00a0odleg\u0142o\u015bci ok. 7\u00a0km od\u00a0\u0141owicza, przy trasie Warszawa \u2013 Pozna\u0144. Jest najbardziej niebieskim skansen jaki do tej pory widzia\u0142am, a niebieski to przecie\u017c kolor Matki Boskiej.<\/p>\r\n\r\n\r\n\r\n<p style=\"font-size: 17px;\">Do\u00a0zwiedzania zosta\u0142 udost\u0119pniony w\u00a0po\u0142owie lat 80. Obecnie znajduje si\u0119 tu ponad 40\u00a0obiekt\u00f3w, datowanych w\u00a0wi\u0119kszo\u015bci na\u00a0II po\u0142. XIX i\u00a0I\u00a0po\u0142. XX w. Ich rozmieszczenie ukazuje dwa historyczne uk\u0142ady przestrzenne \u0142owickiej wsi: tzw. star\u0105 wie\u015b \u2013 owalnic\u0119 z\u00a0centralnym placem wioskowym, wyst\u0119puj\u0105c\u0105 w\u00a0XIX w. oraz\u00a0tzw. now\u0105 wie\u015b \u2013 pouw\u0142aszczeniow\u0105 ulic\u00f3wk\u0119.<\/p>\r\n\r\n\r\n\r\n<figure class=\"wp-block-image size-large\"><img decoding=\"async\" width=\"1024\" height=\"683\" class=\"wp-image-8441\" src=\"https:\/\/bloganki.pl\/wp-content\/uploads\/2021\/03\/DSC04237-1024x683.jpg\" alt=\"\" srcset=\"https:\/\/bloganki.pl\/wp-content\/uploads\/2021\/03\/DSC04237-1024x683.jpg 1024w, https:\/\/bloganki.pl\/wp-content\/uploads\/2021\/03\/DSC04237-300x200.jpg 300w, https:\/\/bloganki.pl\/wp-content\/uploads\/2021\/03\/DSC04237-768x512.jpg 768w, https:\/\/bloganki.pl\/wp-content\/uploads\/2021\/03\/DSC04237-1140x760.jpg 1140w, https:\/\/bloganki.pl\/wp-content\/uploads\/2021\/03\/DSC04237.jpg 1290w\" sizes=\"(max-width: 1024px) 100vw, 1024px\" \/>\r\n<figcaption><strong>Skansen Wsi \u0141owickiej w Maurzycach<\/strong>.<\/figcaption>\r\n<\/figure>\r\n\r\n\r\n\r\n<figure class=\"wp-block-image size-large\"><img decoding=\"async\" width=\"1024\" height=\"683\" class=\"wp-image-8442\" src=\"https:\/\/bloganki.pl\/wp-content\/uploads\/2021\/03\/DSC03979-1024x683.jpg\" alt=\"\" srcset=\"https:\/\/bloganki.pl\/wp-content\/uploads\/2021\/03\/DSC03979-1024x683.jpg 1024w, https:\/\/bloganki.pl\/wp-content\/uploads\/2021\/03\/DSC03979-300x200.jpg 300w, https:\/\/bloganki.pl\/wp-content\/uploads\/2021\/03\/DSC03979-768x512.jpg 768w, https:\/\/bloganki.pl\/wp-content\/uploads\/2021\/03\/DSC03979-1140x760.jpg 1140w, https:\/\/bloganki.pl\/wp-content\/uploads\/2021\/03\/DSC03979.jpg 1290w\" sizes=\"(max-width: 1024px) 100vw, 1024px\" \/>\r\n<figcaption><strong>Kapliczka z Otolic &#8211; Skansen Wsi \u0141owickiej w Maurzycach.<\/strong><\/figcaption>\r\n<\/figure>\r\n\r\n\r\n\r\n<figure class=\"wp-block-image size-large\"><img loading=\"lazy\" decoding=\"async\" width=\"1024\" height=\"683\" class=\"wp-image-8443\" src=\"https:\/\/bloganki.pl\/wp-content\/uploads\/2021\/03\/DSC03999-1024x683.jpg\" alt=\"\" srcset=\"https:\/\/bloganki.pl\/wp-content\/uploads\/2021\/03\/DSC03999-1024x683.jpg 1024w, https:\/\/bloganki.pl\/wp-content\/uploads\/2021\/03\/DSC03999-300x200.jpg 300w, https:\/\/bloganki.pl\/wp-content\/uploads\/2021\/03\/DSC03999-768x512.jpg 768w, https:\/\/bloganki.pl\/wp-content\/uploads\/2021\/03\/DSC03999-1140x760.jpg 1140w, https:\/\/bloganki.pl\/wp-content\/uploads\/2021\/03\/DSC03999.jpg 1290w\" sizes=\"(max-width: 1024px) 100vw, 1024px\" \/>\r\n<figcaption><strong>\u0141owicka Chata &#8211;<\/strong> <strong>Skansen Wsi \u0141owickiej w Maurzycach<\/strong>.<\/figcaption>\r\n<\/figure>\r\n\r\n\r\n\r\n<figure class=\"wp-block-image size-large\"><img loading=\"lazy\" decoding=\"async\" width=\"1024\" height=\"683\" class=\"wp-image-8444\" src=\"https:\/\/bloganki.pl\/wp-content\/uploads\/2021\/03\/DSC04008-1024x683.jpg\" alt=\"\" srcset=\"https:\/\/bloganki.pl\/wp-content\/uploads\/2021\/03\/DSC04008-1024x683.jpg 1024w, https:\/\/bloganki.pl\/wp-content\/uploads\/2021\/03\/DSC04008-300x200.jpg 300w, https:\/\/bloganki.pl\/wp-content\/uploads\/2021\/03\/DSC04008-768x512.jpg 768w, https:\/\/bloganki.pl\/wp-content\/uploads\/2021\/03\/DSC04008-1140x760.jpg 1140w, https:\/\/bloganki.pl\/wp-content\/uploads\/2021\/03\/DSC04008.jpg 1290w\" sizes=\"(max-width: 1024px) 100vw, 1024px\" \/>\r\n<figcaption><strong>Skansen Wsi \u0141owickiej w Maurzycach<\/strong>.<\/figcaption>\r\n<\/figure>\r\n\r\n\r\n\r\n<p style=\"font-size: 17px;\">Najpopularniejszym r\u0119kodzie\u0142em ludowym w rejonie \u0141owicza s\u0105 <strong>wycinanki<\/strong>. Wycinanki \u0142owickie: dziel\u0105 si\u0119 na trzy typy: kodry, gwiozdy i tasiemki. Wycinanki tworzy si\u0119 poprzez wycinanie wzor\u00f3w na kolorowym papierze, i naklejanie mniejszych motyw\u00f3w na ich wi\u0119ksze odpowiedniki. Najcz\u0119\u015bciej u\u017cywanymi motywami s\u0105 ro\u015blinne ornamenty, kwiaty i koguty. Wycinanki \u0142owickie, dzi\u0119ki unikatowo\u015bci na skal\u0119 \u015bwiatow\u0105, zyska\u0142y uznanie i s\u0142aw\u0119 na ca\u0142ym \u015bwiecie.<\/p>\r\n\r\n\r\n\r\n<figure class=\"wp-block-image size-large\"><img loading=\"lazy\" decoding=\"async\" width=\"1024\" height=\"683\" class=\"wp-image-8445\" src=\"https:\/\/bloganki.pl\/wp-content\/uploads\/2021\/03\/DSC04010-1024x683.jpg\" alt=\"\" srcset=\"https:\/\/bloganki.pl\/wp-content\/uploads\/2021\/03\/DSC04010-1024x683.jpg 1024w, https:\/\/bloganki.pl\/wp-content\/uploads\/2021\/03\/DSC04010-300x200.jpg 300w, https:\/\/bloganki.pl\/wp-content\/uploads\/2021\/03\/DSC04010-768x512.jpg 768w, https:\/\/bloganki.pl\/wp-content\/uploads\/2021\/03\/DSC04010-1140x760.jpg 1140w, https:\/\/bloganki.pl\/wp-content\/uploads\/2021\/03\/DSC04010.jpg 1290w\" sizes=\"(max-width: 1024px) 100vw, 1024px\" \/>\r\n<figcaption><strong>\u0141owickie Paj\u0105ki &#8211; Skansen Wsi \u0141owickiej w Maurzycach<\/strong>.<\/figcaption>\r\n<\/figure>\r\n\r\n\r\n\r\n<p style=\"font-size: 17px;\">Obok wycinanek w \u0141owiczu tworzy si\u0119<strong> \u201epaj\u0105ki<\/strong>\u201d, pocz\u0105tkowo wykonywa\u0142o si\u0119 je z gliny i s\u0142omy a tak\u017ce kolorowego papieru. Dzi\u015b do tworzenia \u201epaj\u0105k\u00f3w\u201d u\u017cywamy jedynie prostej s\u0142owy, nici i bibu\u0142y. Z bibu\u0142y robi si\u0119 r\u00f3wnie\u017c popularne w tym regionie kwiaty, kt\u00f3re r\u00f3wnie\u017c s\u0142u\u017c\u0105 do dekoracji dom\u00f3w.<\/p>\r\n\r\n\r\n\r\n<p style=\"font-size: 17px;\">Kolorowe \u0142owickie paj\u0105ki zawieszane pod sufitem wygl\u0105daj\u0105 jak \u017cyrandole. <strong>Historia paj\u0105k\u00f3w si\u0119ga po\u0142owy XVIII wieku. Dawniej by\u0142o to zaj\u0119cie na d\u0142ugie zimowe wieczory<\/strong>. Kobiety na wsiach zbiera\u0142y si\u0119 u jednej w chacie i robi\u0142y s\u0142omiane dekoracje. Paj\u0105ka wieszano na specjalne okazje, takie jak:\u00a0 \u015bwi\u0119ta Bo\u017cego Narodzenia, Wielkanoc, wesela czy chrzciny, po\u015brodku izby albo w \u015bwi\u0119tym k\u0105cie. M\u00f3wi\u0142o si\u0119, \u017ce przynosi szcz\u0119\u015bcie i pieni\u0105dze.<\/p>\r\n\r\n\r\n\r\n<p style=\"font-size: 17px;\"><strong>Najlepsze na paj\u0105ki jest \u017cyto. S\u0142omki ma sztywne i \u0142adnie si\u0119 b\u0142yszcz\u0105<\/strong>. Wykonanie takiego paj\u0105ka jest bardzo pracoch\u0142onne i zajmuje kilka, nawet kilkana\u015bcie dni.<\/p>\r\n\r\n\r\n\r\n<figure class=\"wp-block-image size-large\"><img loading=\"lazy\" decoding=\"async\" width=\"1024\" height=\"683\" class=\"wp-image-8446\" src=\"https:\/\/bloganki.pl\/wp-content\/uploads\/2021\/03\/DSC04015-1024x683.jpg\" alt=\"\" srcset=\"https:\/\/bloganki.pl\/wp-content\/uploads\/2021\/03\/DSC04015-1024x683.jpg 1024w, https:\/\/bloganki.pl\/wp-content\/uploads\/2021\/03\/DSC04015-300x200.jpg 300w, https:\/\/bloganki.pl\/wp-content\/uploads\/2021\/03\/DSC04015-768x512.jpg 768w, https:\/\/bloganki.pl\/wp-content\/uploads\/2021\/03\/DSC04015-1140x760.jpg 1140w, https:\/\/bloganki.pl\/wp-content\/uploads\/2021\/03\/DSC04015.jpg 1290w\" sizes=\"(max-width: 1024px) 100vw, 1024px\" \/>\r\n<figcaption><strong>\u0141owicka Chata &#8211;<\/strong> <strong>Skansen Wsi \u0141owickiej w Maurzycach<\/strong>.<\/figcaption>\r\n<\/figure>\r\n\r\n\r\n\r\n<figure class=\"wp-block-image size-large\"><img loading=\"lazy\" decoding=\"async\" width=\"1024\" height=\"683\" class=\"wp-image-8447\" src=\"https:\/\/bloganki.pl\/wp-content\/uploads\/2021\/03\/DSC04016-1024x683.jpg\" alt=\"\" srcset=\"https:\/\/bloganki.pl\/wp-content\/uploads\/2021\/03\/DSC04016-1024x683.jpg 1024w, https:\/\/bloganki.pl\/wp-content\/uploads\/2021\/03\/DSC04016-300x200.jpg 300w, https:\/\/bloganki.pl\/wp-content\/uploads\/2021\/03\/DSC04016-768x512.jpg 768w, https:\/\/bloganki.pl\/wp-content\/uploads\/2021\/03\/DSC04016-1140x760.jpg 1140w, https:\/\/bloganki.pl\/wp-content\/uploads\/2021\/03\/DSC04016.jpg 1290w\" sizes=\"(max-width: 1024px) 100vw, 1024px\" \/>\r\n<figcaption><strong>\u0141owicka Chata &#8211;<\/strong> <strong>Skansen Wsi \u0141owickiej w Maurzycach<\/strong>.<\/figcaption>\r\n<\/figure>\r\n\r\n\r\n\r\n<p style=\"font-size: 17px;\">Skansen w Maurzycach to nie tylko stare zagrody przeniesione z okolicznych wsi, ale tak\u017ce wiejska szko\u0142a, przydro\u017cne kapliczki, krzy\u017ce, stodo\u0142y czy wiatrak. Domostwa pochodz\u0105 z wielu okolicznych wsi: Z\u0142akowa Borowego, Z\u0142akowa Ko\u015bcielnego czy Bogorii. W wybranych obiektach organizowane s\u0105 prezentacje garncarstwa, hafciarstwa czy papieroplastyki.<\/p>\r\n\r\n\r\n\r\n<figure class=\"wp-block-image size-large\"><img loading=\"lazy\" decoding=\"async\" width=\"1024\" height=\"683\" class=\"wp-image-8448\" src=\"https:\/\/bloganki.pl\/wp-content\/uploads\/2021\/03\/DSC04021-1024x683.jpg\" alt=\"\" srcset=\"https:\/\/bloganki.pl\/wp-content\/uploads\/2021\/03\/DSC04021-1024x683.jpg 1024w, https:\/\/bloganki.pl\/wp-content\/uploads\/2021\/03\/DSC04021-300x200.jpg 300w, https:\/\/bloganki.pl\/wp-content\/uploads\/2021\/03\/DSC04021-768x512.jpg 768w, https:\/\/bloganki.pl\/wp-content\/uploads\/2021\/03\/DSC04021-1140x760.jpg 1140w, https:\/\/bloganki.pl\/wp-content\/uploads\/2021\/03\/DSC04021.jpg 1290w\" sizes=\"(max-width: 1024px) 100vw, 1024px\" \/>\r\n<figcaption><strong>Skansen Wsi \u0141owickiej w Maurzycach<\/strong>.<\/figcaption>\r\n<\/figure>\r\n\r\n\r\n\r\n<figure class=\"wp-block-image size-large\"><img loading=\"lazy\" decoding=\"async\" width=\"1024\" height=\"683\" class=\"wp-image-8449\" src=\"https:\/\/bloganki.pl\/wp-content\/uploads\/2021\/03\/DSC04036-1024x683.jpg\" alt=\"\" srcset=\"https:\/\/bloganki.pl\/wp-content\/uploads\/2021\/03\/DSC04036-1024x683.jpg 1024w, https:\/\/bloganki.pl\/wp-content\/uploads\/2021\/03\/DSC04036-300x200.jpg 300w, https:\/\/bloganki.pl\/wp-content\/uploads\/2021\/03\/DSC04036-768x512.jpg 768w, https:\/\/bloganki.pl\/wp-content\/uploads\/2021\/03\/DSC04036-1140x760.jpg 1140w, https:\/\/bloganki.pl\/wp-content\/uploads\/2021\/03\/DSC04036.jpg 1290w\" sizes=\"(max-width: 1024px) 100vw, 1024px\" \/>\r\n<figcaption><strong>Skansen Wsi \u0141owickiej w Maurzycach<\/strong>.<\/figcaption>\r\n<\/figure>\r\n\r\n\r\n\r\n<figure class=\"wp-block-image size-large\"><img loading=\"lazy\" decoding=\"async\" width=\"1024\" height=\"683\" class=\"wp-image-8450\" src=\"https:\/\/bloganki.pl\/wp-content\/uploads\/2021\/03\/DSC04044-1024x683.jpg\" alt=\"\" srcset=\"https:\/\/bloganki.pl\/wp-content\/uploads\/2021\/03\/DSC04044-1024x683.jpg 1024w, https:\/\/bloganki.pl\/wp-content\/uploads\/2021\/03\/DSC04044-300x200.jpg 300w, https:\/\/bloganki.pl\/wp-content\/uploads\/2021\/03\/DSC04044-768x512.jpg 768w, https:\/\/bloganki.pl\/wp-content\/uploads\/2021\/03\/DSC04044-1140x760.jpg 1140w, https:\/\/bloganki.pl\/wp-content\/uploads\/2021\/03\/DSC04044.jpg 1290w\" sizes=\"(max-width: 1024px) 100vw, 1024px\" \/>\r\n<figcaption><strong>Skansen Wsi \u0141owickiej w Maurzycach<\/strong>.<\/figcaption>\r\n<\/figure>\r\n\r\n\r\n\r\n<figure class=\"wp-block-image size-large\"><img loading=\"lazy\" decoding=\"async\" width=\"1024\" height=\"683\" class=\"wp-image-8451\" src=\"https:\/\/bloganki.pl\/wp-content\/uploads\/2021\/03\/DSC04050-1024x683.jpg\" alt=\"\" srcset=\"https:\/\/bloganki.pl\/wp-content\/uploads\/2021\/03\/DSC04050-1024x683.jpg 1024w, https:\/\/bloganki.pl\/wp-content\/uploads\/2021\/03\/DSC04050-300x200.jpg 300w, https:\/\/bloganki.pl\/wp-content\/uploads\/2021\/03\/DSC04050-768x512.jpg 768w, https:\/\/bloganki.pl\/wp-content\/uploads\/2021\/03\/DSC04050-1140x760.jpg 1140w, https:\/\/bloganki.pl\/wp-content\/uploads\/2021\/03\/DSC04050.jpg 1290w\" sizes=\"(max-width: 1024px) 100vw, 1024px\" \/>\r\n<figcaption><strong>\u0141owicka Chata &#8211;<\/strong> <strong>Skansen Wsi \u0141owickiej w Maurzycach<\/strong>.<\/figcaption>\r\n<\/figure>\r\n\r\n\r\n\r\n<figure class=\"wp-block-image size-large\"><img loading=\"lazy\" decoding=\"async\" width=\"1024\" height=\"683\" class=\"wp-image-8452\" src=\"https:\/\/bloganki.pl\/wp-content\/uploads\/2021\/03\/DSC04059-1024x683.jpg\" alt=\"\" srcset=\"https:\/\/bloganki.pl\/wp-content\/uploads\/2021\/03\/DSC04059-1024x683.jpg 1024w, https:\/\/bloganki.pl\/wp-content\/uploads\/2021\/03\/DSC04059-300x200.jpg 300w, https:\/\/bloganki.pl\/wp-content\/uploads\/2021\/03\/DSC04059-768x512.jpg 768w, https:\/\/bloganki.pl\/wp-content\/uploads\/2021\/03\/DSC04059-1140x760.jpg 1140w, https:\/\/bloganki.pl\/wp-content\/uploads\/2021\/03\/DSC04059.jpg 1290w\" sizes=\"(max-width: 1024px) 100vw, 1024px\" \/>\r\n<figcaption><strong>\u0141owicka Chata &#8211;<\/strong> <strong>Skansen Wsi \u0141owickiej w Maurzycach<\/strong>.<\/figcaption>\r\n<\/figure>\r\n\r\n\r\n\r\n<figure class=\"wp-block-image size-large\"><img loading=\"lazy\" decoding=\"async\" width=\"1024\" height=\"683\" class=\"wp-image-8453\" src=\"https:\/\/bloganki.pl\/wp-content\/uploads\/2021\/03\/DSC04062-1024x683.jpg\" alt=\"\" srcset=\"https:\/\/bloganki.pl\/wp-content\/uploads\/2021\/03\/DSC04062-1024x683.jpg 1024w, https:\/\/bloganki.pl\/wp-content\/uploads\/2021\/03\/DSC04062-300x200.jpg 300w, https:\/\/bloganki.pl\/wp-content\/uploads\/2021\/03\/DSC04062-768x512.jpg 768w, https:\/\/bloganki.pl\/wp-content\/uploads\/2021\/03\/DSC04062-1140x760.jpg 1140w, https:\/\/bloganki.pl\/wp-content\/uploads\/2021\/03\/DSC04062.jpg 1290w\" sizes=\"(max-width: 1024px) 100vw, 1024px\" \/>\r\n<figcaption><strong>Skansen Wsi \u0141owickiej w Maurzycach<\/strong>.<\/figcaption>\r\n<\/figure>\r\n\r\n\r\n\r\n<figure class=\"wp-block-image size-large\"><img loading=\"lazy\" decoding=\"async\" width=\"1024\" height=\"683\" class=\"wp-image-8454\" src=\"https:\/\/bloganki.pl\/wp-content\/uploads\/2021\/03\/DSC04065-1024x683.jpg\" alt=\"\" srcset=\"https:\/\/bloganki.pl\/wp-content\/uploads\/2021\/03\/DSC04065-1024x683.jpg 1024w, https:\/\/bloganki.pl\/wp-content\/uploads\/2021\/03\/DSC04065-300x200.jpg 300w, https:\/\/bloganki.pl\/wp-content\/uploads\/2021\/03\/DSC04065-768x512.jpg 768w, https:\/\/bloganki.pl\/wp-content\/uploads\/2021\/03\/DSC04065-1140x760.jpg 1140w, https:\/\/bloganki.pl\/wp-content\/uploads\/2021\/03\/DSC04065.jpg 1290w\" sizes=\"(max-width: 1024px) 100vw, 1024px\" \/>\r\n<figcaption><strong>\u0141owicka Chata &#8211;<\/strong> <strong>Skansen Wsi \u0141owickiej w Maurzycach<\/strong>.<\/figcaption>\r\n<\/figure>\r\n\r\n\r\n\r\n<figure class=\"wp-block-image size-large\"><img loading=\"lazy\" decoding=\"async\" width=\"1024\" height=\"683\" class=\"wp-image-8455\" src=\"https:\/\/bloganki.pl\/wp-content\/uploads\/2021\/03\/DSC04076-1024x683.jpg\" alt=\"\" srcset=\"https:\/\/bloganki.pl\/wp-content\/uploads\/2021\/03\/DSC04076-1024x683.jpg 1024w, https:\/\/bloganki.pl\/wp-content\/uploads\/2021\/03\/DSC04076-300x200.jpg 300w, https:\/\/bloganki.pl\/wp-content\/uploads\/2021\/03\/DSC04076-768x512.jpg 768w, https:\/\/bloganki.pl\/wp-content\/uploads\/2021\/03\/DSC04076-1140x760.jpg 1140w, https:\/\/bloganki.pl\/wp-content\/uploads\/2021\/03\/DSC04076.jpg 1290w\" sizes=\"(max-width: 1024px) 100vw, 1024px\" \/>\r\n<figcaption><strong>\u0141owicka Chata &#8211;<\/strong> <strong>Skansen Wsi \u0141owickiej w Maurzycach<\/strong>.<\/figcaption>\r\n<\/figure>\r\n\r\n\r\n\r\n<p style=\"font-size: 17px;\">Na\u00a0teren skansenu przeniesiony zosta\u0142 zesp\u00f3\u0142 sakralny z\u00a0Wysokienic z\u0142o\u017cony z\u00a0drewnianej, jednonawowej \u00a0\u015bwi\u0105tyni datowanej na\u00a01758\u00a0r. oraz\u00a0dzwonnicy z\u00a01774\u00a0r. Ko\u015bci\u00f3\u0142 pod\u00a0wezwaniem \u015bw.\u00a0Marcina, fundacji arcybiskupa gnie\u017anie\u0144skiego Adama Komorowskiego, wzniesiony zosta\u0142 w\u00a0stylu barokowym. Posiada dach kryty gontem z\u00a0wie\u017cyczk\u0105 z\u00a0sygnaturk\u0105 oraz\u00a0zachowany oryginalny wystr\u00f3j wn\u0119trza z\u0142o\u017cony m.in.\u00a0z\u00a0o\u0142tarzy, ambony i\u00a0chrzcielnicy. Obok \u015bwi\u0105tyni zlokalizowano budynek plebanii z\u00a0Pszczonowa z\u00a0prze\u0142. XIX\/XX w.\u00a0<\/p>\r\n\r\n\r\n\r\n<figure class=\"wp-block-image size-large\"><img loading=\"lazy\" decoding=\"async\" width=\"1024\" height=\"683\" class=\"wp-image-8456\" src=\"https:\/\/bloganki.pl\/wp-content\/uploads\/2021\/03\/DSC04088-1024x683.jpg\" alt=\"\" srcset=\"https:\/\/bloganki.pl\/wp-content\/uploads\/2021\/03\/DSC04088-1024x683.jpg 1024w, https:\/\/bloganki.pl\/wp-content\/uploads\/2021\/03\/DSC04088-300x200.jpg 300w, https:\/\/bloganki.pl\/wp-content\/uploads\/2021\/03\/DSC04088-768x512.jpg 768w, https:\/\/bloganki.pl\/wp-content\/uploads\/2021\/03\/DSC04088-1140x760.jpg 1140w, https:\/\/bloganki.pl\/wp-content\/uploads\/2021\/03\/DSC04088.jpg 1290w\" sizes=\"(max-width: 1024px) 100vw, 1024px\" \/>\r\n<figcaption><strong>Dzwonnica z Wysokienic -Skansen Wsi \u0141owickiej w Maurzycach<\/strong>.<\/figcaption>\r\n<\/figure>\r\n\r\n\r\n\r\n<figure class=\"wp-block-image size-large\"><img loading=\"lazy\" decoding=\"async\" width=\"1024\" height=\"683\" class=\"wp-image-8457\" src=\"https:\/\/bloganki.pl\/wp-content\/uploads\/2021\/03\/DSC04129-1024x683.jpg\" alt=\"\" srcset=\"https:\/\/bloganki.pl\/wp-content\/uploads\/2021\/03\/DSC04129-1024x683.jpg 1024w, https:\/\/bloganki.pl\/wp-content\/uploads\/2021\/03\/DSC04129-300x200.jpg 300w, https:\/\/bloganki.pl\/wp-content\/uploads\/2021\/03\/DSC04129-768x512.jpg 768w, https:\/\/bloganki.pl\/wp-content\/uploads\/2021\/03\/DSC04129-1140x760.jpg 1140w, https:\/\/bloganki.pl\/wp-content\/uploads\/2021\/03\/DSC04129.jpg 1290w\" sizes=\"(max-width: 1024px) 100vw, 1024px\" \/>\r\n<figcaption><strong>Ko\u015bci\u00f3\u0142 z Wysokienic &#8211; Skansen Wsi \u0141owickiej w Maurzycach<\/strong>.<\/figcaption>\r\n<\/figure>\r\n\r\n\r\n\r\n<figure class=\"wp-block-image size-large\"><img loading=\"lazy\" decoding=\"async\" width=\"1024\" height=\"683\" class=\"wp-image-8458\" src=\"https:\/\/bloganki.pl\/wp-content\/uploads\/2021\/03\/DSC04100-1024x683.jpg\" alt=\"\" srcset=\"https:\/\/bloganki.pl\/wp-content\/uploads\/2021\/03\/DSC04100-1024x683.jpg 1024w, https:\/\/bloganki.pl\/wp-content\/uploads\/2021\/03\/DSC04100-300x200.jpg 300w, https:\/\/bloganki.pl\/wp-content\/uploads\/2021\/03\/DSC04100-768x512.jpg 768w, https:\/\/bloganki.pl\/wp-content\/uploads\/2021\/03\/DSC04100-1140x760.jpg 1140w, https:\/\/bloganki.pl\/wp-content\/uploads\/2021\/03\/DSC04100.jpg 1290w\" sizes=\"(max-width: 1024px) 100vw, 1024px\" \/>\r\n<figcaption><strong>Ko\u015bci\u00f3\u0142 z Wysokienic &#8211; Skansen Wsi \u0141owickiej w Maurzycach<\/strong>.<\/figcaption>\r\n<\/figure>\r\n\r\n\r\n\r\n<figure class=\"wp-block-image size-large\"><img loading=\"lazy\" decoding=\"async\" width=\"1024\" height=\"683\" class=\"wp-image-8459\" src=\"https:\/\/bloganki.pl\/wp-content\/uploads\/2021\/03\/DSC04112-1024x683.jpg\" alt=\"\" srcset=\"https:\/\/bloganki.pl\/wp-content\/uploads\/2021\/03\/DSC04112-1024x683.jpg 1024w, https:\/\/bloganki.pl\/wp-content\/uploads\/2021\/03\/DSC04112-300x200.jpg 300w, https:\/\/bloganki.pl\/wp-content\/uploads\/2021\/03\/DSC04112-768x512.jpg 768w, https:\/\/bloganki.pl\/wp-content\/uploads\/2021\/03\/DSC04112-1140x760.jpg 1140w, https:\/\/bloganki.pl\/wp-content\/uploads\/2021\/03\/DSC04112.jpg 1290w\" sizes=\"(max-width: 1024px) 100vw, 1024px\" \/>\r\n<figcaption><strong>Ko\u015bci\u00f3\u0142 z Wysokienic &#8211; Skansen Wsi \u0141owickiej w Maurzycach<\/strong>.<\/figcaption>\r\n<\/figure>\r\n\r\n\r\n\r\n<figure class=\"wp-block-image size-large\"><img loading=\"lazy\" decoding=\"async\" width=\"1024\" height=\"683\" class=\"wp-image-8460\" src=\"https:\/\/bloganki.pl\/wp-content\/uploads\/2021\/03\/DSC04137-1024x683.jpg\" alt=\"\" srcset=\"https:\/\/bloganki.pl\/wp-content\/uploads\/2021\/03\/DSC04137-1024x683.jpg 1024w, https:\/\/bloganki.pl\/wp-content\/uploads\/2021\/03\/DSC04137-300x200.jpg 300w, https:\/\/bloganki.pl\/wp-content\/uploads\/2021\/03\/DSC04137-768x512.jpg 768w, https:\/\/bloganki.pl\/wp-content\/uploads\/2021\/03\/DSC04137-1140x760.jpg 1140w, https:\/\/bloganki.pl\/wp-content\/uploads\/2021\/03\/DSC04137.jpg 1290w\" sizes=\"(max-width: 1024px) 100vw, 1024px\" \/>\r\n<figcaption><strong>\u0141owicka Chata &#8211;<\/strong> <strong>Skansen Wsi \u0141owickiej w Maurzycach<\/strong>.<\/figcaption>\r\n<\/figure>\r\n\r\n\r\n\r\n<figure class=\"wp-block-image size-large\"><img loading=\"lazy\" decoding=\"async\" width=\"1024\" height=\"683\" class=\"wp-image-8461\" src=\"https:\/\/bloganki.pl\/wp-content\/uploads\/2021\/03\/DSC04150-1024x683.jpg\" alt=\"\" srcset=\"https:\/\/bloganki.pl\/wp-content\/uploads\/2021\/03\/DSC04150-1024x683.jpg 1024w, https:\/\/bloganki.pl\/wp-content\/uploads\/2021\/03\/DSC04150-300x200.jpg 300w, https:\/\/bloganki.pl\/wp-content\/uploads\/2021\/03\/DSC04150-768x512.jpg 768w, https:\/\/bloganki.pl\/wp-content\/uploads\/2021\/03\/DSC04150-1140x760.jpg 1140w, https:\/\/bloganki.pl\/wp-content\/uploads\/2021\/03\/DSC04150.jpg 1290w\" sizes=\"(max-width: 1024px) 100vw, 1024px\" \/>\r\n<figcaption><strong>Skansen Wsi \u0141owickiej w Maurzycach<\/strong>.<\/figcaption>\r\n<\/figure>\r\n\r\n\r\n\r\n<figure class=\"wp-block-image size-large\"><img loading=\"lazy\" decoding=\"async\" width=\"1024\" height=\"683\" class=\"wp-image-8462\" src=\"https:\/\/bloganki.pl\/wp-content\/uploads\/2021\/03\/DSC04152-1024x683.jpg\" alt=\"\" srcset=\"https:\/\/bloganki.pl\/wp-content\/uploads\/2021\/03\/DSC04152-1024x683.jpg 1024w, https:\/\/bloganki.pl\/wp-content\/uploads\/2021\/03\/DSC04152-300x200.jpg 300w, https:\/\/bloganki.pl\/wp-content\/uploads\/2021\/03\/DSC04152-768x512.jpg 768w, https:\/\/bloganki.pl\/wp-content\/uploads\/2021\/03\/DSC04152-1140x760.jpg 1140w, https:\/\/bloganki.pl\/wp-content\/uploads\/2021\/03\/DSC04152.jpg 1290w\" sizes=\"(max-width: 1024px) 100vw, 1024px\" \/>\r\n<figcaption><strong>Skansen Wsi \u0141owickiej w Maurzycach<\/strong>.<\/figcaption>\r\n<\/figure>\r\n\r\n\r\n\r\n<figure class=\"wp-block-image size-large\"><img loading=\"lazy\" decoding=\"async\" width=\"1024\" height=\"683\" class=\"wp-image-8463\" src=\"https:\/\/bloganki.pl\/wp-content\/uploads\/2021\/03\/DSC04200-1024x683.jpg\" alt=\"\" srcset=\"https:\/\/bloganki.pl\/wp-content\/uploads\/2021\/03\/DSC04200-1024x683.jpg 1024w, https:\/\/bloganki.pl\/wp-content\/uploads\/2021\/03\/DSC04200-300x200.jpg 300w, https:\/\/bloganki.pl\/wp-content\/uploads\/2021\/03\/DSC04200-768x512.jpg 768w, https:\/\/bloganki.pl\/wp-content\/uploads\/2021\/03\/DSC04200-1140x760.jpg 1140w, https:\/\/bloganki.pl\/wp-content\/uploads\/2021\/03\/DSC04200.jpg 1290w\" sizes=\"(max-width: 1024px) 100vw, 1024px\" \/>\r\n<figcaption><strong>Skansen Wsi \u0141owickiej w Maurzycach<\/strong>.<\/figcaption>\r\n<\/figure>\r\n\r\n\r\n\r\n<figure class=\"wp-block-image size-large\"><img loading=\"lazy\" decoding=\"async\" width=\"1024\" height=\"683\" class=\"wp-image-8464\" src=\"https:\/\/bloganki.pl\/wp-content\/uploads\/2021\/03\/DSC04202-1024x683.jpg\" alt=\"\" srcset=\"https:\/\/bloganki.pl\/wp-content\/uploads\/2021\/03\/DSC04202-1024x683.jpg 1024w, https:\/\/bloganki.pl\/wp-content\/uploads\/2021\/03\/DSC04202-300x200.jpg 300w, https:\/\/bloganki.pl\/wp-content\/uploads\/2021\/03\/DSC04202-768x512.jpg 768w, https:\/\/bloganki.pl\/wp-content\/uploads\/2021\/03\/DSC04202-1140x760.jpg 1140w, https:\/\/bloganki.pl\/wp-content\/uploads\/2021\/03\/DSC04202.jpg 1290w\" sizes=\"(max-width: 1024px) 100vw, 1024px\" \/>\r\n<figcaption><strong>\u0141owicka Chata &#8211;<\/strong> <strong>Skansen Wsi \u0141owickiej w Maurzycach<\/strong>.<\/figcaption>\r\n<\/figure>\r\n\r\n\r\n\r\n<figure class=\"wp-block-image size-large\"><img loading=\"lazy\" decoding=\"async\" width=\"1024\" height=\"683\" class=\"wp-image-8465\" src=\"https:\/\/bloganki.pl\/wp-content\/uploads\/2021\/03\/DSC04220-1024x683.jpg\" alt=\"\" srcset=\"https:\/\/bloganki.pl\/wp-content\/uploads\/2021\/03\/DSC04220-1024x683.jpg 1024w, https:\/\/bloganki.pl\/wp-content\/uploads\/2021\/03\/DSC04220-300x200.jpg 300w, https:\/\/bloganki.pl\/wp-content\/uploads\/2021\/03\/DSC04220-768x512.jpg 768w, https:\/\/bloganki.pl\/wp-content\/uploads\/2021\/03\/DSC04220-1140x760.jpg 1140w, https:\/\/bloganki.pl\/wp-content\/uploads\/2021\/03\/DSC04220.jpg 1290w\" sizes=\"(max-width: 1024px) 100vw, 1024px\" \/>\r\n<figcaption><strong>\u0141owicka Chata &#8211;<\/strong> <strong>Skansen Wsi \u0141owickiej w Maurzycach<\/strong>.<\/figcaption>\r\n<\/figure>\r\n\r\n\r\n\r\n<figure class=\"wp-block-image size-large\"><img loading=\"lazy\" decoding=\"async\" width=\"1024\" height=\"683\" class=\"wp-image-8466\" src=\"https:\/\/bloganki.pl\/wp-content\/uploads\/2021\/03\/DSC04222-1024x683.jpg\" alt=\"\" srcset=\"https:\/\/bloganki.pl\/wp-content\/uploads\/2021\/03\/DSC04222-1024x683.jpg 1024w, https:\/\/bloganki.pl\/wp-content\/uploads\/2021\/03\/DSC04222-300x200.jpg 300w, https:\/\/bloganki.pl\/wp-content\/uploads\/2021\/03\/DSC04222-768x512.jpg 768w, https:\/\/bloganki.pl\/wp-content\/uploads\/2021\/03\/DSC04222-1140x760.jpg 1140w, https:\/\/bloganki.pl\/wp-content\/uploads\/2021\/03\/DSC04222.jpg 1290w\" sizes=\"(max-width: 1024px) 100vw, 1024px\" \/>\r\n<figcaption><strong>\u0141owicka Chata &#8211;<\/strong> <strong>Skansen Wsi \u0141owickiej w Maurzycach<\/strong>.<\/figcaption>\r\n<\/figure>\r\n\r\n\r\n\r\n<p style=\"font-size: 17px;\">Skansen Ziemi \u0141owickiej w Maurzycach dla mnie okaza\u0142 si\u0119 miejscem magicznym, panuje tam niepowtarzalny klimat. W\u00a0sezonie odbywaj\u0105 si\u0119 tu m.in.\u00a0plenery malarskie oraz\u00a0ciesz\u0105ce si\u0119 du\u017cym zainteresowaniem imprezy cykliczne jak Maj\u00f3wka w\u00a0Skansenie, Niedziela w\u00a0Skansenie, \u015awi\u0119to Matki Boskiej Zielnej czy\u00a0\u017bniwa, podczas kt\u00f3rych\u00a0mo\u017cna wzi\u0105\u0107 udzia\u0142 w\u00a0ciekawych zaj\u0119ciach edukacyjnych, prezentacjach r\u0119kodzie\u0142a czy\u00a0obejrze\u0107 wyst\u0119py zespo\u0142\u00f3w folklorystycznych.<\/p>\r\n\r\n\r\n\r\n<p style=\"font-size: 17px;\">Na zwiedzanie skansenu najlepiej zaplanowa\u0107 ca\u0142y dzie\u0144. Od 1 maja do ko\u0144ca wrze\u015bnia jest otwarty w godzinach 10-18. Po zamkni\u0119ciu obiekt\u00f3w jeszcze przez godzin\u0119 mo\u017cna je ogl\u0105da\u0107 z zewn\u0105trz. W kwietniu i pa\u017adzierniku skansen mo\u017cna zwiedza\u0107 w godz. 9-16 (od godz. 16 do 19 zwiedzanie obiekt\u00f3w tylko z zewn\u0105trz, obowi\u0105zuje w\u00f3wczas bilet spacerowy). Cena biletu normalnego to 10 z\u0142, ulgowy kosztuje 6 z\u0142, a spacerowy 4 z\u0142.<\/p>\r\n","protected":false},"excerpt":{"rendered":"<p>Chyba ka\u017cda dziewczynka uwielbia ple\u015b\u0107 wianki. Pami\u0119tam jako dziecko najcz\u0119\u015bciej robi\u0142am wianki z kwiat\u00f3w mleczy, wygl\u0105da\u0142y cudownie, ale strasznie barwi\u0142y r\u0119ce, ci\u0119\u017cko je by\u0142o p\u00f3\u017aniej domy\u0107. Jak przekwit\u0142y mlecze, to plot\u0142y\u015bmy wianki z kwiat\u00f3w koniczyny i z chabr\u00f3w. 15 sierpnia w Maurzycach poczu\u0142am si\u0119 znowu jak ma\u0142a dziewczynka. Plot\u0142am wianki, robi\u0142am kwiaty z krepiny. Fajnie si\u0119 tak czasem cofn\u0105\u0107 do czas\u00f3w Naszych Dziadk\u00f3w. Mieszkam zaledwie 60 km od \u0141owicza, wiec meble, naczynia podobne do tych jakie widzia\u0142am w skansenie mia\u0142a moja Babcia. Po szkole bieg\u0142am zawsze do Babci Zosi, na kuchni piek\u0142y\u015bmy plasterki ziemniak\u00f3w, m\u00f3wi\u0142y\u015bmy na nie &#8222;talarki&#8221;. Babcia by\u0142a prawdziw\u0105 czarodziejk\u0105, zawsze potrafi\u0142a wyczarowa\u0107 z niczego najwspanialsze dania. Na obiad cz\u0119sto robi\u0142a &#8222;sine kluski&#8221; &#8211; &#8222;przecieraki&#8221; czasem okrasza\u0142a je samymi skawreczkami albo bia\u0142ym serem &#8211; najlepsze danie pod s\u0142o\u0144cem. Takie wykwintne danie to przysmak lokalny ziemi \u0142owickiej. W skansenie w Maurzycach mo\u017cna posmakowa\u0107 lokalnej kuchni, ja jad\u0142am przepyszn\u0105 zalewajk\u0119, na \u015bwie\u017cym powietrzu smakuje najlepiej. W powietrzu roznosi\u0142 si\u0119 wtedy zapach dzikiej r\u00f3\u017cy, zapach lata. &nbsp; Moc bukiet\u00f3w &#8211; czyli troch\u0119 o \u015bwi\u0119ceniu wiank\u00f3w. &nbsp; \u015awi\u0119to Matki Boskiej Zielnej w skansenie w Maurzycach obchodzone by\u0142o bardzo uroczy\u015bcie, jedn\u0105 z atrakcji by\u0142o plecenie wiank\u00f3w i robienie bukiet\u00f3w. Na uroczystej mszy \u015bwi\u0119tej, w przepi\u0119knym drewnianym ko\u015bci\u00f3\u0142ku przeniesionym z Wysokienic ( na terenie skansenu) ksi\u0105dz p\u00f3\u017aniej \u015bwi\u0119ci\u0142 przepi\u0119kne bukiety i kolorowe wianki. \u015awi\u0119cenie wiank\u00f3w na Matki Boskiej Zielnej wywodzi si\u0119 ze starej chrze\u015bcija\u0144skiej legendy &#8211; apokryfu &#8211; czyli pobo\u017cnych opowie\u015bci, kt\u00f3re w prosty spos\u00f3b t\u0142umacz\u0105 prawdy wiary. W jednym z tych apokryf\u00f3w jest pi\u0119kna opowie\u015b\u0107 o \u015bmierci i wniebowzi\u0119ciu Maryi. Gdy Matka Bo\u017ca umar\u0142a, aposto\u0142owie chcieli j\u0105 pochowa\u0107. Z\u0142o\u017cyli cia\u0142o w trumnie, ale musieli poczeka\u0107, bo \u015bw. Tomasz zwany niedowiarkiem &#8211; ten sam, kt\u00f3ry nie uwierzy\u0142 w zmartwychwstanie, dop\u00f3ki nie dotkn\u0105\u0142 rany Chrystusa &#8211; sp\u00f3\u017ani\u0142 si\u0119. Gdy ju\u017c wreszcie dotar\u0142, chcia\u0142 zobaczy\u0107 cia\u0142o Naj\u015bwi\u0119tszej Marii Panny. Po otwarciu trumny, nie by\u0142o w niej cia\u0142a Maryi, a jedynie pi\u0119kne, pachn\u0105ce lilie i inne kwiaty i zio\u0142a. Nazwa Matki Bo\u017cej Zielnej ma te\u017c zwi\u0105zek z porami roku. Po\u0142owa sierpnia to czas zbior\u00f3w, pierwszych do\u017cynek. Dlatego w tym dniu \u015bwi\u0119ci si\u0119 kwiaty, zbo\u017ca, zio\u0142a i warzywa. Co do bukietu: najwa\u017cniejsze s\u0105 zio\u0142a, zw\u0142aszcza lecznicze: pio\u0142un, dziurawiec, macierzank\u0119, krwawnik, babk\u0119, ale i trzewiczki (pantofelki) Matki Boskiej (tojad &#8211; truj\u0105ce ziele). Wed\u0142ug tradycji bukiet powinien si\u0119 sk\u0142ada\u0107 z 7 lub 77 r\u00f3\u017cnych zi\u00f3\u0142, zb\u00f3\u017c i kwiat\u00f3w. Si\u00f3demka ju\u017c w Starym Testamencie jest bowiem symbolem doskona\u0142o\u015bci. Do 7 podstawowych zi\u00f3\u0142 zalicza si\u0119: rumianek, mi\u0119t\u0119, melis\u0119, bazyli\u0119, rozmaryn, lubczyk i nasturcj\u0119.\u00a0 Po\u015bwi\u0119cone zio\u0142a, z okazji \u015bwi\u0119ta Matki Boskiej Zielnej co do bukietu zosta\u0142y w\u0142o\u017cone, maj\u0105 bowiem ogromn\u0105 moc lecznicz\u0105. Te truj\u0105ce \u2013 trzymaj\u0105 z dala od domu robactwo i choroby. Te lecznicze \u2013 b\u0119d\u0105 zaparzane i gotowane, trafi\u0105 do karmy zwierz\u0105t w gospodarstwie i b\u0119d\u0105 wspiera\u0107 domownik\u00f3w w chorobie. [*\u0179r\u00f3d\u0142o: https:\/\/bialykruk.pl\/wydarzenia\/matki-boskiej-zielnej-czyli-wniebowziecie-najswietszej-marii-panny-co-oznaczaja-te-swieta ] &nbsp; Maurzyce &#8211; niebieski skansen. &nbsp; \u0141owicki Park Etnograficzny w\u00a0Maurzycach po\u0142o\u017cony jest w\u00a0odleg\u0142o\u015bci ok. 7\u00a0km od\u00a0\u0141owicza, przy trasie Warszawa \u2013 Pozna\u0144. Jest najbardziej niebieskim skansen jaki do tej pory widzia\u0142am, a niebieski to przecie\u017c kolor Matki Boskiej. Do\u00a0zwiedzania zosta\u0142 udost\u0119pniony w\u00a0po\u0142owie lat 80. Obecnie znajduje si\u0119 tu ponad 40\u00a0obiekt\u00f3w, datowanych w\u00a0wi\u0119kszo\u015bci na\u00a0II po\u0142. XIX i\u00a0I\u00a0po\u0142. XX w. Ich rozmieszczenie ukazuje dwa historyczne uk\u0142ady przestrzenne \u0142owickiej wsi: tzw. star\u0105 wie\u015b \u2013 owalnic\u0119 z\u00a0centralnym placem wioskowym, wyst\u0119puj\u0105c\u0105 w\u00a0XIX w. oraz\u00a0tzw. now\u0105 wie\u015b \u2013 pouw\u0142aszczeniow\u0105 ulic\u00f3wk\u0119. Najpopularniejszym r\u0119kodzie\u0142em ludowym w rejonie \u0141owicza s\u0105 wycinanki. Wycinanki \u0142owickie: dziel\u0105 si\u0119 na trzy typy: kodry, gwiozdy i tasiemki. Wycinanki tworzy si\u0119 poprzez wycinanie wzor\u00f3w na kolorowym papierze, i naklejanie mniejszych motyw\u00f3w na ich wi\u0119ksze odpowiedniki. Najcz\u0119\u015bciej u\u017cywanymi motywami s\u0105 ro\u015blinne ornamenty, kwiaty i koguty. Wycinanki \u0142owickie, dzi\u0119ki unikatowo\u015bci na skal\u0119 \u015bwiatow\u0105, zyska\u0142y uznanie i s\u0142aw\u0119 na ca\u0142ym \u015bwiecie. Obok wycinanek w \u0141owiczu tworzy si\u0119 \u201epaj\u0105ki\u201d, pocz\u0105tkowo wykonywa\u0142o si\u0119 je z gliny i s\u0142omy a tak\u017ce kolorowego papieru. Dzi\u015b do tworzenia \u201epaj\u0105k\u00f3w\u201d u\u017cywamy jedynie prostej s\u0142owy, nici i bibu\u0142y. Z bibu\u0142y robi si\u0119 r\u00f3wnie\u017c popularne w tym regionie kwiaty, kt\u00f3re r\u00f3wnie\u017c s\u0142u\u017c\u0105 do dekoracji dom\u00f3w. Kolorowe \u0142owickie paj\u0105ki zawieszane pod sufitem wygl\u0105daj\u0105 jak \u017cyrandole. Historia paj\u0105k\u00f3w si\u0119ga po\u0142owy XVIII wieku. Dawniej by\u0142o to zaj\u0119cie na d\u0142ugie zimowe wieczory. Kobiety na wsiach zbiera\u0142y si\u0119 u jednej w chacie i robi\u0142y s\u0142omiane dekoracje. Paj\u0105ka wieszano na specjalne okazje, takie jak:\u00a0 \u015bwi\u0119ta Bo\u017cego Narodzenia, Wielkanoc, wesela czy chrzciny, po\u015brodku izby albo w \u015bwi\u0119tym k\u0105cie. M\u00f3wi\u0142o si\u0119, \u017ce przynosi szcz\u0119\u015bcie i pieni\u0105dze. Najlepsze na paj\u0105ki jest \u017cyto. S\u0142omki ma sztywne i \u0142adnie si\u0119 b\u0142yszcz\u0105. Wykonanie takiego paj\u0105ka jest bardzo pracoch\u0142onne i zajmuje kilka, nawet kilkana\u015bcie dni. Skansen w Maurzycach to nie tylko stare zagrody przeniesione z okolicznych wsi, ale tak\u017ce wiejska szko\u0142a, przydro\u017cne kapliczki, krzy\u017ce, stodo\u0142y czy wiatrak. Domostwa pochodz\u0105 z wielu okolicznych wsi: Z\u0142akowa Borowego, Z\u0142akowa Ko\u015bcielnego czy Bogorii. W wybranych obiektach organizowane s\u0105 prezentacje garncarstwa, hafciarstwa czy papieroplastyki. Na\u00a0teren skansenu przeniesiony zosta\u0142 zesp\u00f3\u0142 sakralny z\u00a0Wysokienic z\u0142o\u017cony z\u00a0drewnianej, jednonawowej \u00a0\u015bwi\u0105tyni datowanej na\u00a01758\u00a0r. oraz\u00a0dzwonnicy z\u00a01774\u00a0r. Ko\u015bci\u00f3\u0142 pod\u00a0wezwaniem \u015bw.\u00a0Marcina, fundacji arcybiskupa gnie\u017anie\u0144skiego Adama Komorowskiego, wzniesiony zosta\u0142 w\u00a0stylu barokowym. Posiada dach kryty gontem z\u00a0wie\u017cyczk\u0105 z\u00a0sygnaturk\u0105 oraz\u00a0zachowany oryginalny wystr\u00f3j wn\u0119trza z\u0142o\u017cony m.in.\u00a0z\u00a0o\u0142tarzy, ambony i\u00a0chrzcielnicy. Obok \u015bwi\u0105tyni zlokalizowano budynek plebanii z\u00a0Pszczonowa z\u00a0prze\u0142. XIX\/XX w.\u00a0 Skansen Ziemi \u0141owickiej w Maurzycach dla mnie okaza\u0142 si\u0119 miejscem magicznym, panuje tam niepowtarzalny klimat. W\u00a0sezonie odbywaj\u0105 si\u0119 tu m.in.\u00a0plenery malarskie oraz\u00a0ciesz\u0105ce si\u0119 du\u017cym zainteresowaniem imprezy cykliczne jak Maj\u00f3wka w\u00a0Skansenie, Niedziela w\u00a0Skansenie, \u015awi\u0119to Matki Boskiej Zielnej czy\u00a0\u017bniwa, podczas kt\u00f3rych\u00a0mo\u017cna wzi\u0105\u0107 udzia\u0142 w\u00a0ciekawych zaj\u0119ciach edukacyjnych, prezentacjach r\u0119kodzie\u0142a czy\u00a0obejrze\u0107 wyst\u0119py zespo\u0142\u00f3w folklorystycznych. Na zwiedzanie skansenu najlepiej zaplanowa\u0107 ca\u0142y dzie\u0144. Od 1 maja do ko\u0144ca wrze\u015bnia jest otwarty w godzinach 10-18. Po zamkni\u0119ciu obiekt\u00f3w jeszcze przez godzin\u0119 mo\u017cna je ogl\u0105da\u0107 z zewn\u0105trz. W kwietniu i pa\u017adzierniku skansen mo\u017cna zwiedza\u0107 w godz. 9-16 (od godz. 16 do 19 zwiedzanie obiekt\u00f3w tylko z zewn\u0105trz, obowi\u0105zuje w\u00f3wczas bilet spacerowy). Cena biletu normalnego to 10 z\u0142, ulgowy kosztuje 6 z\u0142, a spacerowy 4 z\u0142.<\/p>\n","protected":false},"author":3,"featured_media":8467,"comment_status":"open","ping_status":"open","sticky":false,"template":"","format":"standard","meta":{"_monsterinsights_skip_tracking":false,"_monsterinsights_sitenote_active":false,"_monsterinsights_sitenote_note":"","_monsterinsights_sitenote_category":0,"footnotes":""},"categories":[249,20],"tags":[255,254,253,256,257],"class_list":["post-3558","post","type-post","status-publish","format-standard","has-post-thumbnail","hentry","category-niedoceniane-lodzkie","category-polska","tag-maurzyce","tag-skansen-w-maurzycach","tag-skansen-ziemi-lowickiej","tag-skansen-ziemi-lowickiej-w-maurzycach","tag-swieto-matki-boskiej-zielnej"],"aioseo_notices":[],"acf":[],"_links":{"self":[{"href":"https:\/\/bloganki.pl\/index.php\/wp-json\/wp\/v2\/posts\/3558","targetHints":{"allow":["GET"]}}],"collection":[{"href":"https:\/\/bloganki.pl\/index.php\/wp-json\/wp\/v2\/posts"}],"about":[{"href":"https:\/\/bloganki.pl\/index.php\/wp-json\/wp\/v2\/types\/post"}],"author":[{"embeddable":true,"href":"https:\/\/bloganki.pl\/index.php\/wp-json\/wp\/v2\/users\/3"}],"replies":[{"embeddable":true,"href":"https:\/\/bloganki.pl\/index.php\/wp-json\/wp\/v2\/comments?post=3558"}],"version-history":[{"count":71,"href":"https:\/\/bloganki.pl\/index.php\/wp-json\/wp\/v2\/posts\/3558\/revisions"}],"predecessor-version":[{"id":17844,"href":"https:\/\/bloganki.pl\/index.php\/wp-json\/wp\/v2\/posts\/3558\/revisions\/17844"}],"wp:featuredmedia":[{"embeddable":true,"href":"https:\/\/bloganki.pl\/index.php\/wp-json\/wp\/v2\/media\/8467"}],"wp:attachment":[{"href":"https:\/\/bloganki.pl\/index.php\/wp-json\/wp\/v2\/media?parent=3558"}],"wp:term":[{"taxonomy":"category","embeddable":true,"href":"https:\/\/bloganki.pl\/index.php\/wp-json\/wp\/v2\/categories?post=3558"},{"taxonomy":"post_tag","embeddable":true,"href":"https:\/\/bloganki.pl\/index.php\/wp-json\/wp\/v2\/tags?post=3558"}],"curies":[{"name":"wp","href":"https:\/\/api.w.org\/{rel}","templated":true}]}}