{"id":4205,"date":"2020-10-13T20:26:52","date_gmt":"2020-10-13T18:26:52","guid":{"rendered":"https:\/\/bloganki.pl\/?p=4205"},"modified":"2022-11-21T20:05:54","modified_gmt":"2022-11-21T19:05:54","slug":"pultusk-miasto-po-przejsciach-polska-wenecja-na-mazowszu-z-kurpiowska-nutka","status":"publish","type":"post","link":"https:\/\/bloganki.pl\/index.php\/2020\/10\/13\/pultusk-miasto-po-przejsciach-polska-wenecja-na-mazowszu-z-kurpiowska-nutka\/","title":{"rendered":"Pu\u0142tusk miasto po przej\u015bciach- polska Wenecja na Mazowszu z kurpiowsk\u0105 nutk\u0105."},"content":{"rendered":"\n<p style=\"font-size:17px\">Jedno z najciekawszych miast Mazowsza le\u017cy na wyspie otoczonej wodami Narwi, po kt\u00f3rej mo\u017cna p\u0142ywa\u0107 gondolami.<\/p>\n\n\n\n<p style=\"font-size:17px\">Legenda g\u0142osi, \u017ce istnia\u0142o tu niegdy\u015b miasto Tusk, ale gdy kataklizm zniszczy\u0142 po\u0142ow\u0119 grodu, nazwano je &#8230;. Pu\u0142-tuskiem. Pierwotna nazwa brzmia\u0142a Po\u0142towsk lub Pe\u0142towsk, a nast\u0119pnie Pu\u0142towsk. Pochodzi ona od nazwy niewielkiej rzeczki, Pe\u0142ty.<\/p>\n\n\n\n<p style=\"font-size:17px\">Ju\u017c w czasach wczesno\u015bredniowiecznych istnia\u0142a na terenie dzisiejszego miasta osada, w kt\u00f3rej krzy\u017cowa\u0142y si\u0119 interesy handlowe i religijne ludno\u015bci okolicznych puszcz. Na wzg\u00f3rzu za miastem, tam gdzie dzi\u015b stoi ko\u015bci\u00f3\u0142 \u015awi\u0119tego Krzy\u017ca znajdowa\u0142o si\u0119 cmentarzysko i &#8211; wed\u0142ug tradycji &#8211; \u015bwi\u0105tynia poga\u0144ska.<\/p>\n\n\n\n<figure class=\"wp-block-image size-large\"><img fetchpriority=\"high\" decoding=\"async\" width=\"1024\" height=\"683\" src=\"https:\/\/bloganki.pl\/wp-content\/uploads\/2020\/10\/DSC05726-1024x683.jpg\" alt=\"\" class=\"wp-image-4209\" srcset=\"https:\/\/bloganki.pl\/wp-content\/uploads\/2020\/10\/DSC05726-1024x683.jpg 1024w, https:\/\/bloganki.pl\/wp-content\/uploads\/2020\/10\/DSC05726-300x200.jpg 300w, https:\/\/bloganki.pl\/wp-content\/uploads\/2020\/10\/DSC05726-768x512.jpg 768w, https:\/\/bloganki.pl\/wp-content\/uploads\/2020\/10\/DSC05726-1536x1024.jpg 1536w, https:\/\/bloganki.pl\/wp-content\/uploads\/2020\/10\/DSC05726-2048x1365.jpg 2048w, https:\/\/bloganki.pl\/wp-content\/uploads\/2020\/10\/DSC05726-1140x760.jpg 1140w\" sizes=\"(max-width: 1024px) 100vw, 1024px\" \/><figcaption><strong>Most Benedykty\u0144ski &#8211; Pu\u0142tusk<\/strong><\/figcaption><\/figure>\n\n\n\n<figure class=\"wp-block-image size-large\"><img decoding=\"async\" width=\"1024\" height=\"683\" src=\"https:\/\/bloganki.pl\/wp-content\/uploads\/2020\/10\/DSC05892-1024x683.jpg\" alt=\"\" class=\"wp-image-4210\" srcset=\"https:\/\/bloganki.pl\/wp-content\/uploads\/2020\/10\/DSC05892-1024x683.jpg 1024w, https:\/\/bloganki.pl\/wp-content\/uploads\/2020\/10\/DSC05892-300x200.jpg 300w, https:\/\/bloganki.pl\/wp-content\/uploads\/2020\/10\/DSC05892-768x512.jpg 768w, https:\/\/bloganki.pl\/wp-content\/uploads\/2020\/10\/DSC05892-1536x1024.jpg 1536w, https:\/\/bloganki.pl\/wp-content\/uploads\/2020\/10\/DSC05892-2048x1365.jpg 2048w, https:\/\/bloganki.pl\/wp-content\/uploads\/2020\/10\/DSC05892-1140x760.jpg 1140w\" sizes=\"(max-width: 1024px) 100vw, 1024px\" \/><figcaption><strong>Most Benedykty\u0144ski &#8211; Pu\u0142tusk<\/strong><\/figcaption><\/figure>\n\n\n\n<figure class=\"wp-block-image size-large\"><img decoding=\"async\" width=\"1024\" height=\"683\" src=\"https:\/\/bloganki.pl\/wp-content\/uploads\/2020\/10\/DSC05727-1024x683.jpg\" alt=\"\" class=\"wp-image-4211\" srcset=\"https:\/\/bloganki.pl\/wp-content\/uploads\/2020\/10\/DSC05727-1024x683.jpg 1024w, https:\/\/bloganki.pl\/wp-content\/uploads\/2020\/10\/DSC05727-300x200.jpg 300w, https:\/\/bloganki.pl\/wp-content\/uploads\/2020\/10\/DSC05727-768x512.jpg 768w, https:\/\/bloganki.pl\/wp-content\/uploads\/2020\/10\/DSC05727-1536x1024.jpg 1536w, https:\/\/bloganki.pl\/wp-content\/uploads\/2020\/10\/DSC05727-2048x1365.jpg 2048w, https:\/\/bloganki.pl\/wp-content\/uploads\/2020\/10\/DSC05727-1140x760.jpg 1140w\" sizes=\"(max-width: 1024px) 100vw, 1024px\" \/><figcaption><strong>Odnoga Narwi &#8211; Pu\u0142tusk<\/strong><\/figcaption><\/figure>\n\n\n\n<figure class=\"wp-block-image size-large\"><img loading=\"lazy\" decoding=\"async\" width=\"1024\" height=\"683\" src=\"https:\/\/bloganki.pl\/wp-content\/uploads\/2020\/10\/DSC05729-1024x683.jpg\" alt=\"\" class=\"wp-image-4212\" srcset=\"https:\/\/bloganki.pl\/wp-content\/uploads\/2020\/10\/DSC05729-1024x683.jpg 1024w, https:\/\/bloganki.pl\/wp-content\/uploads\/2020\/10\/DSC05729-300x200.jpg 300w, https:\/\/bloganki.pl\/wp-content\/uploads\/2020\/10\/DSC05729-768x512.jpg 768w, https:\/\/bloganki.pl\/wp-content\/uploads\/2020\/10\/DSC05729-1536x1024.jpg 1536w, https:\/\/bloganki.pl\/wp-content\/uploads\/2020\/10\/DSC05729-2048x1365.jpg 2048w, https:\/\/bloganki.pl\/wp-content\/uploads\/2020\/10\/DSC05729-1140x760.jpg 1140w\" sizes=\"(max-width: 1024px) 100vw, 1024px\" \/><figcaption><strong>Odnoga Narwi &#8211; Pu\u0142tusk<\/strong><\/figcaption><\/figure>\n\n\n\n<figure class=\"wp-block-image size-large\"><img loading=\"lazy\" decoding=\"async\" width=\"1024\" height=\"683\" src=\"https:\/\/bloganki.pl\/wp-content\/uploads\/2020\/10\/DSC05733-1024x683.jpg\" alt=\"\" class=\"wp-image-4242\" srcset=\"https:\/\/bloganki.pl\/wp-content\/uploads\/2020\/10\/DSC05733-1024x683.jpg 1024w, https:\/\/bloganki.pl\/wp-content\/uploads\/2020\/10\/DSC05733-300x200.jpg 300w, https:\/\/bloganki.pl\/wp-content\/uploads\/2020\/10\/DSC05733-768x512.jpg 768w, https:\/\/bloganki.pl\/wp-content\/uploads\/2020\/10\/DSC05733-1536x1024.jpg 1536w, https:\/\/bloganki.pl\/wp-content\/uploads\/2020\/10\/DSC05733-2048x1365.jpg 2048w, https:\/\/bloganki.pl\/wp-content\/uploads\/2020\/10\/DSC05733-1140x760.jpg 1140w\" sizes=\"(max-width: 1024px) 100vw, 1024px\" \/><figcaption><strong>Odnoga Narwi &#8211; Pu\u0142tusk<\/strong><\/figcaption><\/figure>\n\n\n\n<p style=\"font-size:17px\">Prawo miejskie (che\u0142mi\u0144skie) uzyska\u0142 Pu\u0142tusk w 1257 r. Najazdy Litwin\u00f3w mia\u0142y miejsce w latach 1325-1338 i 1368. Po ustaniu wojen Pu\u0142tusk zacz\u0105\u0142 prze\u017cywa\u0107 okres rozkwitu. Jego rola, jako miejsca wymiany produkt\u00f3w le\u015bnych Puszczy Bia\u0142ej i p\u0142od\u00f3w rolnych \u017cyznej ziemi ciechanowskiej &#8211; zaznacza si\u0119 coraz wyra\u017aniej. Pu\u0142tusk s\u0142yn\u0105\u0142 te\u017c z wyrobu piwa, z handlu zbo\u017cem, drzewem a nawet winem, gdy\u017c hodowano tu latoro\u015bl winn\u0105.<\/p>\n\n\n\n<p style=\"font-size:17px\">W 1440 r. powsta\u0142\u0105 w Pu\u0142tusku wy\u017csza uczelnia na kt\u00f3rej wyk\u0142adali profesorowie Akademii Krakowskiej. Przys\u0142owie g\u0142osi, \u017ce <strong><em>&#8222;najlepsi s\u0105 sieciechowcy \u015bpiewacy, \u015bwi\u0119tokrzyscy pijacy, a pu\u0142tuscy \u017cacy&#8221;<\/em><\/strong>.<\/p>\n\n\n\n<p style=\"font-size:17px\">W pierwszej po\u0142owie XVII w. Pu\u0142tusk niszcz\u0105 trzy du\u017ce po\u017cary: w latach 1613,1646 i 1650. Dalsze kl\u0119ski przyni\u00f3s\u0142 &#8222;potop&#8221; szwedzki, wielkie powodzie w XVIII w., a tak\u017ce wojna p\u00f3\u0142nocna, w czasie kt\u00f3rej (11 V 1703 r.) wojska szwedzkie stoczy\u0142y pod Pu\u0142tuskiem bitw\u0119 z armi\u0105 sask\u0105, a po zwyci\u0119stwie zrabowa\u0142y miasto.<\/p>\n\n\n\n<p style=\"font-size:17px\">Pu\u0142tusk bardzo ucierpia\u0142 w czasie I i II wojny \u015bwiatowej.<\/p>\n\n\n\n<p style=\"font-size:17px\">Dzi\u015b miasto zaleczy\u0142o ju\u017c swoje wojenne rany, zlikwidowa\u0142o te\u017c nast\u0119pstwa wielkie powodzi, kt\u00f3ra nawiedzi\u0142a Pu\u0142tusk w 1958 roku i zniszczy\u0142a lub uszkodzi\u0142a 158 dom\u00f3w. <\/p>\n\n\n\n<figure class=\"wp-block-image size-large\"><img loading=\"lazy\" decoding=\"async\" width=\"1024\" height=\"683\" src=\"https:\/\/bloganki.pl\/wp-content\/uploads\/2020\/10\/DSC05730-1024x683.jpg\" alt=\"\" class=\"wp-image-4213\" srcset=\"https:\/\/bloganki.pl\/wp-content\/uploads\/2020\/10\/DSC05730-1024x683.jpg 1024w, https:\/\/bloganki.pl\/wp-content\/uploads\/2020\/10\/DSC05730-300x200.jpg 300w, https:\/\/bloganki.pl\/wp-content\/uploads\/2020\/10\/DSC05730-768x512.jpg 768w, https:\/\/bloganki.pl\/wp-content\/uploads\/2020\/10\/DSC05730-1536x1024.jpg 1536w, https:\/\/bloganki.pl\/wp-content\/uploads\/2020\/10\/DSC05730-2048x1365.jpg 2048w, https:\/\/bloganki.pl\/wp-content\/uploads\/2020\/10\/DSC05730-1140x760.jpg 1140w\" sizes=\"(max-width: 1024px) 100vw, 1024px\" \/><figcaption><strong>Pu\u0142tusk<\/strong><\/figcaption><\/figure>\n\n\n\n<figure class=\"wp-block-image size-large\"><img loading=\"lazy\" decoding=\"async\" width=\"1024\" height=\"683\" src=\"https:\/\/bloganki.pl\/wp-content\/uploads\/2020\/10\/DSC05744-1024x683.jpg\" alt=\"\" class=\"wp-image-4214\" srcset=\"https:\/\/bloganki.pl\/wp-content\/uploads\/2020\/10\/DSC05744-1024x683.jpg 1024w, https:\/\/bloganki.pl\/wp-content\/uploads\/2020\/10\/DSC05744-300x200.jpg 300w, https:\/\/bloganki.pl\/wp-content\/uploads\/2020\/10\/DSC05744-768x512.jpg 768w, https:\/\/bloganki.pl\/wp-content\/uploads\/2020\/10\/DSC05744-1536x1024.jpg 1536w, https:\/\/bloganki.pl\/wp-content\/uploads\/2020\/10\/DSC05744-2048x1365.jpg 2048w, https:\/\/bloganki.pl\/wp-content\/uploads\/2020\/10\/DSC05744-1140x760.jpg 1140w\" sizes=\"(max-width: 1024px) 100vw, 1024px\" \/><figcaption><strong>Bazylika kolegiacka pw. Zwiastowania Naj\u015bwi\u0119tszej Maryi Pannie w Pu\u0142tusku<\/strong><\/figcaption><\/figure>\n\n\n\n<p style=\"font-size:17px\">Bazylika kolegiacka pw. Zwiastowania Naj\u015bwi\u0119tszej Maryi Panny zosta\u0142a ufundowana przez biskupa p\u0142ockiego Paw\u0142a Gi\u017cyckiego w 1449 r. Wn\u0119trze kolegiaty, z imponuj\u0105cym, renesansowym, s\u0142ynnym &#8222;Sklepieniem Pu\u0142tuskim&#8221;, przyci\u0105ga rocznie tysi\u0105ce turyst\u00f3w.<\/p>\n\n\n\n<figure class=\"wp-block-image size-large\"><img loading=\"lazy\" decoding=\"async\" width=\"1024\" height=\"683\" src=\"https:\/\/bloganki.pl\/wp-content\/uploads\/2020\/10\/DSC05765-1024x683.jpg\" alt=\"\" class=\"wp-image-4215\" srcset=\"https:\/\/bloganki.pl\/wp-content\/uploads\/2020\/10\/DSC05765-1024x683.jpg 1024w, https:\/\/bloganki.pl\/wp-content\/uploads\/2020\/10\/DSC05765-300x200.jpg 300w, https:\/\/bloganki.pl\/wp-content\/uploads\/2020\/10\/DSC05765-768x512.jpg 768w, https:\/\/bloganki.pl\/wp-content\/uploads\/2020\/10\/DSC05765-1536x1024.jpg 1536w, https:\/\/bloganki.pl\/wp-content\/uploads\/2020\/10\/DSC05765-2048x1365.jpg 2048w, https:\/\/bloganki.pl\/wp-content\/uploads\/2020\/10\/DSC05765-1140x760.jpg 1140w\" sizes=\"(max-width: 1024px) 100vw, 1024px\" \/><figcaption><strong>Kamieniczki w rynku &#8211; Pu\u0142tusk<\/strong><\/figcaption><\/figure>\n\n\n\n<figure class=\"wp-block-image size-large\"><img loading=\"lazy\" decoding=\"async\" width=\"1024\" height=\"683\" src=\"https:\/\/bloganki.pl\/wp-content\/uploads\/2020\/10\/DSC05766-1024x683.jpg\" alt=\"\" class=\"wp-image-4216\" srcset=\"https:\/\/bloganki.pl\/wp-content\/uploads\/2020\/10\/DSC05766-1024x683.jpg 1024w, https:\/\/bloganki.pl\/wp-content\/uploads\/2020\/10\/DSC05766-300x200.jpg 300w, https:\/\/bloganki.pl\/wp-content\/uploads\/2020\/10\/DSC05766-768x512.jpg 768w, https:\/\/bloganki.pl\/wp-content\/uploads\/2020\/10\/DSC05766-1536x1024.jpg 1536w, https:\/\/bloganki.pl\/wp-content\/uploads\/2020\/10\/DSC05766-2048x1365.jpg 2048w, https:\/\/bloganki.pl\/wp-content\/uploads\/2020\/10\/DSC05766-1140x760.jpg 1140w\" sizes=\"(max-width: 1024px) 100vw, 1024px\" \/><figcaption><strong>Najd\u0142u\u017cszy rynek w Europie &#8211; Pu\u0142tusk<\/strong><\/figcaption><\/figure>\n\n\n\n<p style=\"font-size:17px\">To w\u0142a\u015bnie Pu\u0142tusk mo\u017ce  pochwali\u0107 si\u0119 zabytkowym, najd\u0142u\u017cszym rynkiem w Europie licz\u0105cym 380 metr\u00f3w. Jego o\u015b wyznacza gotycko-renesansowa wie\u017ca ratuszowa. Brukowany rynek wieczorem by\u0142 ju\u017c prawie pusty. <\/p>\n\n\n\n<figure class=\"wp-block-image size-large\"><img loading=\"lazy\" decoding=\"async\" width=\"1024\" height=\"683\" src=\"https:\/\/bloganki.pl\/wp-content\/uploads\/2020\/10\/DSC05778-1024x683.jpg\" alt=\"\" class=\"wp-image-4217\" srcset=\"https:\/\/bloganki.pl\/wp-content\/uploads\/2020\/10\/DSC05778-1024x683.jpg 1024w, https:\/\/bloganki.pl\/wp-content\/uploads\/2020\/10\/DSC05778-300x200.jpg 300w, https:\/\/bloganki.pl\/wp-content\/uploads\/2020\/10\/DSC05778-768x512.jpg 768w, https:\/\/bloganki.pl\/wp-content\/uploads\/2020\/10\/DSC05778-1536x1024.jpg 1536w, https:\/\/bloganki.pl\/wp-content\/uploads\/2020\/10\/DSC05778-2048x1365.jpg 2048w, https:\/\/bloganki.pl\/wp-content\/uploads\/2020\/10\/DSC05778-1140x760.jpg 1140w\" sizes=\"(max-width: 1024px) 100vw, 1024px\" \/><figcaption><strong>Pu\u0142tusk<\/strong><\/figcaption><\/figure>\n\n\n\n<figure class=\"wp-block-image size-large\"><img loading=\"lazy\" decoding=\"async\" width=\"1024\" height=\"683\" src=\"https:\/\/bloganki.pl\/wp-content\/uploads\/2020\/10\/DSC05781-1024x683.jpg\" alt=\"\" class=\"wp-image-4218\" srcset=\"https:\/\/bloganki.pl\/wp-content\/uploads\/2020\/10\/DSC05781-1024x683.jpg 1024w, https:\/\/bloganki.pl\/wp-content\/uploads\/2020\/10\/DSC05781-300x200.jpg 300w, https:\/\/bloganki.pl\/wp-content\/uploads\/2020\/10\/DSC05781-768x512.jpg 768w, https:\/\/bloganki.pl\/wp-content\/uploads\/2020\/10\/DSC05781-1536x1024.jpg 1536w, https:\/\/bloganki.pl\/wp-content\/uploads\/2020\/10\/DSC05781-2048x1365.jpg 2048w, https:\/\/bloganki.pl\/wp-content\/uploads\/2020\/10\/DSC05781-1140x760.jpg 1140w\" sizes=\"(max-width: 1024px) 100vw, 1024px\" \/><figcaption><strong>Najd\u0142u\u017cszy rynek w Europie &#8211; Pu\u0142tusk<\/strong><\/figcaption><\/figure>\n\n\n\n<p style=\"font-size:17px\">G\u0142o\u015bnym echem odbi\u0142a si\u0119 w dziejach miasta kampania napoleo\u0144ska. 26-27 grudnia 1806 r. wojska francuskie pod wodz\u0105 marsza\u0142ka Lanne&#8217;a star\u0142y si\u0119 na przedpolach Pu\u0142tuska z armia rosyjsk\u0105. Po bitwie Rosjanie wycofali si\u0119 w stron\u0119 Ostro\u0142\u0119ki, a do Pu\u0142tuska przyby\u0142 sam Bonaparte i kwaterowa\u0142 tu przez 8 dni. O pobycie &#8222;ma\u0142ego kaprala&#8221; d\u0142ugo kr\u0105\u017cy\u0142y r\u00f3\u017cne opowie\u015bci i anegdoty.  Jedn\u0105 z nich wykorzysta\u0142 Wiktor Gomulicki w &#8222;Mojej rzece<\/p>\n\n\n\n<p class=\"has-text-align-center\" style=\"font-size:17px\"><em>&#8221; Jako p\u00f3\u017aniej, w p\u00f3\u0142noc sam\u0105 w wielkiej sali ponad bram\u0105 <\/em><\/p>\n\n\n\n<p class=\"has-text-align-center\" style=\"font-size:17px\"><em>zaci\u0105gn\u0105wszy zbrojn\u0105 wart\u0119<\/em> jad\u0142 wieczerz\u0119 Bonaparte. <\/p>\n\n\n\n<p class=\"has-text-align-center\" style=\"font-size:17px\"><em>(Sztab, w skupieniu nale\u017cytym, \u015bniada\u0142 potem z apatytem<\/em>. <\/p>\n\n\n\n<p class=\"has-text-align-center\" style=\"font-size:17px\"><em>A po zupie i pieczeni <\/em> <em>schowa\u0142 srebra do kieszeni)&#8221;.<\/em><\/p>\n\n\n\n<p style=\"font-size:17px\">Jak to by\u0142o naprawd\u0119 z tymi srebrami &#8211; trudno powiedzie\u0107. Wiadomo jednak, \u017ce pobyt wojsk francuskich wyg\u0142odzi\u0142 Pu\u0142tusk.<\/p>\n\n\n\n<p style=\"font-size:15px\">[*\u0179r\u00f3d\u0142o: Puszcza Kurpiowska &#8211; przewodnik Tomasz Chludzi\u0144ski, Janusz \u017bmudzi\u0144ski]<\/p>\n\n\n\n<figure class=\"wp-block-image size-large\"><img loading=\"lazy\" decoding=\"async\" width=\"1024\" height=\"683\" src=\"https:\/\/bloganki.pl\/wp-content\/uploads\/2020\/10\/DSC05802-1024x683.jpg\" alt=\"\" class=\"wp-image-4219\" srcset=\"https:\/\/bloganki.pl\/wp-content\/uploads\/2020\/10\/DSC05802-1024x683.jpg 1024w, https:\/\/bloganki.pl\/wp-content\/uploads\/2020\/10\/DSC05802-300x200.jpg 300w, https:\/\/bloganki.pl\/wp-content\/uploads\/2020\/10\/DSC05802-768x512.jpg 768w, https:\/\/bloganki.pl\/wp-content\/uploads\/2020\/10\/DSC05802-1536x1024.jpg 1536w, https:\/\/bloganki.pl\/wp-content\/uploads\/2020\/10\/DSC05802-2048x1365.jpg 2048w, https:\/\/bloganki.pl\/wp-content\/uploads\/2020\/10\/DSC05802-1140x760.jpg 1140w\" sizes=\"(max-width: 1024px) 100vw, 1024px\" \/><figcaption><strong>Kamienica w kt\u00f3rej mieszka\u0142 Napoleon &#8211; Pu\u0142tusk<\/strong><\/figcaption><\/figure>\n\n\n\n<figure class=\"wp-block-image size-full\"><img loading=\"lazy\" decoding=\"async\" width=\"1706\" height=\"2560\" src=\"https:\/\/bloganki.pl\/wp-content\/uploads\/2020\/10\/DSC05803-scaled.jpg\" alt=\"\" class=\"wp-image-4220\" srcset=\"https:\/\/bloganki.pl\/wp-content\/uploads\/2020\/10\/DSC05803-scaled.jpg 1706w, https:\/\/bloganki.pl\/wp-content\/uploads\/2020\/10\/DSC05803-200x300.jpg 200w, https:\/\/bloganki.pl\/wp-content\/uploads\/2020\/10\/DSC05803-682x1024.jpg 682w, https:\/\/bloganki.pl\/wp-content\/uploads\/2020\/10\/DSC05803-768x1152.jpg 768w, https:\/\/bloganki.pl\/wp-content\/uploads\/2020\/10\/DSC05803-1024x1536.jpg 1024w, https:\/\/bloganki.pl\/wp-content\/uploads\/2020\/10\/DSC05803-1365x2048.jpg 1365w, https:\/\/bloganki.pl\/wp-content\/uploads\/2020\/10\/DSC05803-1140x1710.jpg 1140w\" sizes=\"(max-width: 1706px) 100vw, 1706px\" \/><figcaption><strong>Kamienica w kt\u00f3rej mieszka\u0142 Napoleon &#8211; Pu\u0142tusk<\/strong><\/figcaption><\/figure>\n\n\n\n<figure class=\"wp-block-image size-full\"><img loading=\"lazy\" decoding=\"async\" width=\"1707\" height=\"2560\" src=\"https:\/\/bloganki.pl\/wp-content\/uploads\/2020\/10\/DSC05805-scaled.jpg\" alt=\"\" class=\"wp-image-4221\" srcset=\"https:\/\/bloganki.pl\/wp-content\/uploads\/2020\/10\/DSC05805-scaled.jpg 1707w, https:\/\/bloganki.pl\/wp-content\/uploads\/2020\/10\/DSC05805-200x300.jpg 200w, https:\/\/bloganki.pl\/wp-content\/uploads\/2020\/10\/DSC05805-683x1024.jpg 683w, https:\/\/bloganki.pl\/wp-content\/uploads\/2020\/10\/DSC05805-768x1152.jpg 768w, https:\/\/bloganki.pl\/wp-content\/uploads\/2020\/10\/DSC05805-1024x1536.jpg 1024w, https:\/\/bloganki.pl\/wp-content\/uploads\/2020\/10\/DSC05805-1365x2048.jpg 1365w, https:\/\/bloganki.pl\/wp-content\/uploads\/2020\/10\/DSC05805-1140x1710.jpg 1140w\" sizes=\"(max-width: 1707px) 100vw, 1707px\" \/><figcaption><strong>Kamienica w kt\u00f3rej mieszka\u0142 Napoleon &#8211; Pu\u0142tusk<\/strong><\/figcaption><\/figure>\n\n\n\n<figure class=\"wp-block-image size-full\"><img loading=\"lazy\" decoding=\"async\" width=\"1707\" height=\"2560\" src=\"https:\/\/bloganki.pl\/wp-content\/uploads\/2020\/10\/DSC05806-scaled.jpg\" alt=\"\" class=\"wp-image-4222\" srcset=\"https:\/\/bloganki.pl\/wp-content\/uploads\/2020\/10\/DSC05806-scaled.jpg 1707w, https:\/\/bloganki.pl\/wp-content\/uploads\/2020\/10\/DSC05806-200x300.jpg 200w, https:\/\/bloganki.pl\/wp-content\/uploads\/2020\/10\/DSC05806-683x1024.jpg 683w, https:\/\/bloganki.pl\/wp-content\/uploads\/2020\/10\/DSC05806-768x1152.jpg 768w, https:\/\/bloganki.pl\/wp-content\/uploads\/2020\/10\/DSC05806-1024x1536.jpg 1024w, https:\/\/bloganki.pl\/wp-content\/uploads\/2020\/10\/DSC05806-1365x2048.jpg 1365w, https:\/\/bloganki.pl\/wp-content\/uploads\/2020\/10\/DSC05806-1140x1710.jpg 1140w\" sizes=\"(max-width: 1707px) 100vw, 1707px\" \/><figcaption><strong>P\u00f3\u017anogotycka wie\u017ca dawnego ratusza w Pu\u0142tusku<\/strong><\/figcaption><\/figure>\n\n\n\n<figure class=\"wp-block-image size-large\"><img loading=\"lazy\" decoding=\"async\" width=\"1024\" height=\"683\" src=\"https:\/\/bloganki.pl\/wp-content\/uploads\/2020\/10\/DSC05810-1024x683.jpg\" alt=\"\" class=\"wp-image-4223\" srcset=\"https:\/\/bloganki.pl\/wp-content\/uploads\/2020\/10\/DSC05810-1024x683.jpg 1024w, https:\/\/bloganki.pl\/wp-content\/uploads\/2020\/10\/DSC05810-300x200.jpg 300w, https:\/\/bloganki.pl\/wp-content\/uploads\/2020\/10\/DSC05810-768x512.jpg 768w, https:\/\/bloganki.pl\/wp-content\/uploads\/2020\/10\/DSC05810-1536x1024.jpg 1536w, https:\/\/bloganki.pl\/wp-content\/uploads\/2020\/10\/DSC05810-2048x1365.jpg 2048w, https:\/\/bloganki.pl\/wp-content\/uploads\/2020\/10\/DSC05810-1140x760.jpg 1140w\" sizes=\"(max-width: 1024px) 100vw, 1024px\" \/><figcaption><strong>Kaplica \u015bw. Marii Magdaleny &#8211; Pu\u0142tusk<\/strong><\/figcaption><\/figure>\n\n\n\n<p style=\"font-size:17px\">Krzysztof Klenczon wokalista &#8222;Czerwonych Gitar&#8221; urodzi\u0142 si\u0119 w Pu\u0142tusku. \u0141aweczka po\u015bwi\u0119cona s\u0142ynnemu muzykowi zosta\u0142a postawiona w czerwcu 2017 r.  z okazji kolejnej edycji Festiwalu im. Krzysztofa Klenczona. \u0141aweczk\u0119 zaprojektowa\u0142 Aleksander Mazji.<\/p>\n\n\n\n<figure class=\"wp-block-image size-large\"><img loading=\"lazy\" decoding=\"async\" width=\"1024\" height=\"683\" src=\"https:\/\/bloganki.pl\/wp-content\/uploads\/2020\/10\/DSC05811-1024x683.jpg\" alt=\"\" class=\"wp-image-4224\" srcset=\"https:\/\/bloganki.pl\/wp-content\/uploads\/2020\/10\/DSC05811-1024x683.jpg 1024w, https:\/\/bloganki.pl\/wp-content\/uploads\/2020\/10\/DSC05811-300x200.jpg 300w, https:\/\/bloganki.pl\/wp-content\/uploads\/2020\/10\/DSC05811-768x512.jpg 768w, https:\/\/bloganki.pl\/wp-content\/uploads\/2020\/10\/DSC05811-1536x1024.jpg 1536w, https:\/\/bloganki.pl\/wp-content\/uploads\/2020\/10\/DSC05811-2048x1365.jpg 2048w, https:\/\/bloganki.pl\/wp-content\/uploads\/2020\/10\/DSC05811-1140x760.jpg 1140w\" sizes=\"(max-width: 1024px) 100vw, 1024px\" \/><figcaption><strong>\u0141aweczka Krzysztofa Klenczona \u2013 wokalisty \u201eCzerwonych Gitar\u201d &#8211; Pu\u0142tusk<\/strong><\/figcaption><\/figure>\n\n\n\n<figure class=\"wp-block-image size-large\"><img loading=\"lazy\" decoding=\"async\" width=\"1024\" height=\"683\" src=\"https:\/\/bloganki.pl\/wp-content\/uploads\/2020\/10\/DSC05817-1024x683.jpg\" alt=\"\" class=\"wp-image-4225\" srcset=\"https:\/\/bloganki.pl\/wp-content\/uploads\/2020\/10\/DSC05817-1024x683.jpg 1024w, https:\/\/bloganki.pl\/wp-content\/uploads\/2020\/10\/DSC05817-300x200.jpg 300w, https:\/\/bloganki.pl\/wp-content\/uploads\/2020\/10\/DSC05817-768x512.jpg 768w, https:\/\/bloganki.pl\/wp-content\/uploads\/2020\/10\/DSC05817-1536x1024.jpg 1536w, https:\/\/bloganki.pl\/wp-content\/uploads\/2020\/10\/DSC05817-2048x1365.jpg 2048w, https:\/\/bloganki.pl\/wp-content\/uploads\/2020\/10\/DSC05817-1140x760.jpg 1140w\" sizes=\"(max-width: 1024px) 100vw, 1024px\" \/><figcaption><strong>Kaplica \u015bw. Marii Magdaleny &#8211; Pu\u0142tusk<\/strong><\/figcaption><\/figure>\n\n\n\n<figure class=\"wp-block-image size-large\"><img loading=\"lazy\" decoding=\"async\" width=\"1024\" height=\"683\" src=\"https:\/\/bloganki.pl\/wp-content\/uploads\/2020\/10\/DSC05826-1024x683.jpg\" alt=\"\" class=\"wp-image-4226\" srcset=\"https:\/\/bloganki.pl\/wp-content\/uploads\/2020\/10\/DSC05826-1024x683.jpg 1024w, https:\/\/bloganki.pl\/wp-content\/uploads\/2020\/10\/DSC05826-300x200.jpg 300w, https:\/\/bloganki.pl\/wp-content\/uploads\/2020\/10\/DSC05826-768x512.jpg 768w, https:\/\/bloganki.pl\/wp-content\/uploads\/2020\/10\/DSC05826-1536x1024.jpg 1536w, https:\/\/bloganki.pl\/wp-content\/uploads\/2020\/10\/DSC05826-2048x1365.jpg 2048w, https:\/\/bloganki.pl\/wp-content\/uploads\/2020\/10\/DSC05826-1140x760.jpg 1140w\" sizes=\"(max-width: 1024px) 100vw, 1024px\" \/><figcaption><strong>Przysta\u0144 \u017ceglarska w Pu\u0142tusku<\/strong><\/figcaption><\/figure>\n\n\n\n<figure class=\"wp-block-image size-large\"><img loading=\"lazy\" decoding=\"async\" width=\"1024\" height=\"683\" src=\"https:\/\/bloganki.pl\/wp-content\/uploads\/2020\/10\/DSC05827-1024x683.jpg\" alt=\"\" class=\"wp-image-4227\" srcset=\"https:\/\/bloganki.pl\/wp-content\/uploads\/2020\/10\/DSC05827-1024x683.jpg 1024w, https:\/\/bloganki.pl\/wp-content\/uploads\/2020\/10\/DSC05827-300x200.jpg 300w, https:\/\/bloganki.pl\/wp-content\/uploads\/2020\/10\/DSC05827-768x512.jpg 768w, https:\/\/bloganki.pl\/wp-content\/uploads\/2020\/10\/DSC05827-1536x1024.jpg 1536w, https:\/\/bloganki.pl\/wp-content\/uploads\/2020\/10\/DSC05827-2048x1365.jpg 2048w, https:\/\/bloganki.pl\/wp-content\/uploads\/2020\/10\/DSC05827-1140x760.jpg 1140w\" sizes=\"(max-width: 1024px) 100vw, 1024px\" \/><figcaption><strong>Przysta\u0144 \u017ceglarska w Pu\u0142tusku<\/strong><\/figcaption><\/figure>\n\n\n\n<p style=\"font-size:17px\"><\/p>\n\n\n\n<figure class=\"wp-block-image size-large\"><img loading=\"lazy\" decoding=\"async\" width=\"1024\" height=\"683\" src=\"https:\/\/bloganki.pl\/wp-content\/uploads\/2020\/10\/DSC05832-1024x683.jpg\" alt=\"\" class=\"wp-image-4228\" srcset=\"https:\/\/bloganki.pl\/wp-content\/uploads\/2020\/10\/DSC05832-1024x683.jpg 1024w, https:\/\/bloganki.pl\/wp-content\/uploads\/2020\/10\/DSC05832-300x200.jpg 300w, https:\/\/bloganki.pl\/wp-content\/uploads\/2020\/10\/DSC05832-768x512.jpg 768w, https:\/\/bloganki.pl\/wp-content\/uploads\/2020\/10\/DSC05832-1536x1024.jpg 1536w, https:\/\/bloganki.pl\/wp-content\/uploads\/2020\/10\/DSC05832-2048x1365.jpg 2048w, https:\/\/bloganki.pl\/wp-content\/uploads\/2020\/10\/DSC05832-1140x760.jpg 1140w\" sizes=\"(max-width: 1024px) 100vw, 1024px\" \/><figcaption><strong>Dawna siedziba biskup\u00f3w p\u0142ockich, w\u0142a\u015bcicieli miasta. Obecnie<br>Dom Polonii, centrum konferencyjno \u2013 hotelarskie -Pu\u0142tusk<\/strong><\/figcaption><\/figure>\n\n\n\n<figure class=\"wp-block-image size-large\"><img loading=\"lazy\" decoding=\"async\" width=\"1024\" height=\"683\" src=\"https:\/\/bloganki.pl\/wp-content\/uploads\/2020\/10\/DSC05836-1024x683.jpg\" alt=\"\" class=\"wp-image-4229\" srcset=\"https:\/\/bloganki.pl\/wp-content\/uploads\/2020\/10\/DSC05836-1024x683.jpg 1024w, https:\/\/bloganki.pl\/wp-content\/uploads\/2020\/10\/DSC05836-300x200.jpg 300w, https:\/\/bloganki.pl\/wp-content\/uploads\/2020\/10\/DSC05836-768x512.jpg 768w, https:\/\/bloganki.pl\/wp-content\/uploads\/2020\/10\/DSC05836-1536x1024.jpg 1536w, https:\/\/bloganki.pl\/wp-content\/uploads\/2020\/10\/DSC05836-2048x1365.jpg 2048w, https:\/\/bloganki.pl\/wp-content\/uploads\/2020\/10\/DSC05836-1140x760.jpg 1140w\" sizes=\"(max-width: 1024px) 100vw, 1024px\" \/><figcaption><strong>Dawna siedziba biskup\u00f3w p\u0142ockich, w\u0142a\u015bcicieli miasta. Obecnie<br>Dom Polonii, centrum konferencyjno \u2013 hotelarskie -Pu\u0142tusk<\/strong><\/figcaption><\/figure>\n\n\n\n<figure class=\"wp-block-image size-large\"><img loading=\"lazy\" decoding=\"async\" width=\"1024\" height=\"683\" src=\"https:\/\/bloganki.pl\/wp-content\/uploads\/2020\/10\/DSC05839-1024x683.jpg\" alt=\"\" class=\"wp-image-4230\" srcset=\"https:\/\/bloganki.pl\/wp-content\/uploads\/2020\/10\/DSC05839-1024x683.jpg 1024w, https:\/\/bloganki.pl\/wp-content\/uploads\/2020\/10\/DSC05839-300x200.jpg 300w, https:\/\/bloganki.pl\/wp-content\/uploads\/2020\/10\/DSC05839-768x512.jpg 768w, https:\/\/bloganki.pl\/wp-content\/uploads\/2020\/10\/DSC05839-1536x1024.jpg 1536w, https:\/\/bloganki.pl\/wp-content\/uploads\/2020\/10\/DSC05839-2048x1365.jpg 2048w, https:\/\/bloganki.pl\/wp-content\/uploads\/2020\/10\/DSC05839-1140x760.jpg 1140w\" sizes=\"(max-width: 1024px) 100vw, 1024px\" \/><figcaption><strong>Dawna siedziba biskup\u00f3w p\u0142ockich, w\u0142a\u015bcicieli miasta. Obecnie<br>Dom Polonii, centrum konferencyjno \u2013 hotelarskie -Pu\u0142tusk<\/strong><\/figcaption><\/figure>\n\n\n\n<figure class=\"wp-block-image size-large\"><img loading=\"lazy\" decoding=\"async\" width=\"1024\" height=\"683\" src=\"https:\/\/bloganki.pl\/wp-content\/uploads\/2020\/10\/DSC05848-1024x683.jpg\" alt=\"\" class=\"wp-image-4232\" srcset=\"https:\/\/bloganki.pl\/wp-content\/uploads\/2020\/10\/DSC05848-1024x683.jpg 1024w, https:\/\/bloganki.pl\/wp-content\/uploads\/2020\/10\/DSC05848-300x200.jpg 300w, https:\/\/bloganki.pl\/wp-content\/uploads\/2020\/10\/DSC05848-768x512.jpg 768w, https:\/\/bloganki.pl\/wp-content\/uploads\/2020\/10\/DSC05848-1536x1024.jpg 1536w, https:\/\/bloganki.pl\/wp-content\/uploads\/2020\/10\/DSC05848-2048x1365.jpg 2048w, https:\/\/bloganki.pl\/wp-content\/uploads\/2020\/10\/DSC05848-1140x760.jpg 1140w\" sizes=\"(max-width: 1024px) 100vw, 1024px\" \/><figcaption><strong>Dawna siedziba biskup\u00f3w p\u0142ockich, w\u0142a\u015bcicieli miasta. Obecnie<br>Dom Polonii, centrum konferencyjno \u2013 hotelarskie -Pu\u0142tusk<\/strong><\/figcaption><\/figure>\n\n\n\n<figure class=\"wp-block-image size-large\"><img loading=\"lazy\" decoding=\"async\" width=\"1024\" height=\"683\" src=\"https:\/\/bloganki.pl\/wp-content\/uploads\/2020\/10\/DSC05846-1024x683.jpg\" alt=\"\" class=\"wp-image-4231\" srcset=\"https:\/\/bloganki.pl\/wp-content\/uploads\/2020\/10\/DSC05846-1024x683.jpg 1024w, https:\/\/bloganki.pl\/wp-content\/uploads\/2020\/10\/DSC05846-300x200.jpg 300w, https:\/\/bloganki.pl\/wp-content\/uploads\/2020\/10\/DSC05846-768x512.jpg 768w, https:\/\/bloganki.pl\/wp-content\/uploads\/2020\/10\/DSC05846-1536x1024.jpg 1536w, https:\/\/bloganki.pl\/wp-content\/uploads\/2020\/10\/DSC05846-2048x1365.jpg 2048w, https:\/\/bloganki.pl\/wp-content\/uploads\/2020\/10\/DSC05846-1140x760.jpg 1140w\" sizes=\"(max-width: 1024px) 100vw, 1024px\" \/><figcaption><strong>Dawna siedziba biskup\u00f3w p\u0142ockich, w\u0142a\u015bcicieli miasta. Obecnie<br>Dom Polonii, centrum konferencyjno \u2013 hotelarskie -Pu\u0142tusk<\/strong><\/figcaption><\/figure>\n\n\n\n<figure class=\"wp-block-image size-large\"><img loading=\"lazy\" decoding=\"async\" width=\"1024\" height=\"683\" src=\"https:\/\/bloganki.pl\/wp-content\/uploads\/2020\/10\/DSC05824-1024x683.jpg\" alt=\"\" class=\"wp-image-4236\" srcset=\"https:\/\/bloganki.pl\/wp-content\/uploads\/2020\/10\/DSC05824-1024x683.jpg 1024w, https:\/\/bloganki.pl\/wp-content\/uploads\/2020\/10\/DSC05824-300x200.jpg 300w, https:\/\/bloganki.pl\/wp-content\/uploads\/2020\/10\/DSC05824-768x512.jpg 768w, https:\/\/bloganki.pl\/wp-content\/uploads\/2020\/10\/DSC05824-1536x1024.jpg 1536w, https:\/\/bloganki.pl\/wp-content\/uploads\/2020\/10\/DSC05824-2048x1365.jpg 2048w, https:\/\/bloganki.pl\/wp-content\/uploads\/2020\/10\/DSC05824-1140x760.jpg 1140w\" sizes=\"(max-width: 1024px) 100vw, 1024px\" \/><figcaption><strong>Dawna siedziba biskup\u00f3w p\u0142ockich, w\u0142a\u015bcicieli miasta. Obecnie<br>Dom Polonii, centrum konferencyjno \u2013 hotelarskie -Pu\u0142tusk<\/strong><\/figcaption><\/figure>\n\n\n\n<figure class=\"wp-block-image size-large\"><img loading=\"lazy\" decoding=\"async\" width=\"1024\" height=\"683\" src=\"https:\/\/bloganki.pl\/wp-content\/uploads\/2020\/10\/DSC05852-1024x683.jpg\" alt=\"\" class=\"wp-image-4240\" srcset=\"https:\/\/bloganki.pl\/wp-content\/uploads\/2020\/10\/DSC05852-1024x683.jpg 1024w, https:\/\/bloganki.pl\/wp-content\/uploads\/2020\/10\/DSC05852-300x200.jpg 300w, https:\/\/bloganki.pl\/wp-content\/uploads\/2020\/10\/DSC05852-768x512.jpg 768w, https:\/\/bloganki.pl\/wp-content\/uploads\/2020\/10\/DSC05852-1536x1024.jpg 1536w, https:\/\/bloganki.pl\/wp-content\/uploads\/2020\/10\/DSC05852-2048x1365.jpg 2048w, https:\/\/bloganki.pl\/wp-content\/uploads\/2020\/10\/DSC05852-1140x760.jpg 1140w\" sizes=\"(max-width: 1024px) 100vw, 1024px\" \/><figcaption><strong>Pu\u0142tusk<\/strong><\/figcaption><\/figure>\n\n\n\n<figure class=\"wp-block-image size-large\"><img loading=\"lazy\" decoding=\"async\" width=\"1024\" height=\"683\" src=\"https:\/\/bloganki.pl\/wp-content\/uploads\/2020\/10\/DSC05866-1024x683.jpg\" alt=\"\" class=\"wp-image-4234\" srcset=\"https:\/\/bloganki.pl\/wp-content\/uploads\/2020\/10\/DSC05866-1024x683.jpg 1024w, https:\/\/bloganki.pl\/wp-content\/uploads\/2020\/10\/DSC05866-300x200.jpg 300w, https:\/\/bloganki.pl\/wp-content\/uploads\/2020\/10\/DSC05866-768x512.jpg 768w, https:\/\/bloganki.pl\/wp-content\/uploads\/2020\/10\/DSC05866-1536x1024.jpg 1536w, https:\/\/bloganki.pl\/wp-content\/uploads\/2020\/10\/DSC05866-2048x1365.jpg 2048w, https:\/\/bloganki.pl\/wp-content\/uploads\/2020\/10\/DSC05866-1140x760.jpg 1140w\" sizes=\"(max-width: 1024px) 100vw, 1024px\" \/><figcaption><strong>Kamienica w Rynku &#8211; Pu\u0142tusk<\/strong><\/figcaption><\/figure>\n\n\n\n<figure class=\"wp-block-image size-large\"><img loading=\"lazy\" decoding=\"async\" width=\"1024\" height=\"683\" src=\"https:\/\/bloganki.pl\/wp-content\/uploads\/2020\/10\/DSC05870-1024x683.jpg\" alt=\"\" class=\"wp-image-4235\" srcset=\"https:\/\/bloganki.pl\/wp-content\/uploads\/2020\/10\/DSC05870-1024x683.jpg 1024w, https:\/\/bloganki.pl\/wp-content\/uploads\/2020\/10\/DSC05870-300x200.jpg 300w, https:\/\/bloganki.pl\/wp-content\/uploads\/2020\/10\/DSC05870-768x512.jpg 768w, https:\/\/bloganki.pl\/wp-content\/uploads\/2020\/10\/DSC05870-1536x1024.jpg 1536w, https:\/\/bloganki.pl\/wp-content\/uploads\/2020\/10\/DSC05870-2048x1365.jpg 2048w, https:\/\/bloganki.pl\/wp-content\/uploads\/2020\/10\/DSC05870-1140x760.jpg 1140w\" sizes=\"(max-width: 1024px) 100vw, 1024px\" \/><figcaption><strong>Najd\u0142u\u017cszy rynek w Europie &#8211; Pu\u0142tusk<\/strong><\/figcaption><\/figure>\n\n\n\n<p style=\"font-size:17px\">W Pu\u0142tusku by\u0142am pierwszy raz, wraca\u0142am w\u0142a\u015bnie z Kurpi\u00f3w i odwiedzi\u0142am jedno z najbardziej czaruj\u0105cych miejsc na Mazowszu. Miasto z fajnym klimatem z kurpiowsk\u0105 nutk\u0105 i z bardzo smacznymi burgerami. <\/p>\n\n\n\n<figure class=\"wp-block-image size-large\"><img loading=\"lazy\" decoding=\"async\" width=\"1024\" height=\"683\" src=\"https:\/\/bloganki.pl\/wp-content\/uploads\/2020\/10\/DSC05773-1024x683.jpg\" alt=\"\" class=\"wp-image-4237\" srcset=\"https:\/\/bloganki.pl\/wp-content\/uploads\/2020\/10\/DSC05773-1024x683.jpg 1024w, https:\/\/bloganki.pl\/wp-content\/uploads\/2020\/10\/DSC05773-300x200.jpg 300w, https:\/\/bloganki.pl\/wp-content\/uploads\/2020\/10\/DSC05773-768x512.jpg 768w, https:\/\/bloganki.pl\/wp-content\/uploads\/2020\/10\/DSC05773-1536x1024.jpg 1536w, https:\/\/bloganki.pl\/wp-content\/uploads\/2020\/10\/DSC05773-2048x1365.jpg 2048w, https:\/\/bloganki.pl\/wp-content\/uploads\/2020\/10\/DSC05773-1140x760.jpg 1140w\" sizes=\"(max-width: 1024px) 100vw, 1024px\" \/><figcaption><strong>Pu\u0142tusk<\/strong><\/figcaption><\/figure>\n\n\n\n<figure class=\"wp-block-image size-large\"><img loading=\"lazy\" decoding=\"async\" width=\"1024\" height=\"683\" src=\"https:\/\/bloganki.pl\/wp-content\/uploads\/2020\/10\/DSC05879-1024x683.jpg\" alt=\"\" class=\"wp-image-4238\" srcset=\"https:\/\/bloganki.pl\/wp-content\/uploads\/2020\/10\/DSC05879-1024x683.jpg 1024w, https:\/\/bloganki.pl\/wp-content\/uploads\/2020\/10\/DSC05879-300x200.jpg 300w, https:\/\/bloganki.pl\/wp-content\/uploads\/2020\/10\/DSC05879-768x512.jpg 768w, https:\/\/bloganki.pl\/wp-content\/uploads\/2020\/10\/DSC05879-1536x1024.jpg 1536w, https:\/\/bloganki.pl\/wp-content\/uploads\/2020\/10\/DSC05879-2048x1365.jpg 2048w, https:\/\/bloganki.pl\/wp-content\/uploads\/2020\/10\/DSC05879-1140x760.jpg 1140w\" sizes=\"(max-width: 1024px) 100vw, 1024px\" \/><figcaption><strong>Pu\u0142tusk<\/strong><\/figcaption><\/figure>\n\n\n\n<figure class=\"wp-block-image size-large\"><img loading=\"lazy\" decoding=\"async\" width=\"1024\" height=\"683\" src=\"https:\/\/bloganki.pl\/wp-content\/uploads\/2020\/10\/DSC05889-1024x683.jpg\" alt=\"\" class=\"wp-image-4239\" srcset=\"https:\/\/bloganki.pl\/wp-content\/uploads\/2020\/10\/DSC05889-1024x683.jpg 1024w, https:\/\/bloganki.pl\/wp-content\/uploads\/2020\/10\/DSC05889-300x200.jpg 300w, https:\/\/bloganki.pl\/wp-content\/uploads\/2020\/10\/DSC05889-768x512.jpg 768w, https:\/\/bloganki.pl\/wp-content\/uploads\/2020\/10\/DSC05889-1536x1024.jpg 1536w, https:\/\/bloganki.pl\/wp-content\/uploads\/2020\/10\/DSC05889-2048x1365.jpg 2048w, https:\/\/bloganki.pl\/wp-content\/uploads\/2020\/10\/DSC05889-1140x760.jpg 1140w\" sizes=\"(max-width: 1024px) 100vw, 1024px\" \/><figcaption><strong>Pu\u0142tusk<\/strong><\/figcaption><\/figure>\n","protected":false},"excerpt":{"rendered":"<p>Jedno z najciekawszych miast Mazowsza le\u017cy na wyspie otoczonej wodami Narwi, po kt\u00f3rej mo\u017cna p\u0142ywa\u0107 gondolami. Legenda g\u0142osi, \u017ce istnia\u0142o tu niegdy\u015b miasto Tusk, ale gdy kataklizm zniszczy\u0142 po\u0142ow\u0119 grodu, nazwano je &#8230;. Pu\u0142-tuskiem. Pierwotna nazwa brzmia\u0142a Po\u0142towsk lub Pe\u0142towsk, a nast\u0119pnie Pu\u0142towsk. Pochodzi ona od nazwy niewielkiej rzeczki, Pe\u0142ty. Ju\u017c w czasach wczesno\u015bredniowiecznych istnia\u0142a na terenie dzisiejszego miasta osada, w kt\u00f3rej krzy\u017cowa\u0142y si\u0119 interesy handlowe i religijne ludno\u015bci okolicznych puszcz. Na wzg\u00f3rzu za miastem, tam gdzie dzi\u015b stoi ko\u015bci\u00f3\u0142 \u015awi\u0119tego Krzy\u017ca znajdowa\u0142o si\u0119 cmentarzysko i &#8211; wed\u0142ug tradycji &#8211; \u015bwi\u0105tynia poga\u0144ska. Prawo miejskie (che\u0142mi\u0144skie) uzyska\u0142 Pu\u0142tusk w 1257 r. Najazdy Litwin\u00f3w mia\u0142y miejsce w latach 1325-1338 i 1368. Po ustaniu wojen Pu\u0142tusk zacz\u0105\u0142 prze\u017cywa\u0107 okres rozkwitu. Jego rola, jako miejsca wymiany produkt\u00f3w le\u015bnych Puszczy Bia\u0142ej i p\u0142od\u00f3w rolnych \u017cyznej ziemi ciechanowskiej &#8211; zaznacza si\u0119 coraz wyra\u017aniej. Pu\u0142tusk s\u0142yn\u0105\u0142 te\u017c z wyrobu piwa, z handlu zbo\u017cem, drzewem a nawet winem, gdy\u017c hodowano tu latoro\u015bl winn\u0105. W 1440 r. powsta\u0142\u0105 w Pu\u0142tusku wy\u017csza uczelnia na kt\u00f3rej wyk\u0142adali profesorowie Akademii Krakowskiej. Przys\u0142owie g\u0142osi, \u017ce &#8222;najlepsi s\u0105 sieciechowcy \u015bpiewacy, \u015bwi\u0119tokrzyscy pijacy, a pu\u0142tuscy \u017cacy&#8221;. W pierwszej po\u0142owie XVII w. Pu\u0142tusk niszcz\u0105 trzy du\u017ce po\u017cary: w latach 1613,1646 i 1650. Dalsze kl\u0119ski przyni\u00f3s\u0142 &#8222;potop&#8221; szwedzki, wielkie powodzie w XVIII w., a tak\u017ce wojna p\u00f3\u0142nocna, w czasie kt\u00f3rej (11 V 1703 r.) wojska szwedzkie stoczy\u0142y pod Pu\u0142tuskiem bitw\u0119 z armi\u0105 sask\u0105, a po zwyci\u0119stwie zrabowa\u0142y miasto. Pu\u0142tusk bardzo ucierpia\u0142 w czasie I i II wojny \u015bwiatowej. Dzi\u015b miasto zaleczy\u0142o ju\u017c swoje wojenne rany, zlikwidowa\u0142o te\u017c nast\u0119pstwa wielkie powodzi, kt\u00f3ra nawiedzi\u0142a Pu\u0142tusk w 1958 roku i zniszczy\u0142a lub uszkodzi\u0142a 158 dom\u00f3w. Bazylika kolegiacka pw. Zwiastowania Naj\u015bwi\u0119tszej Maryi Panny zosta\u0142a ufundowana przez biskupa p\u0142ockiego Paw\u0142a Gi\u017cyckiego w 1449 r. Wn\u0119trze kolegiaty, z imponuj\u0105cym, renesansowym, s\u0142ynnym &#8222;Sklepieniem Pu\u0142tuskim&#8221;, przyci\u0105ga rocznie tysi\u0105ce turyst\u00f3w. To w\u0142a\u015bnie Pu\u0142tusk mo\u017ce pochwali\u0107 si\u0119 zabytkowym, najd\u0142u\u017cszym rynkiem w Europie licz\u0105cym 380 metr\u00f3w. Jego o\u015b wyznacza gotycko-renesansowa wie\u017ca ratuszowa. Brukowany rynek wieczorem by\u0142 ju\u017c prawie pusty. G\u0142o\u015bnym echem odbi\u0142a si\u0119 w dziejach miasta kampania napoleo\u0144ska. 26-27 grudnia 1806 r. wojska francuskie pod wodz\u0105 marsza\u0142ka Lanne&#8217;a star\u0142y si\u0119 na przedpolach Pu\u0142tuska z armia rosyjsk\u0105. Po bitwie Rosjanie wycofali si\u0119 w stron\u0119 Ostro\u0142\u0119ki, a do Pu\u0142tuska przyby\u0142 sam Bonaparte i kwaterowa\u0142 tu przez 8 dni. O pobycie &#8222;ma\u0142ego kaprala&#8221; d\u0142ugo kr\u0105\u017cy\u0142y r\u00f3\u017cne opowie\u015bci i anegdoty. Jedn\u0105 z nich wykorzysta\u0142 Wiktor Gomulicki w &#8222;Mojej rzece &#8221; Jako p\u00f3\u017aniej, w p\u00f3\u0142noc sam\u0105 w wielkiej sali ponad bram\u0105 zaci\u0105gn\u0105wszy zbrojn\u0105 wart\u0119 jad\u0142 wieczerz\u0119 Bonaparte. (Sztab, w skupieniu nale\u017cytym, \u015bniada\u0142 potem z apatytem. A po zupie i pieczeni schowa\u0142 srebra do kieszeni)&#8221;. Jak to by\u0142o naprawd\u0119 z tymi srebrami &#8211; trudno powiedzie\u0107. Wiadomo jednak, \u017ce pobyt wojsk francuskich wyg\u0142odzi\u0142 Pu\u0142tusk. [*\u0179r\u00f3d\u0142o: Puszcza Kurpiowska &#8211; przewodnik Tomasz Chludzi\u0144ski, Janusz \u017bmudzi\u0144ski] Krzysztof Klenczon wokalista &#8222;Czerwonych Gitar&#8221; urodzi\u0142 si\u0119 w Pu\u0142tusku. \u0141aweczka po\u015bwi\u0119cona s\u0142ynnemu muzykowi zosta\u0142a postawiona w czerwcu 2017 r. z okazji kolejnej edycji Festiwalu im. Krzysztofa Klenczona. \u0141aweczk\u0119 zaprojektowa\u0142 Aleksander Mazji. W Pu\u0142tusku by\u0142am pierwszy raz, wraca\u0142am w\u0142a\u015bnie z Kurpi\u00f3w i odwiedzi\u0142am jedno z najbardziej czaruj\u0105cych miejsc na Mazowszu. Miasto z fajnym klimatem z kurpiowsk\u0105 nutk\u0105 i z bardzo smacznymi burgerami.<\/p>\n","protected":false},"author":3,"featured_media":4206,"comment_status":"open","ping_status":"open","sticky":false,"template":"","format":"standard","meta":{"_monsterinsights_skip_tracking":false,"_monsterinsights_sitenote_active":false,"_monsterinsights_sitenote_note":"","_monsterinsights_sitenote_category":0,"footnotes":""},"categories":[410,20,225],"tags":[308,307,306,305],"class_list":["post-4205","post","type-post","status-publish","format-standard","has-post-thumbnail","hentry","category-perelki-mazowsza","category-polska","category-skarby-mazowsza","tag-kamienica-w-ktorej-mieszkal-napoleon","tag-najdluzszy-rynek-w-europie","tag-polska-wenecja-na-mazowszu","tag-pultusk"],"aioseo_notices":[],"acf":[],"_links":{"self":[{"href":"https:\/\/bloganki.pl\/index.php\/wp-json\/wp\/v2\/posts\/4205","targetHints":{"allow":["GET"]}}],"collection":[{"href":"https:\/\/bloganki.pl\/index.php\/wp-json\/wp\/v2\/posts"}],"about":[{"href":"https:\/\/bloganki.pl\/index.php\/wp-json\/wp\/v2\/types\/post"}],"author":[{"embeddable":true,"href":"https:\/\/bloganki.pl\/index.php\/wp-json\/wp\/v2\/users\/3"}],"replies":[{"embeddable":true,"href":"https:\/\/bloganki.pl\/index.php\/wp-json\/wp\/v2\/comments?post=4205"}],"version-history":[{"count":28,"href":"https:\/\/bloganki.pl\/index.php\/wp-json\/wp\/v2\/posts\/4205\/revisions"}],"predecessor-version":[{"id":6336,"href":"https:\/\/bloganki.pl\/index.php\/wp-json\/wp\/v2\/posts\/4205\/revisions\/6336"}],"wp:featuredmedia":[{"embeddable":true,"href":"https:\/\/bloganki.pl\/index.php\/wp-json\/wp\/v2\/media\/4206"}],"wp:attachment":[{"href":"https:\/\/bloganki.pl\/index.php\/wp-json\/wp\/v2\/media?parent=4205"}],"wp:term":[{"taxonomy":"category","embeddable":true,"href":"https:\/\/bloganki.pl\/index.php\/wp-json\/wp\/v2\/categories?post=4205"},{"taxonomy":"post_tag","embeddable":true,"href":"https:\/\/bloganki.pl\/index.php\/wp-json\/wp\/v2\/tags?post=4205"}],"curies":[{"name":"wp","href":"https:\/\/api.w.org\/{rel}","templated":true}]}}