{"id":824,"date":"2020-02-25T21:51:49","date_gmt":"2020-02-25T20:51:49","guid":{"rendered":"http:\/\/bloganki.pl\/?p=824"},"modified":"2022-11-21T20:06:20","modified_gmt":"2022-11-21T19:06:20","slug":"symi-simi-najbardziej-kolorowa-wyspa-dodekanezu","status":"publish","type":"post","link":"https:\/\/bloganki.pl\/index.php\/2020\/02\/25\/symi-simi-najbardziej-kolorowa-wyspa-dodekanezu\/","title":{"rendered":"Symi (Simi) najbardziej kolorowa wyspa Dodekanezu."},"content":{"rendered":"\n<p style=\"font-size:17px\">Na wyspie Rodos byli\u015bmy pod koniec kwietnia, przywita\u0142a Nas ulewa. Pami\u0119tam deszcz tak la\u0142, \u017ce po 10 minutach mia\u0142am wod\u0119 po kostki. Tak sobie pomy\u015bla\u0142am, nie\u017ale si\u0119 zapowiada. <\/p>\n\n\n\n<p style=\"font-size:17px\">Mieszkali\u015bmy w Stolicy , g\u0142\u00f3wnie ze wzgl\u0119du na przepi\u0119kn\u0105 star\u00f3wk\u0119. W tym okresie panowa\u0142a jeszcze \u015bwi\u0105teczna atmosfera Prawos\u0142awni  przygotowywali si\u0119  w\u0142asnie do \u015awi\u0105t Wielkanocnych. Oni obchodz\u0105 \u015awi\u0119ta Wielkanocne troch\u0119 inaczej ni\u017c u Nas, ale to w oddzielnym wpisie. Zdradz\u0119 tylko, \u017ce wsz\u0119dzie by\u0142o mn\u00f3stwo kwiat\u00f3w.<\/p>\n\n\n\n<p style=\"font-size:17px\">W planach mieli\u015bmy rejs na wysp\u0119 Symi. Le\u017cy ona najbli\u017cej wyspy Rodos. Bilety kupili\u015bmy bez problemu w porcie, wysz\u0142y o wiele taniej ni\u017c oferowali rezydenci w hotelu. Wcze\u015bniej  um\u00f3wili\u015bmy si\u0119 na transfer z hotelu. <\/p>\n\n\n\n<figure class=\"wp-block-image size-large\"><img fetchpriority=\"high\" decoding=\"async\" width=\"1024\" height=\"683\" src=\"http:\/\/bloganki.pl\/wp-content\/uploads\/2020\/02\/DSC03630-1024x683.jpg\" alt=\"\" class=\"wp-image-827\"\/><\/figure>\n\n\n\n<blockquote class=\"wp-block-quote is-layout-flow wp-block-quote-is-layout-flow\"><p>Jest wiele historii nawi\u0105zuj\u0105cych do greckiej mitologii m\u00f3wi\u0105cych o tym jak Symi uzyska\u0142a swoj\u0105 nazw\u0119. <\/p><p>Diodor Sycylijski twierdzi, \u017ce wyspa zosta\u0142a nazwana na cze\u015b\u0107 nimfy Syme, kt\u00f3ra o\u017ceni\u0142a si\u0119  z Bogiem m\u00f3rz Posejdonem. Urodzi\u0142a mu syna o imieniu Chtoniusz.<\/p><\/blockquote>\n\n\n\n<blockquote class=\"wp-block-quote is-layout-flow wp-block-quote-is-layout-flow\"><p>Eustathius kojarzy nazw\u0119 wyspy z  Syme c\u00f3rk\u0105 Lalyssos i Dotis, kt\u00f3ra uciek\u0142a z Bogiem Glaucusem. Osiedli\u0142a si\u0119 na tej wyspie. <\/p><\/blockquote>\n\n\n\n<blockquote class=\"wp-block-quote is-layout-flow wp-block-quote-is-layout-flow\"><p>Glaucus uwa\u017cany jest za pierwszego w\u0142adce Symi. Fascynowa\u0142 si\u0119  p\u0142ywaniem i budow\u0105 statk\u00f3w. Bra\u0142 udzia\u0142 przy budowie statku Argo, kt\u00f3ry wyruszy\u0142 do Kolchidy po z\u0142ote runo.<\/p><cite>* \u0179r\u00f3d\u0142o Broszura wydana przez Urz\u0105d Miasta Symi<\/cite><\/blockquote>\n\n\n\n<p style=\"font-size:17px\"> Po dw\u00f3ch godzinach rejsu, przed oczami ukaza\u0142y si\u0119 nam malownicze ma\u0142e domki, dos\u0142ownie wci\u015bni\u0119te w ska\u0142y. Obraz jak z poczt\u00f3wki.  <\/p>\n\n\n\n<figure class=\"wp-block-image size-large\"><img decoding=\"async\" width=\"1024\" height=\"683\" src=\"http:\/\/bloganki.pl\/wp-content\/uploads\/2020\/02\/DSC03658-1024x683.jpg\" alt=\"\" class=\"wp-image-831\"\/><figcaption> <strong>Symi<\/strong> <\/figcaption><\/figure>\n\n\n\n<blockquote class=\"wp-block-quote is-layout-flow wp-block-quote-is-layout-flow\"><p>W <a href=\"https:\/\/pl.wikipedia.org\/wiki\/Mitologia_grecka\">greckiej mitologii<\/a> Simi mia\u0142o by\u0107 miejscem narodzin <a href=\"https:\/\/pl.wikipedia.org\/wiki\/Charyty\">Charyt<\/a> a nazwa wyspy mia\u0142a pochodzi\u0107 od jednej z <a href=\"https:\/\/pl.wikipedia.org\/wiki\/Nimfy\">nimf<\/a> o imieniu Syme. W roku 411 p.n.e. w trakcie trwania <a href=\"https:\/\/pl.wikipedia.org\/wiki\/Wojna_peloponeska_(431%E2%80%93404_p.n.e.)\">wojny peloponeskiej<\/a> w okolicach Simi stoczona zosta\u0142a nierozstrzygni\u0119ta bitwa morska pomi\u0119dzy flotami <a href=\"https:\/\/pl.wikipedia.org\/wiki\/Sparta\">Sparty<\/a> oraz <a href=\"https:\/\/pl.wikipedia.org\/wiki\/Ateny\">Aten<\/a>. Ma\u0142o wiadomo o historii wyspy a\u017c do XIV wieku, jednak\u017ce archeolodzy odkryli na wyspie ruiny <a href=\"https:\/\/pl.wikipedia.org\/wiki\/Cytadela\">cytadel<\/a> oraz <a href=\"https:\/\/pl.wikipedia.org\/wiki\/Twierdza\">fortec<\/a>, co mo\u017ce \u015bwiadczy\u0107 o strategicznym znaczeniu wyspy ju\u017c za czas\u00f3w rzymskich poprzez czasy <a href=\"https:\/\/pl.wikipedia.org\/wiki\/Cesarstwo_Bizanty%C5%84skie\">bizantyjskie<\/a> a\u017c do przej\u0119cia wyspy przez <a href=\"https:\/\/pl.wikipedia.org\/wiki\/Zakon_Malta%C5%84ski\">joannit\u00f3w<\/a> w 1373 roku.<\/p><cite>* \u0179r\u00f3d\u0142o Wikipedia <\/cite><\/blockquote>\n\n\n\n<figure class=\"wp-block-image size-large\"><img decoding=\"async\" width=\"1024\" height=\"683\" src=\"http:\/\/bloganki.pl\/wp-content\/uploads\/2020\/02\/DSC03660-1024x683.jpg\" alt=\"\" class=\"wp-image-830\"\/><figcaption> <strong>Symi<\/strong> <\/figcaption><\/figure>\n\n\n\n<figure class=\"wp-block-image size-large\"><img loading=\"lazy\" decoding=\"async\" width=\"1024\" height=\"683\" src=\"http:\/\/bloganki.pl\/wp-content\/uploads\/2020\/02\/DSC03667-1024x683.jpg\" alt=\"\" class=\"wp-image-832\"\/><figcaption> <strong>Symi<\/strong> <\/figcaption><\/figure>\n\n\n\n<figure class=\"wp-block-image size-large\"><img loading=\"lazy\" decoding=\"async\" width=\"1024\" height=\"683\" src=\"http:\/\/bloganki.pl\/wp-content\/uploads\/2020\/02\/DSC03685-1-1024x683.jpg\" alt=\"\" class=\"wp-image-835\"\/><figcaption> <strong>Symi<\/strong> <\/figcaption><\/figure>\n\n\n\n<figure class=\"wp-block-image size-full\"><img decoding=\"async\" src=\"https:\/\/bloganki.pl\/wp-content\/uploads\/2020\/02\/DSC03723-scaled.jpg\" alt=\"\" class=\"wp-image-833\"\/><figcaption> <strong>Symi<\/strong> <\/figcaption><\/figure>\n\n\n\n<p style=\"font-size:17px\">M\u00f3wi si\u0119, \u017ce w czasach gdy w ca\u0142ej Grecji wyburzano malownicze stare domy i zast\u0119powano je  betonowymi budynkami, mieszka\u0144cy Symi odnawiali stare budynki i wznosili nowe. Dzi\u0119ki temu wyspa uchodzi za jedn\u0105 z najpi\u0119kniejszych wysp egejskich.<\/p>\n\n\n\n<p style=\"font-size:17px\">Kiedy\u015b mieszka\u0144cy \u017cyli z po\u0142owu g\u0105bek, teraz sprzedaj\u0105 importowane.<\/p>\n\n\n\n<p style=\"font-size:17px\"> Ja kupi\u0142am sobie aromatyczne zio\u0142a.  Na wyspie jest bardzo ciep\u0142o, momentami  dokucza upa\u0142, a to wszystko z powodu braku cienia. To w\u0142a\u015bnie s\u0142o\u0144ce sprawia, \u017ce rosn\u0105ce tu zio\u0142a maj\u0105 ca\u0142kiem inny zapach.<\/p>\n\n\n\n<figure class=\"wp-block-image size-full\"><img decoding=\"async\" src=\"https:\/\/bloganki.pl\/wp-content\/uploads\/2020\/02\/DSC03739-scaled.jpg\" alt=\"\" class=\"wp-image-843\"\/><figcaption><strong>Symi<\/strong><\/figcaption><\/figure>\n\n\n\n<figure class=\"wp-block-image size-full\"><img decoding=\"async\" src=\"https:\/\/bloganki.pl\/wp-content\/uploads\/2020\/02\/DSC03741-scaled.jpg\" alt=\"\" class=\"wp-image-844\"\/><figcaption> <strong>Symi<\/strong> <\/figcaption><\/figure>\n\n\n\n<figure class=\"wp-block-image size-large\"><img loading=\"lazy\" decoding=\"async\" width=\"1024\" height=\"683\" src=\"http:\/\/bloganki.pl\/wp-content\/uploads\/2020\/02\/DSC03756-1024x683.jpg\" alt=\"\" class=\"wp-image-845\"\/><figcaption> <strong>Symi<\/strong> <\/figcaption><\/figure>\n\n\n\n<p style=\"font-size:17px\">Urokliwe w\u0105skie uliczki, ma\u0142e kolorowe domki robi\u0105 naprawd\u0119 niesamowite wra\u017cenie. Same wypicie kawy w takim miejscu sprawia, \u017ce cz\u0142owiek jest szcz\u0119\u015bliwy. <\/p>\n\n\n\n<p style=\"font-size:17px\">W kwietniu trafili\u015bmy do tego na bardzo  \u0142adn\u0105 pogoda, \u015bwieci\u0142o s\u0142o\u0144ce i by\u0142o bardzo ciep\u0142o, a upa\u0142 nie by\u0142 jeszcze tak dokuczliwy. Idealne warunki do zwiedzania.<\/p>\n\n\n\n<figure class=\"wp-block-image size-full\"><img decoding=\"async\" src=\"https:\/\/bloganki.pl\/wp-content\/uploads\/2020\/02\/DSC03753-2-scaled.jpg\" alt=\"\" class=\"wp-image-853\"\/><figcaption> <strong>Symi<\/strong> <\/figcaption><\/figure>\n\n\n\n<figure class=\"wp-block-image size-large\"><img loading=\"lazy\" decoding=\"async\" width=\"1024\" height=\"683\" src=\"http:\/\/bloganki.pl\/wp-content\/uploads\/2020\/02\/DSC03764-1024x683.jpg\" alt=\"\" class=\"wp-image-847\"\/><figcaption> <strong>Symi<\/strong> <\/figcaption><\/figure>\n\n\n\n<figure class=\"wp-block-image size-full\"><img decoding=\"async\" src=\"https:\/\/bloganki.pl\/wp-content\/uploads\/2020\/02\/DSC03766-scaled.jpg\" alt=\"\" class=\"wp-image-849\"\/><figcaption> <strong>Symi<\/strong> <\/figcaption><\/figure>\n\n\n\n<figure class=\"wp-block-image size-large\"><img loading=\"lazy\" decoding=\"async\" width=\"1024\" height=\"683\" src=\"http:\/\/bloganki.pl\/wp-content\/uploads\/2020\/02\/DSC03775-1024x683.jpg\" alt=\"\" class=\"wp-image-850\"\/><figcaption> <strong>Symi<\/strong> <\/figcaption><\/figure>\n","protected":false},"excerpt":{"rendered":"<p>Na wyspie Rodos byli\u015bmy pod koniec kwietnia, przywita\u0142a Nas ulewa. Pami\u0119tam deszcz tak la\u0142, \u017ce po 10 minutach mia\u0142am wod\u0119 po kostki. Tak sobie pomy\u015bla\u0142am, nie\u017ale si\u0119 zapowiada. Mieszkali\u015bmy w Stolicy , g\u0142\u00f3wnie ze wzgl\u0119du na przepi\u0119kn\u0105 star\u00f3wk\u0119. W tym okresie panowa\u0142a jeszcze \u015bwi\u0105teczna atmosfera Prawos\u0142awni przygotowywali si\u0119 w\u0142asnie do \u015awi\u0105t Wielkanocnych. Oni obchodz\u0105 \u015awi\u0119ta Wielkanocne troch\u0119 inaczej ni\u017c u Nas, ale to w oddzielnym wpisie. Zdradz\u0119 tylko, \u017ce wsz\u0119dzie by\u0142o mn\u00f3stwo kwiat\u00f3w. W planach mieli\u015bmy rejs na wysp\u0119 Symi. Le\u017cy ona najbli\u017cej wyspy Rodos. Bilety kupili\u015bmy bez problemu w porcie, wysz\u0142y o wiele taniej ni\u017c oferowali rezydenci w hotelu. Wcze\u015bniej um\u00f3wili\u015bmy si\u0119 na transfer z hotelu. Jest wiele historii nawi\u0105zuj\u0105cych do greckiej mitologii m\u00f3wi\u0105cych o tym jak Symi uzyska\u0142a swoj\u0105 nazw\u0119. Diodor Sycylijski twierdzi, \u017ce wyspa zosta\u0142a nazwana na cze\u015b\u0107 nimfy Syme, kt\u00f3ra o\u017ceni\u0142a si\u0119 z Bogiem m\u00f3rz Posejdonem. Urodzi\u0142a mu syna o imieniu Chtoniusz. Eustathius kojarzy nazw\u0119 wyspy z Syme c\u00f3rk\u0105 Lalyssos i Dotis, kt\u00f3ra uciek\u0142a z Bogiem Glaucusem. Osiedli\u0142a si\u0119 na tej wyspie. Glaucus uwa\u017cany jest za pierwszego w\u0142adce Symi. Fascynowa\u0142 si\u0119 p\u0142ywaniem i budow\u0105 statk\u00f3w. Bra\u0142 udzia\u0142 przy budowie statku Argo, kt\u00f3ry wyruszy\u0142 do Kolchidy po z\u0142ote runo. * \u0179r\u00f3d\u0142o Broszura wydana przez Urz\u0105d Miasta Symi Po dw\u00f3ch godzinach rejsu, przed oczami ukaza\u0142y si\u0119 nam malownicze ma\u0142e domki, dos\u0142ownie wci\u015bni\u0119te w ska\u0142y. Obraz jak z poczt\u00f3wki. W greckiej mitologii Simi mia\u0142o by\u0107 miejscem narodzin Charyt a nazwa wyspy mia\u0142a pochodzi\u0107 od jednej z nimf o imieniu Syme. W roku 411 p.n.e. w trakcie trwania wojny peloponeskiej w okolicach Simi stoczona zosta\u0142a nierozstrzygni\u0119ta bitwa morska pomi\u0119dzy flotami Sparty oraz Aten. Ma\u0142o wiadomo o historii wyspy a\u017c do XIV wieku, jednak\u017ce archeolodzy odkryli na wyspie ruiny cytadel oraz fortec, co mo\u017ce \u015bwiadczy\u0107 o strategicznym znaczeniu wyspy ju\u017c za czas\u00f3w rzymskich poprzez czasy bizantyjskie a\u017c do przej\u0119cia wyspy przez joannit\u00f3w w 1373 roku. * \u0179r\u00f3d\u0142o Wikipedia M\u00f3wi si\u0119, \u017ce w czasach gdy w ca\u0142ej Grecji wyburzano malownicze stare domy i zast\u0119powano je betonowymi budynkami, mieszka\u0144cy Symi odnawiali stare budynki i wznosili nowe. Dzi\u0119ki temu wyspa uchodzi za jedn\u0105 z najpi\u0119kniejszych wysp egejskich. Kiedy\u015b mieszka\u0144cy \u017cyli z po\u0142owu g\u0105bek, teraz sprzedaj\u0105 importowane. Ja kupi\u0142am sobie aromatyczne zio\u0142a. Na wyspie jest bardzo ciep\u0142o, momentami dokucza upa\u0142, a to wszystko z powodu braku cienia. To w\u0142a\u015bnie s\u0142o\u0144ce sprawia, \u017ce rosn\u0105ce tu zio\u0142a maj\u0105 ca\u0142kiem inny zapach. Urokliwe w\u0105skie uliczki, ma\u0142e kolorowe domki robi\u0105 naprawd\u0119 niesamowite wra\u017cenie. Same wypicie kawy w takim miejscu sprawia, \u017ce cz\u0142owiek jest szcz\u0119\u015bliwy. W kwietniu trafili\u015bmy do tego na bardzo \u0142adn\u0105 pogoda, \u015bwieci\u0142o s\u0142o\u0144ce i by\u0142o bardzo ciep\u0142o, a upa\u0142 nie by\u0142 jeszcze tak dokuczliwy. Idealne warunki do zwiedzania.<\/p>\n","protected":false},"author":3,"featured_media":826,"comment_status":"open","ping_status":"open","sticky":false,"template":"","format":"standard","meta":{"_monsterinsights_skip_tracking":false,"_monsterinsights_sitenote_active":false,"_monsterinsights_sitenote_note":"","_monsterinsights_sitenote_category":0,"footnotes":""},"categories":[17,19,165],"tags":[100,99,98],"class_list":["post-824","post","type-post","status-publish","format-standard","has-post-thumbnail","hentry","category-europa","category-grecja-europa","category-symi","tag-grecja","tag-simi","tag-symi"],"aioseo_notices":[],"acf":[],"_links":{"self":[{"href":"https:\/\/bloganki.pl\/index.php\/wp-json\/wp\/v2\/posts\/824","targetHints":{"allow":["GET"]}}],"collection":[{"href":"https:\/\/bloganki.pl\/index.php\/wp-json\/wp\/v2\/posts"}],"about":[{"href":"https:\/\/bloganki.pl\/index.php\/wp-json\/wp\/v2\/types\/post"}],"author":[{"embeddable":true,"href":"https:\/\/bloganki.pl\/index.php\/wp-json\/wp\/v2\/users\/3"}],"replies":[{"embeddable":true,"href":"https:\/\/bloganki.pl\/index.php\/wp-json\/wp\/v2\/comments?post=824"}],"version-history":[{"count":18,"href":"https:\/\/bloganki.pl\/index.php\/wp-json\/wp\/v2\/posts\/824\/revisions"}],"predecessor-version":[{"id":3373,"href":"https:\/\/bloganki.pl\/index.php\/wp-json\/wp\/v2\/posts\/824\/revisions\/3373"}],"wp:featuredmedia":[{"embeddable":true,"href":"https:\/\/bloganki.pl\/index.php\/wp-json\/wp\/v2\/media\/826"}],"wp:attachment":[{"href":"https:\/\/bloganki.pl\/index.php\/wp-json\/wp\/v2\/media?parent=824"}],"wp:term":[{"taxonomy":"category","embeddable":true,"href":"https:\/\/bloganki.pl\/index.php\/wp-json\/wp\/v2\/categories?post=824"},{"taxonomy":"post_tag","embeddable":true,"href":"https:\/\/bloganki.pl\/index.php\/wp-json\/wp\/v2\/tags?post=824"}],"curies":[{"name":"wp","href":"https:\/\/api.w.org\/{rel}","templated":true}]}}